{"id":471495,"date":"2023-09-13T00:05:48","date_gmt":"2023-09-13T04:05:48","guid":{"rendered":"http:\/\/diariodominicano.com\/?p=471495"},"modified":"2023-09-13T00:07:53","modified_gmt":"2023-09-13T04:07:53","slug":"medicos-se-reunen-para-buscar-soluciones-ante-el-alarmante-crecimiento-de-la-obesidad-en-centroamerica-y-el-caribe","status":"publish","type":"post","link":"https:\/\/diariodominicano.com\/?p=471495","title":{"rendered":"M\u00e9dicos se re\u00fanen para buscar soluciones ante el alarmante crecimiento de la obesidad en Centroam\u00e9rica y el Caribe"},"content":{"rendered":"\n<p>&nbsp;Esta se ha convertido en un factor de riesgo clave para el aumento de la diabetes en la regi\u00f3n, con datos preocupantes sobre su prevalencia y costos asociados.<\/p>\n\n\n\n<p><strong>Santo Domingo, Setiembre 2023.<\/strong>&nbsp;La obesidad se define como una afecci\u00f3n compleja caracterizada por un exceso de grasa corporal. Esta no solo afecta la apariencia f\u00edsica, sino que tambi\u00e9n conlleva riesgos m\u00e9dicos, como enfermedades card\u00edacas, hipertensi\u00f3n y ciertos tipos de c\u00e1ncer<a href=\"https:\/\/mail.google.com\/mail\/u\/0\/#m_6753762358769553696__ftn1\"><sup>[1]<\/sup><\/a>.<\/p>\n\n\n\n<p>Se prev\u00e9 que el sobrepeso y la obesidad generen un costo global de 4 billones de d\u00f3lares para el a\u00f1o 2035, equivalente al 3% de la producci\u00f3n mundial<a href=\"https:\/\/mail.google.com\/mail\/u\/0\/#m_6753762358769553696__ftn2\"><sup>[2]<\/sup><\/a>.<\/p>\n\n\n\n<p>En&nbsp;<strong>Centroam\u00e9rica<\/strong>&nbsp;y el&nbsp;<strong>Caribe<\/strong>, la prevalencia de la obesidad en adultos var\u00eda entre un 39% y un 51%. La obesidad es uno de los principales factores de riesgo para desarrollar diabetes<a href=\"https:\/\/mail.google.com\/mail\/u\/0\/#m_6753762358769553696__ftn3\"><sup>[3]<\/sup><\/a>&nbsp;y esta puede interferir en la forma en que el cuerpo utiliza la insulina para controlar los niveles de glucosa en la sangre, lo que aumenta el riesgo de resistencia a la insulina y diabetes<a href=\"https:\/\/mail.google.com\/mail\/u\/0\/#m_6753762358769553696__ftn4\"><sup>[4]<\/sup><\/a>.<\/p>\n\n\n\n<p>Seg\u00fan la Federaci\u00f3n Internacional de la Diabetes, aproximadamente uno de cada diez adultos (de 20 a 79 a\u00f1os) padece diabetes. Adem\u00e1s, esta enfermedad es responsable de 6.7 millones de muertes al a\u00f1o. En 2021, se estim\u00f3 que la prevalencia en Centroam\u00e9rica oscilaba entre el 7% y m\u00e1s del 12%<a href=\"https:\/\/mail.google.com\/mail\/u\/0\/#m_6753762358769553696__ftn5\"><sup>[5]<\/sup><\/a>.<\/p>\n\n\n\n<figure class=\"wp-block-image size-large\"><img loading=\"lazy\" decoding=\"async\" width=\"1024\" height=\"683\" src=\"https:\/\/diariodominicano.com\/wp-content\/uploads\/2023\/09\/Diabetes-Summit-2-1024x683.jpg\" alt=\"\" class=\"wp-image-471503\" srcset=\"https:\/\/diariodominicano.com\/wp-content\/uploads\/2023\/09\/Diabetes-Summit-2-1024x683.jpg 1024w, https:\/\/diariodominicano.com\/wp-content\/uploads\/2023\/09\/Diabetes-Summit-2-300x200.jpg 300w, https:\/\/diariodominicano.com\/wp-content\/uploads\/2023\/09\/Diabetes-Summit-2-768x512.jpg 768w, https:\/\/diariodominicano.com\/wp-content\/uploads\/2023\/09\/Diabetes-Summit-2-1536x1024.jpg 1536w, https:\/\/diariodominicano.com\/wp-content\/uploads\/2023\/09\/Diabetes-Summit-2-2048x1365.jpg 2048w, https:\/\/diariodominicano.com\/wp-content\/uploads\/2023\/09\/Diabetes-Summit-2-816x544.jpg 816w\" sizes=\"auto, (max-width: 1024px) 100vw, 1024px\" \/><\/figure>\n\n\n\n<p>Ante esta gran problem\u00e1tica, un grupo de expertos se reuni\u00f3 en el&nbsp;<strong>Summit: \u201cM\u00e1s all\u00e1 de la obesidad, diabetes, hiperlipidemias\u2026\u201d;&nbsp;<\/strong>un evento organizado por&nbsp;<strong>Asofarma&nbsp;<\/strong>(Grupo Adium). El objetivo del evento era explorar posibles soluciones y ofrecer apoyo a los pacientes, con la participaci\u00f3n de diversos especialistas de la regi\u00f3n, los cuales trataron t\u00f3picos como: principios b\u00e1sicos de la atenci\u00f3n a la obesidad,&nbsp;regulaci\u00f3n del apetito y el entorno obesog\u00e9nico en la obesidad; diabetes y obesidad en la poblaci\u00f3n latina, aspectos psicol\u00f3gicos del tratamiento de la obesidad, primera generaci\u00f3n de medicamentos para la p\u00e9rdida de peso\u2026 entre otros.<\/p>\n\n\n\n<p>Dentro de las conclusiones alcanzadas en estos tres d\u00edas, destaca el reconocimiento de que la obesidad es un problema de salud significativo en Centroam\u00e9rica y el Caribe, que refleja la disparidad de la regi\u00f3n.<\/p>\n\n\n\n<p>\u201cEl tratamiento de la obesidad requiere un enfoque multidisciplinario e integral, involucrando a varios especialistas que se centren en la dieta, el ejercicio y la gesti\u00f3n no solo de la obesidad como enfermedad cr\u00f3nica, sino tambi\u00e9n de las comorbilidades, para lograr el \u00e9xito a largo plazo\u00bb, afirm\u00f3 el Dr. Alejandro Salvatierra, Gerente M\u00e9dico de Diabetes, Obesidad, Urolog\u00eda y Osteoporosis de Asofarma.<\/p>\n\n\n\n<p>El costo de la obesidad y sus consecuencias es un problema en constante crecimiento, que en la actualidad no est\u00e1 cubierto por la mayor\u00eda de los seguros y sistemas de salud, los cuales tienden a centrarse en las consecuencias.<\/p>\n\n\n\n<p>Es m\u00e1s coste-efectivo abordar la obesidad tempranamente y prevenir el desarrollo de comorbilidades. De acuerdo con Salvatierra, a pesar de contar con nuevos f\u00e1rmacos que son necesarios para el manejo de la obesidad, estos tienen diferentes mecanismos de acci\u00f3n y beneficios, por lo que deben ser prescritos y dosificados por un profesional de la salud con formaci\u00f3n en el manejo de la obesidad\u00bb.<\/p>\n\n\n\n<p>El&nbsp;<strong>Summit: \u201cM\u00e1s all\u00e1 de la obesidad, diabetes, hiperlipidemias\u2026\u201d;<\/strong>&nbsp;represent\u00f3 una oportunidad \u00fanica para el intercambio de conocimientos y la actualizaci\u00f3n m\u00e9dica continua, consolidando a&nbsp;<strong>Asofarma<\/strong>&nbsp;como un aliado clave en la mejora de la atenci\u00f3n m\u00e9dica y la calidad de vida de los pacientes, especialmente para aquellos que tienen obesidad, diabetes o bien, que tengan antecedentes familiares.<\/p>\n\n\n\n<hr class=\"wp-block-separator\"\/>\n\n\n\n<p><a href=\"https:\/\/mail.google.com\/mail\/u\/0\/#m_6753762358769553696__ftnref1\"><sup>[1]<\/sup><\/a>&nbsp;Obesidad S\u00edntomas y causas. Mayo Clinic. Disponible en:&nbsp;&nbsp;<a href=\"https:\/\/www.mayoclinic.org\/es\/diseases-conditions\/obesity\/symptoms-causes\/syc-20375742\" target=\"_blank\" rel=\"noreferrer noopener\">https:\/\/www.mayoclinic.org\/es\/diseases-conditions\/obesity\/symptoms-causes\/syc-20375742<\/a>&nbsp;Consultado el 4\/9\/23<\/p>\n\n\n\n<p><a href=\"https:\/\/mail.google.com\/mail\/u\/0\/#m_6753762358769553696__ftnref2\"><sup>[2]<\/sup><\/a>&nbsp;World Obesity Atlas 2023 5<sup>th<\/sup>&nbsp;edition.&nbsp;Disponible en&nbsp;<a href=\"https:\/\/s3-eu-west-1.amazonaws.com\/wof-files\/World_Obesity_Atlas_2023_Report.pdf\" target=\"_blank\" rel=\"noreferrer noopener\">https:\/\/s3-eu-west-1.amazonaws.com\/wof-files\/World_Obesity_Atlas_2023_Report.pdf<\/a>&nbsp;Consultado el 4\/9\/2023<\/p>\n\n\n\n<p><a href=\"https:\/\/mail.google.com\/mail\/u\/0\/#m_6753762358769553696__ftnref3\"><sup>[3]<\/sup><\/a>La obesidad es uno de los principales impulsores de la diabetes. Disponible en:&nbsp;<a href=\"https:\/\/www.paho.org\/es\/noticias\/10-11-2017-obesidad-uno-principales-impulsores-diabetes\" target=\"_blank\" rel=\"noreferrer noopener\">https:\/\/www.paho.org\/es\/noticias\/10-11-2017-obesidad-uno-principales-impulsores-diabetes<\/a>&nbsp; Consultado el 4\/9\/23<\/p>\n\n\n\n<p><a href=\"https:\/\/mail.google.com\/mail\/u\/0\/#m_6753762358769553696__ftnref4\"><sup>[4]<\/sup><\/a>&nbsp;World Obesity Atlas 2023 5<sup>th<\/sup>&nbsp;edition.&nbsp;Disponible en&nbsp;<a href=\"https:\/\/s3-eu-west-1.amazonaws.com\/wof-files\/World_Obesity_Atlas_2023_Report.pdf\" target=\"_blank\" rel=\"noreferrer noopener\">https:\/\/s3-eu-west-1.amazonaws.com\/wof-files\/World_Obesity_Atlas_2023_Report.pdf<\/a>&nbsp;Consultado el 4\/9\/2023<\/p>\n\n\n\n<p><a href=\"https:\/\/mail.google.com\/mail\/u\/0\/#m_6753762358769553696__ftnref5\"><sup>[5]<\/sup><\/a>&nbsp;IDF Diabetes Atlas 2021 10th edition.&nbsp;Disponible en:&nbsp;<a href=\"http:\/\/www.idf.org\/\" target=\"_blank\" rel=\"noreferrer noopener\">www.idf.org<\/a>.&nbsp;Consultado el 4\/9\/23<\/p>\n\n\n\n<p>Ambar Pichardo<a target=\"_blank\" href=\"mailto:ambar.pichardo@caribbeanpn.com\" rel=\"noreferrer noopener\">ambar.pichardo@caribbeanpn.com<\/a><\/p>\n","protected":false},"excerpt":{"rendered":"<p>&nbsp;Esta se ha convertido en un factor de riesgo clave para el aumento de la diabetes en la regi\u00f3n, con datos preocupantes sobre su prevalencia y costos asociados. Santo Domingo, Setiembre 2023.&nbsp;La obesidad se define como una afecci\u00f3n compleja caracterizada por un exceso de grasa corporal. Esta no solo afecta la apariencia f\u00edsica, sino que [&hellip;]<\/p>\n","protected":false},"author":28,"featured_media":471496,"comment_status":"closed","ping_status":"","sticky":false,"template":"","format":"standard","meta":{"footnotes":""},"categories":[36,25,32],"tags":[],"class_list":["post-471495","post","type-post","status-publish","format-standard","has-post-thumbnail","hentry","category-hombresmujeresycosas","category-gente","category-turismo"],"_links":{"self":[{"href":"https:\/\/diariodominicano.com\/index.php?rest_route=\/wp\/v2\/posts\/471495","targetHints":{"allow":["GET"]}}],"collection":[{"href":"https:\/\/diariodominicano.com\/index.php?rest_route=\/wp\/v2\/posts"}],"about":[{"href":"https:\/\/diariodominicano.com\/index.php?rest_route=\/wp\/v2\/types\/post"}],"author":[{"embeddable":true,"href":"https:\/\/diariodominicano.com\/index.php?rest_route=\/wp\/v2\/users\/28"}],"replies":[{"embeddable":true,"href":"https:\/\/diariodominicano.com\/index.php?rest_route=%2Fwp%2Fv2%2Fcomments&post=471495"}],"version-history":[{"count":3,"href":"https:\/\/diariodominicano.com\/index.php?rest_route=\/wp\/v2\/posts\/471495\/revisions"}],"predecessor-version":[{"id":471504,"href":"https:\/\/diariodominicano.com\/index.php?rest_route=\/wp\/v2\/posts\/471495\/revisions\/471504"}],"wp:featuredmedia":[{"embeddable":true,"href":"https:\/\/diariodominicano.com\/index.php?rest_route=\/wp\/v2\/media\/471496"}],"wp:attachment":[{"href":"https:\/\/diariodominicano.com\/index.php?rest_route=%2Fwp%2Fv2%2Fmedia&parent=471495"}],"wp:term":[{"taxonomy":"category","embeddable":true,"href":"https:\/\/diariodominicano.com\/index.php?rest_route=%2Fwp%2Fv2%2Fcategories&post=471495"},{"taxonomy":"post_tag","embeddable":true,"href":"https:\/\/diariodominicano.com\/index.php?rest_route=%2Fwp%2Fv2%2Ftags&post=471495"}],"curies":[{"name":"wp","href":"https:\/\/api.w.org\/{rel}","templated":true}]}}