{"id":471458,"date":"2023-09-12T23:29:05","date_gmt":"2023-09-13T03:29:05","guid":{"rendered":"http:\/\/diariodominicano.com\/?p=471458"},"modified":"2023-09-12T23:31:52","modified_gmt":"2023-09-13T03:31:52","slug":"la-dgspc-informa-privado-de-libertad-julio-cesar-llorente-no-se-encuentra-aislado-e-informa-que-esta-resguardado-por-seguridad","status":"publish","type":"post","link":"https:\/\/diariodominicano.com\/?p=471458","title":{"rendered":"La DGSPC: privado de libertad Julio C\u00e9sar Llorente no se encuentra aislado e informa que est\u00e1 resguardado por seguridad"},"content":{"rendered":"\n<p> Archivo: Julio C\u00e9sar Llorente L\u00f3pez tras su detenci\u00f3n.<\/p>\n\n\n\n<p>SANTO DOMINGO, Rep\u00fablica Dominicana.- La Direcci\u00f3n General de Servicios Penitenciarios y Correccionales (DGSPC) inform\u00f3 este martes que el privado de libertad Julio C\u00e9sar Llorente L\u00f3pez, de nacionalidad cubana, quien fue detenido el pasado mes por agredir a un agente de la Direcci\u00f3n General de Seguridad de Tr\u00e1nsito y Transporte Terrestre (Digesett), se encuentra recluido en un pabell\u00f3n de control, \u00a0del centro de Najayo Hombres, solo para resguardo de su seguridad.<\/p>\n\n\n\n<p>La instituci\u00f3n precis\u00f3 que el privado de libertad no se encuentra actualmente aislado, como se ha denunciado. La DGSPC revel\u00f3 que Llorente L\u00f3pez se encuentra en la fase de observaci\u00f3n penitenciaria, periodo en el cual las visitas son controladas, sin embargo, indic\u00f3 que no hay limitaciones para que sus familiares lo puedan ver.<\/p>\n\n\n\n<p>En ese sentido, Jos\u00e9 F\u00e9lix Pichardo, director del CCR XX Najayo Hombres, de San Crist\u00f3bal, inform\u00f3 que el privado de libertad ofreci\u00f3 a las autoridades del centro un listado de las personas que quiere que lo visiten y que ser\u00e1 a partir de este jueves que se iniciar\u00e1 el protocolo para que el imputado pueda recibirlas.&nbsp;<\/p>\n\n\n\n<p>Julio C\u00e9sar Llorente cumple la medida de coerci\u00f3n de tres meses de prisi\u00f3n preventiva desde el pasado 16 de agosto en el Centro de Correcci\u00f3n y Rehabilitaci\u00f3n Najayo Hombres, en la provincia de San Crist\u00f3bal.<\/p>\n\n\n\n<p><strong>Direcci\u00f3n General de Comunicaci\u00f3n, Prensa, y RRPP<\/strong><strong><\/strong><\/p>\n\n\n\n<p>Ministerio P\u00fablico.&nbsp;R.D.<\/p>\n\n\n\n<p>Martes, 12 de septiembre de 2023.<\/p>\n","protected":false},"excerpt":{"rendered":"<p>Archivo: Julio C\u00e9sar Llorente L\u00f3pez tras su detenci\u00f3n. SANTO DOMINGO, Rep\u00fablica Dominicana.- La Direcci\u00f3n General de Servicios Penitenciarios y Correccionales (DGSPC) inform\u00f3 este martes que el privado de libertad Julio C\u00e9sar Llorente L\u00f3pez, de nacionalidad cubana, quien fue detenido el pasado mes por agredir a un agente de la Direcci\u00f3n General de Seguridad de Tr\u00e1nsito [&hellip;]<\/p>\n","protected":false},"author":28,"featured_media":463013,"comment_status":"closed","ping_status":"","sticky":true,"template":"","format":"standard","meta":{"footnotes":""},"categories":[24,29,27],"tags":[],"class_list":["post-471458","post","type-post","status-publish","format-standard","has-post-thumbnail","hentry","category-justicia-y-derecho","category-policiasucesos","category-portada"],"_links":{"self":[{"href":"https:\/\/diariodominicano.com\/index.php?rest_route=\/wp\/v2\/posts\/471458","targetHints":{"allow":["GET"]}}],"collection":[{"href":"https:\/\/diariodominicano.com\/index.php?rest_route=\/wp\/v2\/posts"}],"about":[{"href":"https:\/\/diariodominicano.com\/index.php?rest_route=\/wp\/v2\/types\/post"}],"author":[{"embeddable":true,"href":"https:\/\/diariodominicano.com\/index.php?rest_route=\/wp\/v2\/users\/28"}],"replies":[{"embeddable":true,"href":"https:\/\/diariodominicano.com\/index.php?rest_route=%2Fwp%2Fv2%2Fcomments&post=471458"}],"version-history":[{"count":4,"href":"https:\/\/diariodominicano.com\/index.php?rest_route=\/wp\/v2\/posts\/471458\/revisions"}],"predecessor-version":[{"id":471462,"href":"https:\/\/diariodominicano.com\/index.php?rest_route=\/wp\/v2\/posts\/471458\/revisions\/471462"}],"wp:featuredmedia":[{"embeddable":true,"href":"https:\/\/diariodominicano.com\/index.php?rest_route=\/wp\/v2\/media\/463013"}],"wp:attachment":[{"href":"https:\/\/diariodominicano.com\/index.php?rest_route=%2Fwp%2Fv2%2Fmedia&parent=471458"}],"wp:term":[{"taxonomy":"category","embeddable":true,"href":"https:\/\/diariodominicano.com\/index.php?rest_route=%2Fwp%2Fv2%2Fcategories&post=471458"},{"taxonomy":"post_tag","embeddable":true,"href":"https:\/\/diariodominicano.com\/index.php?rest_route=%2Fwp%2Fv2%2Ftags&post=471458"}],"curies":[{"name":"wp","href":"https:\/\/api.w.org\/{rel}","templated":true}]}}