{"id":471417,"date":"2023-09-12T22:04:49","date_gmt":"2023-09-13T02:04:49","guid":{"rendered":"http:\/\/diariodominicano.com\/?p=471417"},"modified":"2023-09-12T22:06:11","modified_gmt":"2023-09-13T02:06:11","slug":"convocan-a-marcha-contra-violencia-en-haiti","status":"publish","type":"post","link":"https:\/\/diariodominicano.com\/?p=471417","title":{"rendered":"Convocan a marcha contra violencia en Hait\u00ed"},"content":{"rendered":"\n<p>Puerto Pr\u00edncipe, 12 sep (Prensa Latina) El partido Comprometidos con el Desarrollo convoc\u00f3 hoy a una manifestaci\u00f3n el pr\u00f3ximo domingo en solidaridad con las v\u00edctimas de la violencia de las pandillas en la capital de Hait\u00ed.&nbsp;&nbsp;&nbsp;&nbsp;<\/p>\n\n\n\n<ul class=\"wp-block-list\"><li>septiembre 12, 2023<\/li><li>CDT17:29 (GMT) -0400<\/li><\/ul>\n\n\n\n<p>El partido pol\u00edtico EDE, junto con otras organizaciones del sector de la vida nacional, decidi\u00f3 lanzar una marcha pac\u00edfica el domingo 17 de septiembre en se\u00f1al de solidaridad con la poblaci\u00f3n de Carrefour-Feuilles, Tabarre, Canaan, Bon Repos, Pernier, y otras zonas donde los compatriotas sufren actos de violencia, escribi\u00f3 la organizaci\u00f3n en un comunicado.<\/p>\n\n\n\n<p>La plataforma fundada por el ex primer ministro interino y excanciller Claude Joseph critic\u00f3 la supuesta negligencia de las autoridades ante el deterioro del clima de paz, y deplor\u00f3, asimismo, los secuestros y la crisis econ\u00f3mica.<\/p>\n\n\n\n<p>\u201cMarcharemos para decir no a la irresponsabilidad, a los actos de secuestro y a decir s\u00ed a la solidaridad con las v\u00edctimas de la violencia de las pandillas\u201d, indic\u00f3 la emergente estructura pol\u00edtica.<\/p>\n\n\n\n<p>Asegur\u00f3 que la mayor violencia que vive actualmente el pueblo haitiano es el desprecio y el abandono del primer ministro Ariel Henry, asegur\u00f3 EDE y critic\u00f3 que el jefe de gobierno no se pronunci\u00f3 a favor de la poblaci\u00f3n de Carrefour-Feuilles que sufre el asedio de los grupos armados y de donde huyeron m\u00e1s de 10 mil personas desde inicios de agosto.<\/p>\n\n\n\n<p>rgh\/ane<\/p>\n","protected":false},"excerpt":{"rendered":"<p>Puerto Pr\u00edncipe, 12 sep (Prensa Latina) El partido Comprometidos con el Desarrollo convoc\u00f3 hoy a una manifestaci\u00f3n el pr\u00f3ximo domingo en solidaridad con las v\u00edctimas de la violencia de las pandillas en la capital de Hait\u00ed.&nbsp;&nbsp;&nbsp;&nbsp; septiembre 12, 2023 CDT17:29 (GMT) -0400 El partido pol\u00edtico EDE, junto con otras organizaciones del sector de la vida [&hellip;]<\/p>\n","protected":false},"author":28,"featured_media":0,"comment_status":"closed","ping_status":"","sticky":false,"template":"","format":"standard","meta":{"footnotes":""},"categories":[112,23],"tags":[],"class_list":["post-471417","post","type-post","status-publish","format-standard","hentry","category-haiti","category-internacional"],"_links":{"self":[{"href":"https:\/\/diariodominicano.com\/index.php?rest_route=\/wp\/v2\/posts\/471417","targetHints":{"allow":["GET"]}}],"collection":[{"href":"https:\/\/diariodominicano.com\/index.php?rest_route=\/wp\/v2\/posts"}],"about":[{"href":"https:\/\/diariodominicano.com\/index.php?rest_route=\/wp\/v2\/types\/post"}],"author":[{"embeddable":true,"href":"https:\/\/diariodominicano.com\/index.php?rest_route=\/wp\/v2\/users\/28"}],"replies":[{"embeddable":true,"href":"https:\/\/diariodominicano.com\/index.php?rest_route=%2Fwp%2Fv2%2Fcomments&post=471417"}],"version-history":[{"count":1,"href":"https:\/\/diariodominicano.com\/index.php?rest_route=\/wp\/v2\/posts\/471417\/revisions"}],"predecessor-version":[{"id":471418,"href":"https:\/\/diariodominicano.com\/index.php?rest_route=\/wp\/v2\/posts\/471417\/revisions\/471418"}],"wp:attachment":[{"href":"https:\/\/diariodominicano.com\/index.php?rest_route=%2Fwp%2Fv2%2Fmedia&parent=471417"}],"wp:term":[{"taxonomy":"category","embeddable":true,"href":"https:\/\/diariodominicano.com\/index.php?rest_route=%2Fwp%2Fv2%2Fcategories&post=471417"},{"taxonomy":"post_tag","embeddable":true,"href":"https:\/\/diariodominicano.com\/index.php?rest_route=%2Fwp%2Fv2%2Ftags&post=471417"}],"curies":[{"name":"wp","href":"https:\/\/api.w.org\/{rel}","templated":true}]}}