{"id":471412,"date":"2023-09-12T22:00:32","date_gmt":"2023-09-13T02:00:32","guid":{"rendered":"http:\/\/diariodominicano.com\/?p=471412"},"modified":"2023-09-12T22:06:40","modified_gmt":"2023-09-13T02:06:40","slug":"gobierno-de-haiti-califica-de-exitosa-gira-por-grandanse","status":"publish","type":"post","link":"https:\/\/diariodominicano.com\/?p=471412","title":{"rendered":"Gobierno de Hait\u00ed califica de exitosa gira por Grand\u2019Anse"},"content":{"rendered":"\n<p>Puerto Pr\u00edncipe, 12 sep (Prensa Latina) El Gobierno de Hait\u00ed calific\u00f3 hoy de exitosa la gira del primer ministro Ariel Henry por el departamento Grand\u2019Anse, donde inaugur\u00f3 dos escuelas nacionales y entreg\u00f3 cheques de apoyo econ\u00f3mico a peque\u00f1os empresarios.&nbsp;&nbsp;&nbsp;&nbsp;<\/p>\n\n\n\n<ul class=\"wp-block-list\"><li>septiembre 12, 2023<\/li><li>CDT10:22 (GMT) -0400<\/li><\/ul>\n\n\n\n<p>Henry visit\u00f3 la v\u00edspera el departamento del sur, a prop\u00f3sito de la ceremonia oficial por el inicio del a\u00f1o acad\u00e9mico e inaugur\u00f3 las escuelas nacionales Ducasse Ren\u00e9, en Doudouche, y Lifranc.<\/p>\n\n\n\n<p>Asimismo, renov\u00f3 el compromiso de las autoridades de trabajar en favor de una educaci\u00f3n de calidad para todos los ni\u00f1os y j\u00f3venes de esas localidades aisladas que en 2021 sufrieron el impacto de un terremoto de 7,1 grados de magnitud en la escala abierta de Richter con un saldo de m\u00e1s de dos mil fallecidos.<\/p>\n\n\n\n<p>Henry destac\u00f3 que el plan gubernamental contempla la construcci\u00f3n de 51 escuelas, de ellas ya se inauguraron ocho y otras 17 est\u00e1n terminadas.<\/p>\n\n\n\n<p>Adem\u00e1s, asegur\u00f3 que deben completarse a finales de este a\u00f1o otros 26 centros educativos para su puesta en marcha en enero pr\u00f3ximo.<\/p>\n\n\n\n<p>El primer ministro anunci\u00f3, asimismo, la ampliaci\u00f3n del programa de comedores escolares e insisti\u00f3 en la necesidad de implementar la identificaci\u00f3n de todos los alumnos a trav\u00e9s de un n\u00famero \u00fanico de identidad.<\/p>\n\n\n\n<p>Henry adem\u00e1s entreg\u00f3 53 cheques a empresarios de Grand\u2019Anse, como parte del proyecto de apoyo a las peque\u00f1as y medianas empresas que se inserta en el Programa Multisectorial de Saneamiento Social y Reinserci\u00f3n de los Grupos Vulnerables.<\/p>\n\n\n\n<p>Pese a que el Gobierno calific\u00f3 la gira de exitosa, en la localidad de Nan Site en Jeremie, capital del departamento Grand\u2019Anse, la procesi\u00f3n del primer ministro fue apedreada por los residentes que criticaron la gesti\u00f3n de las autoridades.<\/p>\n\n\n\n<p>Mientras la comitiva se refugiaba en la comisar\u00eda de la zona, los ciudadanos denunciaron la supuesta indiferencia de Henry ante la situaci\u00f3n cada vez m\u00e1s cr\u00edtica del pa\u00eds.<\/p>\n\n\n\n<p>mem\/ane<\/p>\n","protected":false},"excerpt":{"rendered":"<p>Puerto Pr\u00edncipe, 12 sep (Prensa Latina) El Gobierno de Hait\u00ed calific\u00f3 hoy de exitosa la gira del primer ministro Ariel Henry por el departamento Grand\u2019Anse, donde inaugur\u00f3 dos escuelas nacionales y entreg\u00f3 cheques de apoyo econ\u00f3mico a peque\u00f1os empresarios.&nbsp;&nbsp;&nbsp;&nbsp; septiembre 12, 2023 CDT10:22 (GMT) -0400 Henry visit\u00f3 la v\u00edspera el departamento del sur, a prop\u00f3sito [&hellip;]<\/p>\n","protected":false},"author":28,"featured_media":471413,"comment_status":"closed","ping_status":"","sticky":false,"template":"","format":"standard","meta":{"footnotes":""},"categories":[112,23],"tags":[],"class_list":["post-471412","post","type-post","status-publish","format-standard","has-post-thumbnail","hentry","category-haiti","category-internacional"],"_links":{"self":[{"href":"https:\/\/diariodominicano.com\/index.php?rest_route=\/wp\/v2\/posts\/471412","targetHints":{"allow":["GET"]}}],"collection":[{"href":"https:\/\/diariodominicano.com\/index.php?rest_route=\/wp\/v2\/posts"}],"about":[{"href":"https:\/\/diariodominicano.com\/index.php?rest_route=\/wp\/v2\/types\/post"}],"author":[{"embeddable":true,"href":"https:\/\/diariodominicano.com\/index.php?rest_route=\/wp\/v2\/users\/28"}],"replies":[{"embeddable":true,"href":"https:\/\/diariodominicano.com\/index.php?rest_route=%2Fwp%2Fv2%2Fcomments&post=471412"}],"version-history":[{"count":1,"href":"https:\/\/diariodominicano.com\/index.php?rest_route=\/wp\/v2\/posts\/471412\/revisions"}],"predecessor-version":[{"id":471414,"href":"https:\/\/diariodominicano.com\/index.php?rest_route=\/wp\/v2\/posts\/471412\/revisions\/471414"}],"wp:featuredmedia":[{"embeddable":true,"href":"https:\/\/diariodominicano.com\/index.php?rest_route=\/wp\/v2\/media\/471413"}],"wp:attachment":[{"href":"https:\/\/diariodominicano.com\/index.php?rest_route=%2Fwp%2Fv2%2Fmedia&parent=471412"}],"wp:term":[{"taxonomy":"category","embeddable":true,"href":"https:\/\/diariodominicano.com\/index.php?rest_route=%2Fwp%2Fv2%2Fcategories&post=471412"},{"taxonomy":"post_tag","embeddable":true,"href":"https:\/\/diariodominicano.com\/index.php?rest_route=%2Fwp%2Fv2%2Ftags&post=471412"}],"curies":[{"name":"wp","href":"https:\/\/api.w.org\/{rel}","templated":true}]}}