{"id":47136,"date":"2018-12-17T01:16:29","date_gmt":"2018-12-17T01:16:29","guid":{"rendered":"http:\/\/diariodominicano.ddns.net\/?p=47136"},"modified":"2018-12-17T01:16:29","modified_gmt":"2018-12-17T01:16:29","slug":"a-pleno-solun-rio-desbordado","status":"publish","type":"post","link":"https:\/\/diariodominicano.com\/?p=47136","title":{"rendered":"&#13;A Pleno Sol&#13;&#13;Un r\u00edo desbordado"},"content":{"rendered":"<p><body><\/p>\n<p><strong>Por Manuel Hern\u00e1ndez Villeta<\/strong><\/p>\n<\/p>\n<\/p>\n<p>Los jueces del  Tribunal Constitucional tendr\u00e1n que demostrar su independencia de criterio y de acci\u00f3n, cuando les lleguen las instancias relacionadas con la reelecci\u00f3n. Por cualquier v\u00eda que se ejecute o rechace la reelecci\u00f3n, ir\u00e1 necesariamente  al Constitucional.<\/p>\n<\/p>\n<p>Hay cuotas de partidos pol\u00edticos en torno al tribunal. Hay una buena tajada para el Partido de la Liberaci\u00f3n Dominicana, pero no se olvide que en el PLD hay reparto de cuotas entre Leonel y Danilo. A  vista lejana da la impresi\u00f3n de que el Tribunal Constitucional podr\u00eda favorecer a Danilo, en una decisi\u00f3n importante. Si la reelecci\u00f3n llega al Tribunal Constitucional podr\u00eda pasar  con o sin reforma de la Constituci\u00f3n.<\/p>\n<\/p>\n<p>En una convocatoria de la Asamblea Nacional se podr\u00eda aprobar una reforma a la Constituci\u00f3n. El motivo central ser\u00eda permitir la reelecci\u00f3n presidencial. Si se cuenta con los votos que los reglamentos exigen, ese movimiento ser\u00eda legal. Lo que podr\u00eda pecar de tremendismo es la forma en que se obtengan los votos.<\/p>\n<\/p>\n<p>Parecer\u00eda luchar contra corriente cuando uno revisa los votos que le hacen falta a Danilo para que se d\u00e9 una reuni\u00f3n de la Asamblea Nacional para modificar la Constituci\u00f3n. Los oficialistas lo saben, y no tratar\u00edan de convocar a una revisi\u00f3n de la Constituci\u00f3n si no amarran los muchos votos que les hacen falta. Tienen que conseguir apoyo  de los opositores de dentro, o sea de Leonel, y de los de fuera, sobre todo del partido Revolucionario Mayoritario.<\/p>\n<\/p>\n<p>Los disgustos que genere la aprobaci\u00f3n o rechazo de la reforma constitucional para permitir la reelecci\u00f3n, llevar\u00e1 el caso al Tribunal Constitucional, y a la Suprema Corte de Justicia. Qui\u00e9n controle a estas cortes, dir\u00e1 la \u00faltima palabra.<\/p>\n<\/p>\n<p>El proyecto reeleccionista avanza. No es un hecho aislado ni un atrevimiento, que dos funcionarios de alto nivel lancen la consigna del vuelve y vuelve, en presencia del Presidente Danilo Medina. Inclusive V\u00edctor G\u00f3mez Casanova record\u00f3 una de las frases estelares del doctor Joaqu\u00edn Balaguer de que no es bueno cambiar de jinete cuando se est\u00e1 vadeando un r\u00edo.<\/p>\n<\/p>\n<p>La \u00faltima palabra en la reelecci\u00f3n la tiene el soberano. El d\u00eda de las votaciones, en forma lib\u00e9rrima y secreta, el pueblo dominicano dir\u00e1 a qui\u00e9n quiere de presidente para los pr\u00f3ximos cuatro a\u00f1os. Pero como lo demostraron los 20 a\u00f1os del doctor Balaguer, para imponer la reelecci\u00f3n todo vale. Sin embargo, a pesar de las pa\u00f1oletas rojas en la punta de los fusiles, el pueblo supo sacar del poder al Balaguer de los doce a\u00f1os, y quitarle dos a\u00f1os, al de los diez. \u00a1Ay!, se me acab\u00f3 la tinta.<\/p>\n<h6> 2018-12-17 01:16:29 <\/h6>\n<p><!--\n<link rel=\"stylesheet\" href=\"css\/bootstrap.min.css\">\n\n\n<ul class=\"pagination\">\n\t    \n\t\n\n<li >\n\t<a href='?page_no=967'>Previous<\/a>\n\t<\/li>\n\n\n       \n    \n\n<li><a href='?page_no=1'>1<\/a><\/li>\n\n\n\n<li><a href='?page_no=2'>2<\/a><\/li>\n\n\n\n<li><a>...<\/a><\/li>\n\n\n\n<li><a href='?page_no=966'>966<\/a><\/li>\n\n\n\n<li><a href='?page_no=967'>967<\/a><\/li>\n\n\n\n<li class='active'><a>968<\/a><\/li>\n\n\n\n<li><a href='?page_no=969'>969<\/a><\/li>\n\n\n\n<li><a href='?page_no=970'>970<\/a><\/li>\n\n\n\n<li><a>...<\/a><\/li>\n\n\n\n<li><a href='?page_no=13611'>13611<\/a><\/li>\n\n\n\n<li><a href='?page_no=13612'>13612<\/a><\/li>\n\n    \n\t\n\n<li >\n\t<a href='?page_no=969'>Next<\/a>\n\t<\/li>\n\n\n    \n\n<li><a href='?page_no=13612'>Last &rsaquo;&rsaquo;<\/a><\/li>\n\n<\/ul>\n\n\n--><br \/>\n<\/body><\/p>\n","protected":false},"excerpt":{"rendered":"<p>Por Manuel Hern\u00e1ndez Villeta Los jueces del Tribunal Constitucional tendr\u00e1n que demostrar su independencia de criterio y de acci\u00f3n, cuando les lleguen las instancias relacionadas con la reelecci\u00f3n. Por cualquier v\u00eda que se ejecute o rechace la reelecci\u00f3n, ir\u00e1 necesariamente al Constitucional. Hay cuotas de partidos pol\u00edticos en torno al tribunal. Hay una buena tajada [&hellip;]<\/p>\n","protected":false},"author":3,"featured_media":0,"comment_status":"open","ping_status":"open","sticky":false,"template":"","format":"standard","meta":{"footnotes":""},"categories":[16],"tags":[],"class_list":["post-47136","post","type-post","status-publish","format-standard","hentry","category-opiniones"],"_links":{"self":[{"href":"https:\/\/diariodominicano.com\/index.php?rest_route=\/wp\/v2\/posts\/47136","targetHints":{"allow":["GET"]}}],"collection":[{"href":"https:\/\/diariodominicano.com\/index.php?rest_route=\/wp\/v2\/posts"}],"about":[{"href":"https:\/\/diariodominicano.com\/index.php?rest_route=\/wp\/v2\/types\/post"}],"author":[{"embeddable":true,"href":"https:\/\/diariodominicano.com\/index.php?rest_route=\/wp\/v2\/users\/3"}],"replies":[{"embeddable":true,"href":"https:\/\/diariodominicano.com\/index.php?rest_route=%2Fwp%2Fv2%2Fcomments&post=47136"}],"version-history":[{"count":0,"href":"https:\/\/diariodominicano.com\/index.php?rest_route=\/wp\/v2\/posts\/47136\/revisions"}],"wp:attachment":[{"href":"https:\/\/diariodominicano.com\/index.php?rest_route=%2Fwp%2Fv2%2Fmedia&parent=47136"}],"wp:term":[{"taxonomy":"category","embeddable":true,"href":"https:\/\/diariodominicano.com\/index.php?rest_route=%2Fwp%2Fv2%2Fcategories&post=47136"},{"taxonomy":"post_tag","embeddable":true,"href":"https:\/\/diariodominicano.com\/index.php?rest_route=%2Fwp%2Fv2%2Ftags&post=47136"}],"curies":[{"name":"wp","href":"https:\/\/api.w.org\/{rel}","templated":true}]}}