{"id":471352,"date":"2023-09-12T09:42:09","date_gmt":"2023-09-12T13:42:09","guid":{"rendered":"http:\/\/diariodominicano.com\/?p=471352"},"modified":"2023-09-12T09:42:09","modified_gmt":"2023-09-12T13:42:09","slug":"air-europa-volara-a-cuba-con-biocombustible","status":"publish","type":"post","link":"https:\/\/diariodominicano.com\/?p=471352","title":{"rendered":"Air Europa volar\u00e1 a Cuba con biocombustible"},"content":{"rendered":"\n<p>La Habana, 12 sep (Prensa Latina) Una nota del catedr\u00e1tico y especialista en turismo cubano Jos\u00e9 Luis Perell\u00f3, recuerda hoy que la aerol\u00ednea espa\u00f1ola Air Europa operar\u00e1 vuelos con combustible sostenible (SAF) en viajes que incluyen a La Habana.&nbsp;&nbsp;&nbsp;&nbsp;<\/p>\n\n\n\n<ul class=\"wp-block-list\"><li>septiembre 12, 2023<\/li><li>CDT09:20 (GMT) -0400<\/li><\/ul>\n\n\n\n<p>En su cuenta en Facebook, explica el entendido que se trata de trayectos de largo radio que inicialmente enlazar\u00e1n a esa transportista con el Aeropuerto Internacional de Madrid Barajas y el Aeropuerto Internacional de La Habana una vez al mes con biocombustible, lo que le permitir\u00e1 ahorrar en un a\u00f1o 50 toneladas de emisiones de di\u00f3xido de carbono (CO2).<\/p>\n\n\n\n<p>La compa\u00f1\u00eda Cepsa suministrar\u00e1 14,4 toneladas de SAF a Air Europa por un a\u00f1o, lo que ayudar\u00e1 a la aerol\u00ednea a cumplir con los objetivos planteados por la Uni\u00f3n Europea (UE) en la iniciativa ReFuelEU Aviation.<\/p>\n\n\n\n<p>Aclar\u00f3 que la UE proyecta que las aerol\u00edneas europeas implementen cada vez m\u00e1s los combustibles sostenibles para que en 2025 se incorpore un dos al seis por ciento para 2030, y 70 por ciento para 2050.<\/p>\n\n\n\n<p>La Asociaci\u00f3n de Transporte A\u00e9reo Internacional (IATA) supone que el SAF contribuir\u00e1 con el 65 por ciento de la reducci\u00f3n de emisiones que necesita la aviaci\u00f3n para lograr el cero neto para 2050.<\/p>\n\n\n\n<p>Air Europa increment\u00f3 su cuota de mercado transatl\u00e1ntico entre Madrid y Am\u00e9rica en los \u00faltimos cuatro a\u00f1os en un 2,4 por ciento entre el primer semestre de 2019 y el de 2023, donde alcanz\u00f3 22,9 por ciento, seg\u00fan datos de la consultora Aena.<\/p>\n\n\n\n<p>Esta compa\u00f1\u00eda a\u00e9rea mencionada junto a Iberia son l\u00edderes en el corredor atl\u00e1ntico en el aeropuerto de Madrid a pesar de la entrada de nuevos operadores que buscan hacerse un espacio en este mercado, concluy\u00f3 Perell\u00f3.<\/p>\n\n\n\n<p>mem\/rfc<\/p>\n","protected":false},"excerpt":{"rendered":"<p>La Habana, 12 sep (Prensa Latina) Una nota del catedr\u00e1tico y especialista en turismo cubano Jos\u00e9 Luis Perell\u00f3, recuerda hoy que la aerol\u00ednea espa\u00f1ola Air Europa operar\u00e1 vuelos con combustible sostenible (SAF) en viajes que incluyen a La Habana.&nbsp;&nbsp;&nbsp;&nbsp; septiembre 12, 2023 CDT09:20 (GMT) -0400 En su cuenta en Facebook, explica el entendido que se [&hellip;]<\/p>\n","protected":false},"author":28,"featured_media":437937,"comment_status":"closed","ping_status":"","sticky":false,"template":"","format":"standard","meta":{"footnotes":""},"categories":[23,32],"tags":[],"class_list":["post-471352","post","type-post","status-publish","format-standard","has-post-thumbnail","hentry","category-internacional","category-turismo"],"_links":{"self":[{"href":"https:\/\/diariodominicano.com\/index.php?rest_route=\/wp\/v2\/posts\/471352","targetHints":{"allow":["GET"]}}],"collection":[{"href":"https:\/\/diariodominicano.com\/index.php?rest_route=\/wp\/v2\/posts"}],"about":[{"href":"https:\/\/diariodominicano.com\/index.php?rest_route=\/wp\/v2\/types\/post"}],"author":[{"embeddable":true,"href":"https:\/\/diariodominicano.com\/index.php?rest_route=\/wp\/v2\/users\/28"}],"replies":[{"embeddable":true,"href":"https:\/\/diariodominicano.com\/index.php?rest_route=%2Fwp%2Fv2%2Fcomments&post=471352"}],"version-history":[{"count":1,"href":"https:\/\/diariodominicano.com\/index.php?rest_route=\/wp\/v2\/posts\/471352\/revisions"}],"predecessor-version":[{"id":471353,"href":"https:\/\/diariodominicano.com\/index.php?rest_route=\/wp\/v2\/posts\/471352\/revisions\/471353"}],"wp:featuredmedia":[{"embeddable":true,"href":"https:\/\/diariodominicano.com\/index.php?rest_route=\/wp\/v2\/media\/437937"}],"wp:attachment":[{"href":"https:\/\/diariodominicano.com\/index.php?rest_route=%2Fwp%2Fv2%2Fmedia&parent=471352"}],"wp:term":[{"taxonomy":"category","embeddable":true,"href":"https:\/\/diariodominicano.com\/index.php?rest_route=%2Fwp%2Fv2%2Fcategories&post=471352"},{"taxonomy":"post_tag","embeddable":true,"href":"https:\/\/diariodominicano.com\/index.php?rest_route=%2Fwp%2Fv2%2Ftags&post=471352"}],"curies":[{"name":"wp","href":"https:\/\/api.w.org\/{rel}","templated":true}]}}