{"id":471336,"date":"2023-09-12T09:31:11","date_gmt":"2023-09-12T13:31:11","guid":{"rendered":"http:\/\/diariodominicano.com\/?p=471336"},"modified":"2023-09-12T09:32:50","modified_gmt":"2023-09-12T13:32:50","slug":"american-airlines-contribuye-a-la-ninez-dominicana","status":"publish","type":"post","link":"https:\/\/diariodominicano.com\/?p=471336","title":{"rendered":"American Airlines contribuye a la ni\u00f1ez dominicana"},"content":{"rendered":"\n<p><strong>SANTO DOMINGO<\/strong>, RD.\u2014\u00a0Los miembros del equipo de American Airlines en Rep\u00fablica Dominicana unieron esfuerzos para retribuir a la comunidad, donando \u00fatiles escolares para apoyar a los ni\u00f1os de la Escuela Hogar Miguelina ubicada en Santo Domingo.<\/p>\n\n\n\n<figure class=\"wp-block-image size-full\"><img loading=\"lazy\" decoding=\"async\" width=\"240\" height=\"320\" src=\"https:\/\/diariodominicano.com\/wp-content\/uploads\/2023\/09\/image004.jpg\" alt=\"\" class=\"wp-image-471340\" srcset=\"https:\/\/diariodominicano.com\/wp-content\/uploads\/2023\/09\/image004.jpg 240w, https:\/\/diariodominicano.com\/wp-content\/uploads\/2023\/09\/image004-225x300.jpg 225w\" sizes=\"auto, (max-width: 240px) 100vw, 240px\" \/><\/figure>\n\n\n\n<p>Esta iniciativa es parte del programa de voluntariado de la aerol\u00ednea, donde cada a\u00f1o, miembros del equipo de todo el mundo contribuyen a las comunidades a las que sirven.<\/p>\n\n\n\n<p>En el evento en Santo Domingo, miembros del equipo de American Airlines llevaron \u00fatiles escolares para m\u00e1s de 50 ni\u00f1os del Colegio Hogar Miguelina, entre mochilas, cuadernos y otros enseres. Adem\u00e1s, otras donaciones de miembros del equipo con sede en EE. UU. ayudaron a donar ventiladores para las aulas y a renovar las instalaciones de la escuela.<\/p>\n\n\n\n<p>\u201cEstamos orgullosos de poder brindarles a los estudiantes de Hogar Miguelina \u00fatiles nuevos para comenzar su a\u00f1o escolar\u201d, dijo Oliver Bojos, Gerente Regional de Operaciones en el Caribe de American. \u00abAmerican se enorgullece de apoyar a las comunidades a las que servimos y retribuir a la Rep\u00fablica Dominicana, un pa\u00eds al que hemos llamado hogar durante casi cinco d\u00e9cadas\u00bb.<\/p>\n\n\n\n<figure class=\"wp-block-image size-full\"><img loading=\"lazy\" decoding=\"async\" width=\"240\" height=\"320\" src=\"https:\/\/diariodominicano.com\/wp-content\/uploads\/2023\/09\/image006.png\" alt=\"\" class=\"wp-image-471342\" srcset=\"https:\/\/diariodominicano.com\/wp-content\/uploads\/2023\/09\/image006.png 240w, https:\/\/diariodominicano.com\/wp-content\/uploads\/2023\/09\/image006-225x300.png 225w\" sizes=\"auto, (max-width: 240px) 100vw, 240px\" \/><\/figure>\n\n\n\n<p>American Airlines est\u00e1 presente en Rep\u00fablica Dominicana desde hace 48 a\u00f1os y actualmente opera hasta 18 vuelos diarios a cuatro destinos, su destino m\u00e1s grande en el Caribe.<\/p>\n\n\n\n<p><strong>Acerca de American Airlines Group<\/strong><br>Cuidando de las personas en el Viaje de la Vida\u00ae. Las acciones de American Airlines Group Inc. cotizan en el Nasdaq con el s\u00edmbolo AAL y est\u00e1n incluidas en el \u00edndice S&amp;P 500. Para m\u00e1s informaci\u00f3n sobre American, visite y conecte con American en Twitter @AmericanAir y Facebook.com\/AmericanAirlines.<\/p>\n\n\n\n<p>Monserrat Soto<a target=\"_blank\" href=\"mailto:msoto@mgpr.com.do\" rel=\"noreferrer noopener\">msoto@mgpr.com.do<\/a><\/p>\n","protected":false},"excerpt":{"rendered":"<p>SANTO DOMINGO, RD.\u2014\u00a0Los miembros del equipo de American Airlines en Rep\u00fablica Dominicana unieron esfuerzos para retribuir a la comunidad, donando \u00fatiles escolares para apoyar a los ni\u00f1os de la Escuela Hogar Miguelina ubicada en Santo Domingo. Esta iniciativa es parte del programa de voluntariado de la aerol\u00ednea, donde cada a\u00f1o, miembros del equipo de todo [&hellip;]<\/p>\n","protected":false},"author":28,"featured_media":471337,"comment_status":"closed","ping_status":"","sticky":false,"template":"","format":"standard","meta":{"footnotes":""},"categories":[36,25,32],"tags":[],"class_list":["post-471336","post","type-post","status-publish","format-standard","has-post-thumbnail","hentry","category-hombresmujeresycosas","category-gente","category-turismo"],"_links":{"self":[{"href":"https:\/\/diariodominicano.com\/index.php?rest_route=\/wp\/v2\/posts\/471336","targetHints":{"allow":["GET"]}}],"collection":[{"href":"https:\/\/diariodominicano.com\/index.php?rest_route=\/wp\/v2\/posts"}],"about":[{"href":"https:\/\/diariodominicano.com\/index.php?rest_route=\/wp\/v2\/types\/post"}],"author":[{"embeddable":true,"href":"https:\/\/diariodominicano.com\/index.php?rest_route=\/wp\/v2\/users\/28"}],"replies":[{"embeddable":true,"href":"https:\/\/diariodominicano.com\/index.php?rest_route=%2Fwp%2Fv2%2Fcomments&post=471336"}],"version-history":[{"count":5,"href":"https:\/\/diariodominicano.com\/index.php?rest_route=\/wp\/v2\/posts\/471336\/revisions"}],"predecessor-version":[{"id":471344,"href":"https:\/\/diariodominicano.com\/index.php?rest_route=\/wp\/v2\/posts\/471336\/revisions\/471344"}],"wp:featuredmedia":[{"embeddable":true,"href":"https:\/\/diariodominicano.com\/index.php?rest_route=\/wp\/v2\/media\/471337"}],"wp:attachment":[{"href":"https:\/\/diariodominicano.com\/index.php?rest_route=%2Fwp%2Fv2%2Fmedia&parent=471336"}],"wp:term":[{"taxonomy":"category","embeddable":true,"href":"https:\/\/diariodominicano.com\/index.php?rest_route=%2Fwp%2Fv2%2Fcategories&post=471336"},{"taxonomy":"post_tag","embeddable":true,"href":"https:\/\/diariodominicano.com\/index.php?rest_route=%2Fwp%2Fv2%2Ftags&post=471336"}],"curies":[{"name":"wp","href":"https:\/\/api.w.org\/{rel}","templated":true}]}}