{"id":47125,"date":"2018-12-17T01:23:05","date_gmt":"2018-12-17T01:23:05","guid":{"rendered":"http:\/\/diariodominicano.ddns.net\/?p=47125"},"modified":"2018-12-17T01:23:05","modified_gmt":"2018-12-17T01:23:05","slug":"quien-lo-puede-explicar","status":"publish","type":"post","link":"https:\/\/diariodominicano.com\/?p=47125","title":{"rendered":"\u00bfQUIEN LO PUEDE EXPLICAR?"},"content":{"rendered":"<p><body><\/p>\n<p><strong><span class=\"text1noticias\">FRANKLIN ALMEYDA RANCIER<\/span><\/strong><\/p>\n<\/p>\n<p><span class=\"text1noticias\">No entiendo, y quiero entender. Si se celebraran primarias simult\u00e1neas abiertas y cerradas, \u00bfcu\u00e1l es el \u00e1mbito de campa\u00f1a y propaganda del que va con padr\u00f3n abierto y cu\u00e1l el de padr\u00f3n cerrado, para  competir por las candidaturas?<\/span><\/p>\n<\/p>\n<p><span class=\"text1noticias\">Veamos; el PRM ha decidido  padr\u00f3n propio, \u00bfsu campa\u00f1a se circunscribir\u00e1 exclusivamente al \u00e1mbito y lugares de sus afiliados? Parece l\u00f3gico que si escogi\u00f3 la modalidad con padr\u00f3n cerrado, sus precandidatos la har\u00e1n   exclusivamente para los afiliados.<\/span><\/p>\n<\/p>\n<p><span class=\"text1noticias\">Sin embargo, el CC del PLD decidi\u00f3 primarias abiertas, o sea con derecho a votar los que est\u00e1n en el padr\u00f3n de la JCE, luce tambi\u00e9n l\u00f3gico que el \u00e1mbito de su campa\u00f1a es hacia todos los electores del pa\u00eds; campa\u00f1a  abierta.<\/span><\/p>\n<\/p>\n<p><span class=\"text1noticias\">\u00bfEs que los pelede\u00edstas tendr\u00edan derecho a realizar campa\u00f1a abierta, hacia todos los electores, y los perreme\u00edstas solo a sus afiliados? Eso parece, porque al ser simult\u00e1neas las primarias, uno y otro tendr\u00e1n derechos contrapuestos para comunicarse con sus electores respectivos.<\/span><\/p>\n<\/p>\n<p><span class=\"text1noticias\">La JCE pretende, conforme a un reglamento reci\u00e9n dado a conocer, que a\u00fan el que haya escogido primarias abiertas har\u00e1 campa\u00f1a cerrada, solo hacia sus afiliados, en sus locales partidarios, casa a casa, \u00absiempre que involucren a militantes y simpatizantes\u00bb (Art.14, numeral 2). M\u00e1s en los numerales del Art.15,   proh\u00edbe todo tipo de propaganda gr\u00e1fica, excepto dentro de los locales, y va m\u00e1s lejos puesto que en el numeral 7 proh\u00edbe \u00abla promoci\u00f3n pol\u00edtica a trav\u00e9s de mensajes publicitarios colocados y transmitidos por los diferentes medios de comunicaci\u00f3n radial y televisiva\u00bb<\/span><\/p>\n<\/p>\n<p><span class=\"text1noticias\">Mucho m\u00e1s, para, \u00ab&#8230;la realizaci\u00f3n de una actividad consistente en una visita casa a casa o acto de similar naturaleza&#8230;\u00bb se debe tener autorizaci\u00f3n (Art. 18). <\/span><\/p>\n<\/p>\n<p><span class=\"text1noticias\">Invito a los lectores de esta columna a revisar las interminables medidas en ese reglamento que demuestran la confusi\u00f3n que predomina en los autores de ese reglamento al no diferenciar las promociones o campa\u00f1as de las primarias abiertas con las de cerradas.<\/span><\/p>\n<\/p>\n<p><span class=\"text1noticias\">Ocurre igual con el padr\u00f3n \u00bfSe aplica el padr\u00f3n universal para primarias abiertas, previa segregaci\u00f3n de los afiliados de los partidos que hayan seleccionado primarias cerradas? Se supone que si el PRM decidi\u00f3 cerradas, va con los afiliados que figuran en su padr\u00f3n \u00bfTienen derecho a votar dos veces, sufragando en las primarias abiertas por figurar en el padr\u00f3n universal?<\/span><\/p>\n<\/p>\n<p><span class=\"text1noticias\"> \u00abSe cae de la mata\u00bb, como dice el pueblo, que si los afiliados del PRM tuvieran derecho a votar en la abierta, la suya no es cerrada, porque como no se puede votar dos veces, esa organizaci\u00f3n se ver\u00eda socavada en su base. <\/span><\/p>\n<\/p>\n<p><span class=\"text1noticias\">Evidentemente,  la JCE no sabe qu\u00e9 hacer, al decir (art\u00edculo 28, p\u00e1rrafo II) que \u00ab&#8230;procurar\u00e1 establecer los mecanismos, la tecnolog\u00eda y la log\u00edstica necesaria(s) que permitan una agilizacion en cuanto a la participaci\u00f3n de los electores y el procesamiento de los resultados&#8230;\u00bb <\/span><\/p>\n<\/p>\n<p><span class=\"text1noticias\">Casi a seguidas, por no saber c\u00f3mo proceder sobre otras modalidades, dice (Art. 30)  que por separado reglamentar\u00e1 para aquellos partidos que hayan escogido otras modalidades de elecci\u00f3n. <\/span><\/p>\n<\/p>\n<p><span class=\"text1noticias\">Estas otras modalidades son elecciones indirectas, en las cuales se escogen delegados para decidir por la membres\u00eda en asamblea de delegados o convenciones; sus afiliados votar\u00e1n por delegaci\u00f3n. <\/span><\/p>\n<\/p>\n<p><span class=\"text1noticias\">Obviamente, para las primarias debe segregarse los afiliados de estas modalidades y los de las primarias cerradas para los de las abiertas.<\/span><\/p>\n<\/p>\n<p><strong><span class=\"text1noticias\">El autor es miembro del CP del PLD, ex Ministro de Interior y ex Rector de la UASD.<\/span><\/strong><\/p>\n<\/p>\n<\/p>\n<\/p>\n<\/p>\n<\/p>\n<\/p>\n<h6> 2018-12-17 01:23:05 <\/h6>\n<p><!--\n<link rel=\"stylesheet\" href=\"css\/bootstrap.min.css\">\n\n\n<ul class=\"pagination\">\n\t    \n\t\n\n<li >\n\t<a href='?page_no=966'>Previous<\/a>\n\t<\/li>\n\n\n       \n    \n\n<li><a href='?page_no=1'>1<\/a><\/li>\n\n\n\n<li><a href='?page_no=2'>2<\/a><\/li>\n\n\n\n<li><a>...<\/a><\/li>\n\n\n\n<li><a href='?page_no=965'>965<\/a><\/li>\n\n\n\n<li><a href='?page_no=966'>966<\/a><\/li>\n\n\n\n<li class='active'><a>967<\/a><\/li>\n\n\n\n<li><a href='?page_no=968'>968<\/a><\/li>\n\n\n\n<li><a href='?page_no=969'>969<\/a><\/li>\n\n\n\n<li><a>...<\/a><\/li>\n\n\n\n<li><a href='?page_no=13611'>13611<\/a><\/li>\n\n\n\n<li><a href='?page_no=13612'>13612<\/a><\/li>\n\n    \n\t\n\n<li >\n\t<a href='?page_no=968'>Next<\/a>\n\t<\/li>\n\n\n    \n\n<li><a href='?page_no=13612'>Last &rsaquo;&rsaquo;<\/a><\/li>\n\n<\/ul>\n\n\n--><br \/>\n<\/body><\/p>\n","protected":false},"excerpt":{"rendered":"<p>FRANKLIN ALMEYDA RANCIER No entiendo, y quiero entender. Si se celebraran primarias simult\u00e1neas abiertas y cerradas, \u00bfcu\u00e1l es el \u00e1mbito de campa\u00f1a y propaganda del que va con padr\u00f3n abierto y cu\u00e1l el de padr\u00f3n cerrado, para competir por las candidaturas? Veamos; el PRM ha decidido padr\u00f3n propio, \u00bfsu campa\u00f1a se circunscribir\u00e1 exclusivamente al \u00e1mbito [&hellip;]<\/p>\n","protected":false},"author":3,"featured_media":0,"comment_status":"open","ping_status":"open","sticky":false,"template":"","format":"standard","meta":{"footnotes":""},"categories":[16],"tags":[],"class_list":["post-47125","post","type-post","status-publish","format-standard","hentry","category-opiniones"],"_links":{"self":[{"href":"https:\/\/diariodominicano.com\/index.php?rest_route=\/wp\/v2\/posts\/47125","targetHints":{"allow":["GET"]}}],"collection":[{"href":"https:\/\/diariodominicano.com\/index.php?rest_route=\/wp\/v2\/posts"}],"about":[{"href":"https:\/\/diariodominicano.com\/index.php?rest_route=\/wp\/v2\/types\/post"}],"author":[{"embeddable":true,"href":"https:\/\/diariodominicano.com\/index.php?rest_route=\/wp\/v2\/users\/3"}],"replies":[{"embeddable":true,"href":"https:\/\/diariodominicano.com\/index.php?rest_route=%2Fwp%2Fv2%2Fcomments&post=47125"}],"version-history":[{"count":0,"href":"https:\/\/diariodominicano.com\/index.php?rest_route=\/wp\/v2\/posts\/47125\/revisions"}],"wp:attachment":[{"href":"https:\/\/diariodominicano.com\/index.php?rest_route=%2Fwp%2Fv2%2Fmedia&parent=47125"}],"wp:term":[{"taxonomy":"category","embeddable":true,"href":"https:\/\/diariodominicano.com\/index.php?rest_route=%2Fwp%2Fv2%2Fcategories&post=47125"},{"taxonomy":"post_tag","embeddable":true,"href":"https:\/\/diariodominicano.com\/index.php?rest_route=%2Fwp%2Fv2%2Ftags&post=47125"}],"curies":[{"name":"wp","href":"https:\/\/api.w.org\/{rel}","templated":true}]}}