{"id":471247,"date":"2023-09-12T00:38:13","date_gmt":"2023-09-12T04:38:13","guid":{"rendered":"http:\/\/diariodominicano.com\/?p=471247"},"modified":"2023-09-12T00:48:06","modified_gmt":"2023-09-12T04:48:06","slug":"diego-pesqueira-patrocinio-de-cerveza-republica-es-un-salto-al-futuro-para-el-tbs-distrito","status":"publish","type":"post","link":"https:\/\/diariodominicano.com\/?p=471247","title":{"rendered":"Diego Pesqueira: \u201cPatrocinio de Cerveza Rep\u00fablica es un salto al futuro para el TBS Distrito\u201d"},"content":{"rendered":"\n<p> Diego Pesqueira, presidente de Abadina, junto a la comunicadora Gaby Desangles, quien moder\u00f3 la rueda de prensa en el Restaurant Monalisa Lounge, interact\u00faan con los periodistas. <\/p>\n\n\n\n<p>Presidente de Abadina resalta el apoyo de la empresa cervecera a justa inicia este mi\u00e9rcoles<\/p>\n\n\n\n<figure class=\"wp-block-image size-large\"><img loading=\"lazy\" decoding=\"async\" width=\"1024\" height=\"682\" src=\"https:\/\/diariodominicano.com\/wp-content\/uploads\/2023\/09\/bb42e024-6512-4e7c-907c-867bf96d2e63-1024x682.jpg\" alt=\"\" class=\"wp-image-471249\" srcset=\"https:\/\/diariodominicano.com\/wp-content\/uploads\/2023\/09\/bb42e024-6512-4e7c-907c-867bf96d2e63-1024x682.jpg 1024w, https:\/\/diariodominicano.com\/wp-content\/uploads\/2023\/09\/bb42e024-6512-4e7c-907c-867bf96d2e63-300x200.jpg 300w, https:\/\/diariodominicano.com\/wp-content\/uploads\/2023\/09\/bb42e024-6512-4e7c-907c-867bf96d2e63-768x512.jpg 768w, https:\/\/diariodominicano.com\/wp-content\/uploads\/2023\/09\/bb42e024-6512-4e7c-907c-867bf96d2e63-816x544.jpg 816w, https:\/\/diariodominicano.com\/wp-content\/uploads\/2023\/09\/bb42e024-6512-4e7c-907c-867bf96d2e63.jpg 1132w\" sizes=\"auto, (max-width: 1024px) 100vw, 1024px\" \/><figcaption>Diego Pesqueira <\/figcaption><\/figure>\n\n\n\n<p>SANTO DOMINGO, RD.- El presidente de la Asociaci\u00f3n de Baloncesto del Distrito Nacional (Abadina) expres\u00f3 este lunes que \u201cel patrocinio que la Cerveza Rep\u00fablica le dar\u00e1 al 47 Torneo Superior (TBS Distrito) es un salto al futuro que beneficia la disciplina deportiva\u201d.<\/p>\n\n\n\n<p>Diego Pesqueira, en nombre del Comit\u00e9 Ejecutivo de Abadina y del Comit\u00e9 Organizador del certamen capitalino, que encabeza el ministro de la Presidencia Joel Santos Echavarr\u00eda, sostuvo que \u201chemos firmado un acuerdo de patrocinio por varios a\u00f1os con esa empresa cervecera para el TBS Distrito que ser\u00e1 clave en su impulso cualitativo\u201d.<\/p>\n\n\n\n<p>\u201cLa Cerveza Rep\u00fablica vino a aportar al basket capitalino y los clubes pondr\u00e1n en cancha el mejor equipo posible para conseguir el t\u00edtulo de campe\u00f3n\u201d, puntualiz\u00f3 Pesqueira.<\/p>\n\n\n\n<figure class=\"wp-block-image size-large\"><img loading=\"lazy\" decoding=\"async\" width=\"1024\" height=\"682\" src=\"https:\/\/diariodominicano.com\/wp-content\/uploads\/2023\/09\/03ffb790-45b8-4b08-9a65-540dd86acc83-1-1024x682.jpg\" alt=\"\" class=\"wp-image-471253\" srcset=\"https:\/\/diariodominicano.com\/wp-content\/uploads\/2023\/09\/03ffb790-45b8-4b08-9a65-540dd86acc83-1-1024x682.jpg 1024w, https:\/\/diariodominicano.com\/wp-content\/uploads\/2023\/09\/03ffb790-45b8-4b08-9a65-540dd86acc83-1-300x200.jpg 300w, https:\/\/diariodominicano.com\/wp-content\/uploads\/2023\/09\/03ffb790-45b8-4b08-9a65-540dd86acc83-1-768x512.jpg 768w, https:\/\/diariodominicano.com\/wp-content\/uploads\/2023\/09\/03ffb790-45b8-4b08-9a65-540dd86acc83-1-816x544.jpg 816w, https:\/\/diariodominicano.com\/wp-content\/uploads\/2023\/09\/03ffb790-45b8-4b08-9a65-540dd86acc83-1.jpg 1132w\" sizes=\"auto, (max-width: 1024px) 100vw, 1024px\" \/><figcaption> Los delegados de los clubes del TBS Distrito. Desde la izquierda, Claudio M\u00e9ndez (Huellas), Augusto Castro (Bameso), Juan Coronado (Los Prados), Agust\u00edn Espinoza (San Carlos), la comunicadora Gaby Desangles, Miguel Merejo (Rafael Barias), el comunicador Jeremy Medrano, Milton D\u00edaz y Diego Pesqueira, tesorero y presidente de Abadina, respectivamente. <\/figcaption><\/figure>\n\n\n\n<p>Las declaraciones de Pesqueira fueron vertidas durante la rueda de prensa que se desarroll\u00f3 en el Restaurant Monalisa Lounge, que de manera conjunta organiz\u00f3 con la Cerveza Rep\u00fablica.<\/p>\n\n\n\n<p>La actividad cont\u00f3 con la conducci\u00f3n especial de la comunicadora Gaby Desangles.<\/p>\n\n\n\n<p>El principal ejecutivo de Abadina ofreci\u00f3 importantes detalles sobre el evento y luego interactu\u00f3 con los representantes de los medios de comunicaci\u00f3n presentes.<\/p>\n\n\n\n<p>La justa distrital inicia este mi\u00e9rcoles, a partir de las 6:00 de la tarde, en el Palacio de los Deportes Profesor Virgilio Travieso Soto, con la participaci\u00f3n de los ocho tradicionales clubes como el vigente campe\u00f3n de Bameso y el subcampe\u00f3n Mauricio B\u00e1ez, as\u00ed como Huellas del Siglo, Los Prados, San L\u00e1zaro, El Mill\u00f3n, San Carlos y Rafael Barias.<\/p>\n\n\n\n<p>Cada club estuvo representado por sus principales ejecutivos, quienes acompa\u00f1aron a los directivos de Abadina, que junto a Pesqueira estuvieron Edwin Castillo, secretario general; y Milton D\u00edaz, tesorero<\/p>\n\n\n\n<p>Pesqueira tambi\u00e9n anunci\u00f3 la dedicatoria del TBS Distrito 2023 que recay\u00f3 en favor de la \u201cInclusi\u00f3n Social\u201d para rendir honores a las personas especiales y con discapacidades, e In Memoriam al expresidente de Abadina, el ingeniero Johnny Marte, fallecido recientemente.<\/p>\n\n\n\n<figure class=\"wp-block-image size-large\"><img loading=\"lazy\" decoding=\"async\" width=\"1024\" height=\"786\" src=\"https:\/\/diariodominicano.com\/wp-content\/uploads\/2023\/09\/Benny-Metz-1-1024x786.jpg\" alt=\"\" class=\"wp-image-471254\" srcset=\"https:\/\/diariodominicano.com\/wp-content\/uploads\/2023\/09\/Benny-Metz-1-1024x786.jpg 1024w, https:\/\/diariodominicano.com\/wp-content\/uploads\/2023\/09\/Benny-Metz-1-300x230.jpg 300w, https:\/\/diariodominicano.com\/wp-content\/uploads\/2023\/09\/Benny-Metz-1-768x590.jpg 768w, https:\/\/diariodominicano.com\/wp-content\/uploads\/2023\/09\/Benny-Metz-1-816x627.jpg 816w, https:\/\/diariodominicano.com\/wp-content\/uploads\/2023\/09\/Benny-Metz-1.jpg 1280w\" sizes=\"auto, (max-width: 1024px) 100vw, 1024px\" \/><figcaption> Benny Metz <\/figcaption><\/figure>\n\n\n\n<p><br>&#8212;<\/p>\n\n\n\n<p>Direcci\u00f3n de Comunicaciones&nbsp;XLVII Torneo de Baloncesto Superior&nbsp;del Distrito Nacional&nbsp;&nbsp;<\/p>\n","protected":false},"excerpt":{"rendered":"<p>Diego Pesqueira, presidente de Abadina, junto a la comunicadora Gaby Desangles, quien moder\u00f3 la rueda de prensa en el Restaurant Monalisa Lounge, interact\u00faan con los periodistas. Presidente de Abadina resalta el apoyo de la empresa cervecera a justa inicia este mi\u00e9rcoles SANTO DOMINGO, RD.- El presidente de la Asociaci\u00f3n de Baloncesto del Distrito Nacional (Abadina) [&hellip;]<\/p>\n","protected":false},"author":28,"featured_media":471248,"comment_status":"closed","ping_status":"","sticky":false,"template":"","format":"standard","meta":{"footnotes":""},"categories":[17,25,32],"tags":[],"class_list":["post-471247","post","type-post","status-publish","format-standard","has-post-thumbnail","hentry","category-deportes","category-gente","category-turismo"],"_links":{"self":[{"href":"https:\/\/diariodominicano.com\/index.php?rest_route=\/wp\/v2\/posts\/471247","targetHints":{"allow":["GET"]}}],"collection":[{"href":"https:\/\/diariodominicano.com\/index.php?rest_route=\/wp\/v2\/posts"}],"about":[{"href":"https:\/\/diariodominicano.com\/index.php?rest_route=\/wp\/v2\/types\/post"}],"author":[{"embeddable":true,"href":"https:\/\/diariodominicano.com\/index.php?rest_route=\/wp\/v2\/users\/28"}],"replies":[{"embeddable":true,"href":"https:\/\/diariodominicano.com\/index.php?rest_route=%2Fwp%2Fv2%2Fcomments&post=471247"}],"version-history":[{"count":4,"href":"https:\/\/diariodominicano.com\/index.php?rest_route=\/wp\/v2\/posts\/471247\/revisions"}],"predecessor-version":[{"id":471255,"href":"https:\/\/diariodominicano.com\/index.php?rest_route=\/wp\/v2\/posts\/471247\/revisions\/471255"}],"wp:featuredmedia":[{"embeddable":true,"href":"https:\/\/diariodominicano.com\/index.php?rest_route=\/wp\/v2\/media\/471248"}],"wp:attachment":[{"href":"https:\/\/diariodominicano.com\/index.php?rest_route=%2Fwp%2Fv2%2Fmedia&parent=471247"}],"wp:term":[{"taxonomy":"category","embeddable":true,"href":"https:\/\/diariodominicano.com\/index.php?rest_route=%2Fwp%2Fv2%2Fcategories&post=471247"},{"taxonomy":"post_tag","embeddable":true,"href":"https:\/\/diariodominicano.com\/index.php?rest_route=%2Fwp%2Fv2%2Ftags&post=471247"}],"curies":[{"name":"wp","href":"https:\/\/api.w.org\/{rel}","templated":true}]}}