{"id":471231,"date":"2023-09-11T23:54:44","date_gmt":"2023-09-12T03:54:44","guid":{"rendered":"http:\/\/diariodominicano.com\/?p=471231"},"modified":"2023-09-11T23:54:44","modified_gmt":"2023-09-12T03:54:44","slug":"fuego-afecta-varios-negocios-en-el-alto-manhattan","status":"publish","type":"post","link":"https:\/\/diariodominicano.com\/?p=471231","title":{"rendered":"Fuego afecta varios negocios en el Alto Manhattan"},"content":{"rendered":"\n<p><strong>Por Ram\u00f3n Mercedes<\/strong><\/p>\n\n\n\n<p><strong>NUEVA YORK.-<\/strong>&nbsp;Un fuego destruy\u00f3 la madrugada de este lunes la bodega \u00abMy Dely Grocery\u00bb, ubicada en el 670 de la calle Academy, en el sector de Inwood en el Alto Manhattan.<\/p>\n\n\n\n<p>El siniestro se extendi\u00f3 a un sal\u00f3n de belleza y un consultorio dental que sufrieron da\u00f1os. Los mismos est\u00e1n al lado de la bodega.<\/p>\n\n\n\n<p>Se inform\u00f3 extraoficialmente que los propietarios de los negocios afectados son dominicanos.<\/p>\n\n\n\n<p>Los bomberos respondieron al incendio de dos alarmas alrededor de las 12:40 de la madrugada, se inform\u00f3.<\/p>\n\n\n\n<p>Participaron m\u00e1s de 100 miembros en 30 unidades, pudiendo controlar el siniestro una hora despu\u00e9s.<\/p>\n\n\n\n<p>Dos bomberos resultaron heridos por las llamas, teniendo que ser trasladado al hospital en condiciones estables.<\/p>\n","protected":false},"excerpt":{"rendered":"<p>Por Ram\u00f3n Mercedes NUEVA YORK.-&nbsp;Un fuego destruy\u00f3 la madrugada de este lunes la bodega \u00abMy Dely Grocery\u00bb, ubicada en el 670 de la calle Academy, en el sector de Inwood en el Alto Manhattan. El siniestro se extendi\u00f3 a un sal\u00f3n de belleza y un consultorio dental que sufrieron da\u00f1os. Los mismos est\u00e1n al lado [&hellip;]<\/p>\n","protected":false},"author":28,"featured_media":471232,"comment_status":"closed","ping_status":"","sticky":true,"template":"","format":"standard","meta":{"footnotes":""},"categories":[23,29,27],"tags":[],"class_list":["post-471231","post","type-post","status-publish","format-standard","has-post-thumbnail","hentry","category-internacional","category-policiasucesos","category-portada"],"_links":{"self":[{"href":"https:\/\/diariodominicano.com\/index.php?rest_route=\/wp\/v2\/posts\/471231","targetHints":{"allow":["GET"]}}],"collection":[{"href":"https:\/\/diariodominicano.com\/index.php?rest_route=\/wp\/v2\/posts"}],"about":[{"href":"https:\/\/diariodominicano.com\/index.php?rest_route=\/wp\/v2\/types\/post"}],"author":[{"embeddable":true,"href":"https:\/\/diariodominicano.com\/index.php?rest_route=\/wp\/v2\/users\/28"}],"replies":[{"embeddable":true,"href":"https:\/\/diariodominicano.com\/index.php?rest_route=%2Fwp%2Fv2%2Fcomments&post=471231"}],"version-history":[{"count":1,"href":"https:\/\/diariodominicano.com\/index.php?rest_route=\/wp\/v2\/posts\/471231\/revisions"}],"predecessor-version":[{"id":471233,"href":"https:\/\/diariodominicano.com\/index.php?rest_route=\/wp\/v2\/posts\/471231\/revisions\/471233"}],"wp:featuredmedia":[{"embeddable":true,"href":"https:\/\/diariodominicano.com\/index.php?rest_route=\/wp\/v2\/media\/471232"}],"wp:attachment":[{"href":"https:\/\/diariodominicano.com\/index.php?rest_route=%2Fwp%2Fv2%2Fmedia&parent=471231"}],"wp:term":[{"taxonomy":"category","embeddable":true,"href":"https:\/\/diariodominicano.com\/index.php?rest_route=%2Fwp%2Fv2%2Fcategories&post=471231"},{"taxonomy":"post_tag","embeddable":true,"href":"https:\/\/diariodominicano.com\/index.php?rest_route=%2Fwp%2Fv2%2Ftags&post=471231"}],"curies":[{"name":"wp","href":"https:\/\/api.w.org\/{rel}","templated":true}]}}