{"id":471175,"date":"2023-09-11T22:30:43","date_gmt":"2023-09-12T02:30:43","guid":{"rendered":"http:\/\/diariodominicano.com\/?p=471175"},"modified":"2023-09-11T22:31:23","modified_gmt":"2023-09-12T02:31:23","slug":"onu-y-grupo-sid-unen-esfuerzos-para-fomentar-educacion-sobre-desarrollo-sostenible-en-rd","status":"publish","type":"post","link":"https:\/\/diariodominicano.com\/?p=471175","title":{"rendered":"ONU y Grupo SID unen esfuerzos para fomentar Educaci\u00f3n Sobre Desarrollo Sostenible en RD"},"content":{"rendered":"\n<p>Ligia Bonetti GRUPO SID y Mauricio Ram\u00edrez ONU<\/p>\n\n\n\n<p><strong><em>Grupo SID en acuerdo con la Organizaci\u00f3n de las Naciones Unidas (ONU) entregar\u00e1&nbsp;a 7,000&nbsp;ni\u00f1os el&nbsp;Libro&nbsp;infantil&nbsp;FRIEDA, material educativo&nbsp;alineado&nbsp;a los Objetivos de Desarrollo Sostenible (ODS).<\/em><\/strong><\/p>\n\n\n\n<figure class=\"wp-block-image size-large\"><img loading=\"lazy\" decoding=\"async\" width=\"1024\" height=\"877\" src=\"https:\/\/diariodominicano.com\/wp-content\/uploads\/2023\/09\/Foto-Ligia-Bonetti-Inka-Mattila-Maurico-Ramirez-y-estudiantes-1024x877.jpg\" alt=\"\" class=\"wp-image-471177\" srcset=\"https:\/\/diariodominicano.com\/wp-content\/uploads\/2023\/09\/Foto-Ligia-Bonetti-Inka-Mattila-Maurico-Ramirez-y-estudiantes-1024x877.jpg 1024w, https:\/\/diariodominicano.com\/wp-content\/uploads\/2023\/09\/Foto-Ligia-Bonetti-Inka-Mattila-Maurico-Ramirez-y-estudiantes-300x257.jpg 300w, https:\/\/diariodominicano.com\/wp-content\/uploads\/2023\/09\/Foto-Ligia-Bonetti-Inka-Mattila-Maurico-Ramirez-y-estudiantes-768x658.jpg 768w, https:\/\/diariodominicano.com\/wp-content\/uploads\/2023\/09\/Foto-Ligia-Bonetti-Inka-Mattila-Maurico-Ramirez-y-estudiantes-1536x1316.jpg 1536w, https:\/\/diariodominicano.com\/wp-content\/uploads\/2023\/09\/Foto-Ligia-Bonetti-Inka-Mattila-Maurico-Ramirez-y-estudiantes-2048x1755.jpg 2048w, https:\/\/diariodominicano.com\/wp-content\/uploads\/2023\/09\/Foto-Ligia-Bonetti-Inka-Mattila-Maurico-Ramirez-y-estudiantes-816x699.jpg 816w\" sizes=\"auto, (max-width: 1024px) 100vw, 1024px\" \/><figcaption>Ligia Bonetti, Inka Mattila, Maurico Ramirez y estudiantes<\/figcaption><\/figure>\n\n\n\n<p><strong>Santo&nbsp;Domingo,&nbsp;RD.&nbsp;\u2013<\/strong>&nbsp;La Organizaci\u00f3n de las Naciones Unidas (ONU) y&nbsp;Grupo SID, un conglomerado empresarial con m\u00e1s de 86 a\u00f1os de trayectoria, acordaron producir&nbsp;para distribuci\u00f3n gratuita el libro Frieda, publicaci\u00f3n de la ONU, para fomentar una cultura de sostenibilidad desde una edad temprana.<\/p>\n\n\n\n<p>En una ceremonia reciente, la presidente ejecutiva de Grupo SID, Ligia Bonetti, entreg\u00f3 una copia simb\u00f3lica del libro al representante residente de la ONU, Mauricio Ram\u00edrez, resaltando que \u00abEducaSID es un prop\u00f3sito que abrazamos y cada a\u00f1o trabajamos para expandir su alcance, conscientes de su impacto en el desarrollo de nuestro pa\u00eds\u201d<\/p>\n\n\n\n<p>A su vez, Mauricio Ram\u00edrez, representante residente de la ONU, manifest\u00f3: \u201cAcciones como las que emprende y lidera el Grupo SID nos dan esperanza y nos demuestran su compromiso por avanzar en la implementaci\u00f3n de la Agenda 2030\u201d.&nbsp;&nbsp;&nbsp;<\/p>\n\n\n\n<p>Ram\u00edrez felicit\u00f3 a&nbsp; Grupo SID por asumir la sostenibilidad como eje central de su estrategia de negocios, y dijo esperar \u201cque la historia de FRIEDA inspire a estos j\u00f3venes estudiantes a actuar y transformar el pa\u00eds y el mundo hacia un planeta m\u00e1s humano, inclusivo, resiliente y sostenible, sin dejar a nadie atr\u00e1s\u201d.<\/p>\n\n\n\n<p>\u201cAprovecho este momento \u2013agreg\u00f3 la se\u00f1ora Bonetti\u2014 para agradecer a la Organizaci\u00f3n de las Naciones Unidas por apoyar nuestra iniciativa para difundir a \u00ab<strong>Frieda<\/strong>\u201d, con lo que impulsaremos el conocimiento en las aulas sobre los Objetivos de Desarrollo Sostenible (ODS), metas que representan nuestros sue\u00f1os compartidos de un mundo mejor, m\u00e1s justo e inclusivo\u00bb.<\/p>\n\n\n\n<p>Ligia Bonetti afirm\u00f3 que \u00abesta colaboraci\u00f3n representa un hito importante en nuestro compromiso de m\u00e1s de 86 a\u00f1os con el desarrollo social, econ\u00f3mico y medioambiental de la Rep\u00fablica Dominicana.\u00bb<\/p>\n\n\n\n<p>El libro ser\u00e1 distribuido en m\u00e1s de 15 escuelas que Grupo SID apoya y tambi\u00e9n ser\u00e1 entregado a los hijos de los empleados de la empresa. Adicionalmente, el programa EducaSID incluir\u00e1 actividades como contar cuentos y charlas sobre ciencia, responsabilidad medioambiental, y prevenci\u00f3n de desastres, entre otros.<\/p>\n\n\n\n<p>El acto cont\u00f3 tambi\u00e9n con la presencia de la Sra. Inka Mattila, representante residente del Programa de las Naciones Unidas para el Desarrollo (PNUD) en la Rep\u00fablica Dominicana, entre otras personalidades.<\/p>\n\n\n\n<p><strong>FUTUROS PASOS<\/strong><\/p>\n\n\n\n<p>El programa EducaSID continuar\u00e1 colaborando estrechamente con las escuelas para resaltar la importancia del desarrollo sostenible a trav\u00e9s de charlas educativas, becas, donaciones de \u00fatiles escolares, entre otras.<\/p>\n\n\n\n<p><strong>SOBRE EDUCASID<\/strong><\/p>\n\n\n\n<p>El programa EducaSID est\u00e1 dise\u00f1ado para crear iniciativas que promuevan la educaci\u00f3n inclusiva, equitativa y de calidad, facilitando oportunidades de aprendizaje igualitario a sus colaboradores y comunidades que impactan, mejorando el nivel de vida y bienestar integral. El programa se sustenta en el 4to. Objetivo de Desarrollo Sostenible sobre Educaci\u00f3n de Calidad, uno de los objetivos de desarrollo sostenible de Las Naciones Unidas.<\/p>\n\n\n\n<p>EducaSID abarca un amplio programa de formaci\u00f3n que incluye distintas estrategias de aprendizaje manteniendo el prop\u00f3sito de continuar dejando una huella que trascienda en su historia, por lo que est\u00e1n asumiendo un compromiso serio y responsable con la educaci\u00f3n del Pa\u00eds.<\/p>\n\n\n\n<p><strong>SOBRE GRUPO SID<\/strong><\/p>\n\n\n\n<p>Es uno de los conglomerados de empresas dominicanas de fabricaci\u00f3n y comercializaci\u00f3n de productos de consumo masivo m\u00e1s grandes de la Rep\u00fablica Dominicana con m\u00e1s de 2,000 productos bajo su sombrilla y presencia en 17 pa\u00edses. Enfocada en la creaci\u00f3n de bienestar para sus colaboradores, aliados comerciales, consumidores y la sociedad en general, Grupo SID es considerada como una de las mejores organizaciones dominicanas para trabajar, posee de los m\u00e1s altos est\u00e1ndares de calidad industrial y alianzas comerciales con marcas y empresas internacionales de alto prestigio mundial.&nbsp;&nbsp;<\/p>\n\n\n\n<p>Comprometidos en mejorar el bienestar de la sociedad proporcionando productos y servicios de primera calidad, a trav\u00e9s de un modelo de negocio sostenible alineado con los principios que abarcan del pacto global de las Naciones Unidas.&nbsp;<\/p>\n\n\n\n<p>De esta manera procura ser ente de cambio y transformaci\u00f3n contribuyendo para hacer posible un futuro m\u00e1s promisorio. En Grupo SID hemos decidido centrar nuestros esfuerzos en educar sobre la importancia de la contribuci\u00f3n individual en la transformaci\u00f3n de nuestra sociedad en todos los aspectos: econ\u00f3mico, social y medioambiental.<\/p>\n\n\n\n<p><strong>ACERCA DE LA ONU<\/strong><\/p>\n\n\n\n<p>La Organizaci\u00f3n de las Naciones Unidas es una organizaci\u00f3n internacional fundada en 1945 tras la Segunda Guerra Mundial por 51 pa\u00edses que se comprometieron a\u00a0mantener la paz y la seguridad internacional, fomentar entre las naciones relaciones de amistad y promover el progreso social, la mejora del nivel de vida y los Derechos Humanos.<\/p>\n\n\n\n<p>Noticias Medi\u00e1ticos<a target=\"_blank\" href=\"mailto:noticiasmediaticos@mediaticos.com.do\" rel=\"noreferrer noopener\">noticiasmediaticos@mediaticos.<\/a><\/p>\n","protected":false},"excerpt":{"rendered":"<p>Ligia Bonetti GRUPO SID y Mauricio Ram\u00edrez ONU Grupo SID en acuerdo con la Organizaci\u00f3n de las Naciones Unidas (ONU) entregar\u00e1&nbsp;a 7,000&nbsp;ni\u00f1os el&nbsp;Libro&nbsp;infantil&nbsp;FRIEDA, material educativo&nbsp;alineado&nbsp;a los Objetivos de Desarrollo Sostenible (ODS). Santo&nbsp;Domingo,&nbsp;RD.&nbsp;\u2013&nbsp;La Organizaci\u00f3n de las Naciones Unidas (ONU) y&nbsp;Grupo SID, un conglomerado empresarial con m\u00e1s de 86 a\u00f1os de trayectoria, acordaron producir&nbsp;para distribuci\u00f3n gratuita el [&hellip;]<\/p>\n","protected":false},"author":28,"featured_media":471176,"comment_status":"closed","ping_status":"","sticky":true,"template":"","format":"standard","meta":{"footnotes":""},"categories":[36,18,27,32],"tags":[],"class_list":["post-471175","post","type-post","status-publish","format-standard","has-post-thumbnail","hentry","category-hombresmujeresycosas","category-economia","category-portada","category-turismo"],"_links":{"self":[{"href":"https:\/\/diariodominicano.com\/index.php?rest_route=\/wp\/v2\/posts\/471175","targetHints":{"allow":["GET"]}}],"collection":[{"href":"https:\/\/diariodominicano.com\/index.php?rest_route=\/wp\/v2\/posts"}],"about":[{"href":"https:\/\/diariodominicano.com\/index.php?rest_route=\/wp\/v2\/types\/post"}],"author":[{"embeddable":true,"href":"https:\/\/diariodominicano.com\/index.php?rest_route=\/wp\/v2\/users\/28"}],"replies":[{"embeddable":true,"href":"https:\/\/diariodominicano.com\/index.php?rest_route=%2Fwp%2Fv2%2Fcomments&post=471175"}],"version-history":[{"count":3,"href":"https:\/\/diariodominicano.com\/index.php?rest_route=\/wp\/v2\/posts\/471175\/revisions"}],"predecessor-version":[{"id":471180,"href":"https:\/\/diariodominicano.com\/index.php?rest_route=\/wp\/v2\/posts\/471175\/revisions\/471180"}],"wp:featuredmedia":[{"embeddable":true,"href":"https:\/\/diariodominicano.com\/index.php?rest_route=\/wp\/v2\/media\/471176"}],"wp:attachment":[{"href":"https:\/\/diariodominicano.com\/index.php?rest_route=%2Fwp%2Fv2%2Fmedia&parent=471175"}],"wp:term":[{"taxonomy":"category","embeddable":true,"href":"https:\/\/diariodominicano.com\/index.php?rest_route=%2Fwp%2Fv2%2Fcategories&post=471175"},{"taxonomy":"post_tag","embeddable":true,"href":"https:\/\/diariodominicano.com\/index.php?rest_route=%2Fwp%2Fv2%2Ftags&post=471175"}],"curies":[{"name":"wp","href":"https:\/\/api.w.org\/{rel}","templated":true}]}}