{"id":47114,"date":"2018-12-17T20:27:15","date_gmt":"2018-12-17T20:27:15","guid":{"rendered":"http:\/\/diariodominicano.ddns.net\/?p=47114"},"modified":"2018-12-17T20:27:15","modified_gmt":"2018-12-17T20:27:15","slug":"la-mente-vuelta-hacia-la-eternidad80-anos-de-vida","status":"publish","type":"post","link":"https:\/\/diariodominicano.com\/?p=47114","title":{"rendered":"La mente vuelta hacia la eternidad:&#13;80 a\u00f1os de vida"},"content":{"rendered":"<p><body><\/p>\n<p><strong>Leonardo Boff<\/strong><\/p>\n<\/p>\n<p>ALAI.- Ma\u00f1ana, 14 de diciembre, cumplir\u00e9 80 a\u00f1os de vida. Estoy descendiendo la monta\u00f1a de la vida.<\/p>\n<\/p>\n<\/p>\n<p>En primer lugar, doy gracias a Dios por haber llegado hasta aqu\u00ed y por haber sobrevivido. De peque\u00f1o, con s\u00f3lo algunos meses, estaba destinado a morir. En aquellos interiores profundos del Estado brasile\u00f1o de Santa Catarina, en mi ciudad Conc\u00f3rdia, todav\u00eda no hab\u00eda m\u00e9dicos. Todos, desolados, dec\u00edan: \u00abpobrecito, va a morir\u00bb. Mi madre, desesperada, despu\u00e9s de hacer el pan familiar en un horno de piedra, lo dej\u00f3 entibiar y sobre una pala de madera me coloc\u00f3 unos cuantos minutos all\u00ed dentro. A partir de este intento \u00faltimo, mejor\u00e9, y aqu\u00ed estoy, como sobreviviente.<\/p>\n<\/p>\n<\/p>\n<p>Pensaba que nunca pasar\u00eda de la edad de mi padre que muri\u00f3 de un infarto fulminante a los 54 a\u00f1os. Sobreviv\u00ed. Escrib\u00ed un balance a los 50. Despu\u00e9s pensaba que no pasar\u00eda de la edad de mi madre, que tambi\u00e9n muri\u00f3 de infarto con 64 a\u00f1os. Sobreviv\u00ed. Hice otro balance a los 60. Entonces, estaba seguro de que no llegar\u00eda a los 70. Sobreviv\u00ed. Tuve que escribir otro balance a los 70. Finalmente, pens\u00e9 convencido, de todas maneras: no llegar\u00e9 a los 80. Sobreviv\u00ed. Y tengo que escribir otro balance. Como sal\u00ed desacreditado en mis previsiones, ya no hago ninguna previsi\u00f3n m\u00e1s. Cuando llegue la hora que s\u00f3lo \u00c9l conoce, ir\u00e9 alegremente al encuentro del Se\u00f1or.<\/p>\n<\/p>\n<\/p>\n<p>Releyendo los distintos balances, sorprendentemente, y sin intenci\u00f3n previa, veo que hay constantes que atraviesan todas las memorias. Voy a tratar de hacer una lectura de ciego, que s\u00f3lo capta lo que sobresale. Siempre estuve como pose\u00eddo por alguna pasi\u00f3n m\u00e1s fuerte, que me llevaba a hablar y a escribir.<\/p>\n<\/p>\n<\/p>\n<p>La primera fue la pasi\u00f3n por la Iglesia renovada por el Concilio Vaticano II. Escrib\u00ed mi tesis doctoral en M\u00fanich: La Iglesia como sacramento; Iglesia: carisma y poder (que me acarre\u00f3 el ?silencio obsequioso?) y Eclesiog\u00e9nesis: las CEBs reinventan la Iglesia.<\/p>\n<\/p>\n<\/p>\n<p>La segunda pasi\u00f3n fue por el Jes\u00fas hist\u00f3rico, su gesta, que lo llev\u00f3 a la cruz. Escrib\u00ed: Jesucristo el Liberador; Nuestra resurrecci\u00f3n en la muerte; El evangelio del Cristo c\u00f3smico; V\u00eda Crucis de la justicia.<\/p>\n<\/p>\n<\/p>\n<p>La tercera pasi\u00f3n fue por san Francisco de As\u00eds, el primero despu\u00e9s del \u00faltimo (Jes\u00fas). Escrib\u00ed: Francisco de As\u00eds: ternura y vigor; San Francisco: nostalgia del Para\u00edso; Comentario a su Oraci\u00f3n por la Paz.<\/p>\n<\/p>\n<\/p>\n<p>La cuarta pasi\u00f3n fue por los pobres y oprimidos. Naci\u00f3 la teolog\u00eda de la liberaci\u00f3n y escrib\u00ed: Teolog\u00eda del cautiverio y de la liberaci\u00f3n; El caminar de la Iglesia con los oprimidos; y, junto con mi hermano Fray Clodovis, escribimos C\u00f3mo hacer teolog\u00eda de la liberaci\u00f3n.<\/p>\n<\/p>\n<\/p>\n<p>La quinta pasi\u00f3n fue por la Madre Tierra, superexplotada. Escrib\u00ed: La opci\u00f3n Tierra: la soluci\u00f3n a la Tierra no cae del cielo; El Tao de la liberaci\u00f3n: ecolog\u00eda de la transformaci\u00f3n, junto con Mark Hathaway; C\u00f3mo cuidar la Casa Com\u00fan.<\/p>\n<\/p>\n<\/p>\n<p>La sexta pasi\u00f3n fue por la condici\u00f3n humana sapiente y demente. Escrib\u00ed: El destino del hombre y del mundo; El \u00e1guila y la gallina: una met\u00e1fora de la condici\u00f3n humana; El despertar del \u00e1guila: lo dia-b\u00f3lico y lo sim-b\u00f3lico en la construcci\u00f3n de la realidad; Saber cuidar; El cuidado necesario; Femenino-Masculino, con Rose-Marie Muraro; El ser humano como proyecto infinito.<\/p>\n<\/p>\n<\/p>\n<p>La s\u00e9ptima pasi\u00f3n fue por la vida del Esp\u00edritu: traduje la obra principal del m\u00edstico Maestro Eckhart; retraduje actualiz\u00e1ndola La Imitaci\u00f3n de Cristo, de 1441, a\u00f1adi\u00e9ndole una parte nueva: El seguimiento de Cristo; Experimentar a Dios hoy; La Sant\u00edsima Trinidad es la mejor comunidad; El Esp\u00edritu Santo: fuego interior, dador de vida y padre de los pobres; Espiritualidad: un camino de transformaci\u00f3n.<\/p>\n<\/p>\n<\/p>\n<p>He publicado cerca de cien libros. Es trabajoso, con s\u00f3lo 27 letras, componer las palabras, y despu\u00e9s con las palabras formular las frases, y por fin con las frases concebir el contenido pensado de un libro. Cuando me preguntan: \u00ab\u00bfQu\u00e9 haces en la vida?\u00bb, respondo: \u00abSoy un trabajador como cualquier otro, como un carpintero o un electricista. S\u00f3lo que mis instrumentos son muy sutiles: apenas, 27 letras\u00bb.<\/p>\n<\/p>\n<\/p>\n<p>\u00ab\u00bfY qu\u00e9 es lo que pretendes con tanta letra?\u00bb. Respondo: \u00abs\u00f3lo, pensar, en sinton\u00eda, las preocupaciones mayores de los seres humanos, a la luz de Dios. Suscitar en ellos la confianza en las potencialidades escondidas dentro de ellos mismos, para encontrar soluciones. Intentar llegar al coraz\u00f3n de las personas, para que tengan compasi\u00f3n por el sufrimiento injusto del mundo y de la naturaleza, para que nunca desistan de mejorar siempre la realidad, comenzando por mejorarse a s\u00ed mismos. Para que, independientemente de su condici\u00f3n moral, se sientan siempre en la palma de la mano de Dios-Padre-Madre de infinita bondad y misericordia.<\/p>\n<\/p>\n<\/p>\n<p>\u00ab\u00bfHan valido la pena tantos sacrificios para escribir?\u00bb. Respondo con el poeta Fernando Pessoa: \u00abTodo vale la pena si el alma no es peque\u00f1a\u00bb. Me esforc\u00e9 para que no fuese peque\u00f1a. Dejo a Dios la \u00faltima palabra. Ahora en el atardecer de la vida, reviso los d\u00edas pasados, y tengo la mente vuelta hacia la eternidad.<\/p>\n<\/p>\n<\/p>\n<p>2018-12-14<\/p>\n<\/p>\n<\/p>\n<p>P\u00e1gina de Boff en Koinon\u00eda<\/p>\n<\/p>\n<p>P\u00e1gina de Leonardo Boff<\/p>\n<\/p>\n<\/p>\n<p>https:\/\/www.alainet.org\/es\/articulo\/197158<\/p>\n<p>Facebook30 Twitter Pinterest LinkedIn WhatsApp Compartir<\/p>\n<p>Del mismo autor<\/p>\n<p>80 a\u00f1os de vida    15\/12\/2018<\/p>\n<p>80 anos de vida    13\/12\/2018<\/p>\n<p>La tonter\u00eda del antiglobalismo    10\/12\/2018<\/p>\n<p>A tolice do Anti-globalismo    10\/12\/2018<\/p>\n<p>Lamento de cautiverio y de liberaci\u00f3n para el d\u00eda de la conciencia negra    26\/11\/2018<\/p>\n<p>Legitimaci\u00f3n de la cultura de la violencia en Brasil    21\/11\/2018<\/p>\n<p>Lamento de cativeiro e de liberta\u00e7\u00e3o    21\/11\/2018<\/p>\n<p>A legitima\u00e7\u00e3o da cultura da viol\u00eancia    19\/11\/2018<\/p>\n<p>A dimens\u00e3o perversa da \u00abcordialidade\u00bb brasileira    06\/11\/2018<\/p>\n<p>Gran frente de valores \u00e9tico-sociales    05\/11\/2018<\/p>\n<h6> 2018-12-17 20:27:15 <\/h6>\n<p><!--\n<link rel=\"stylesheet\" href=\"css\/bootstrap.min.css\">\n\n\n<ul class=\"pagination\">\n\t    \n\t\n\n<li >\n\t<a href='?page_no=965'>Previous<\/a>\n\t<\/li>\n\n\n       \n    \n\n<li><a href='?page_no=1'>1<\/a><\/li>\n\n\n\n<li><a href='?page_no=2'>2<\/a><\/li>\n\n\n\n<li><a>...<\/a><\/li>\n\n\n\n<li><a href='?page_no=964'>964<\/a><\/li>\n\n\n\n<li><a href='?page_no=965'>965<\/a><\/li>\n\n\n\n<li class='active'><a>966<\/a><\/li>\n\n\n\n<li><a href='?page_no=967'>967<\/a><\/li>\n\n\n\n<li><a href='?page_no=968'>968<\/a><\/li>\n\n\n\n<li><a>...<\/a><\/li>\n\n\n\n<li><a href='?page_no=13611'>13611<\/a><\/li>\n\n\n\n<li><a href='?page_no=13612'>13612<\/a><\/li>\n\n    \n\t\n\n<li >\n\t<a href='?page_no=967'>Next<\/a>\n\t<\/li>\n\n\n    \n\n<li><a href='?page_no=13612'>Last &rsaquo;&rsaquo;<\/a><\/li>\n\n<\/ul>\n\n\n--><br \/>\n<\/body><\/p>\n","protected":false},"excerpt":{"rendered":"<p>Leonardo Boff ALAI.- Ma\u00f1ana, 14 de diciembre, cumplir\u00e9 80 a\u00f1os de vida. Estoy descendiendo la monta\u00f1a de la vida. En primer lugar, doy gracias a Dios por haber llegado hasta aqu\u00ed y por haber sobrevivido. De peque\u00f1o, con s\u00f3lo algunos meses, estaba destinado a morir. En aquellos interiores profundos del Estado brasile\u00f1o de Santa Catarina, [&hellip;]<\/p>\n","protected":false},"author":3,"featured_media":0,"comment_status":"open","ping_status":"open","sticky":false,"template":"","format":"standard","meta":{"footnotes":""},"categories":[16],"tags":[],"class_list":["post-47114","post","type-post","status-publish","format-standard","hentry","category-opiniones"],"_links":{"self":[{"href":"https:\/\/diariodominicano.com\/index.php?rest_route=\/wp\/v2\/posts\/47114","targetHints":{"allow":["GET"]}}],"collection":[{"href":"https:\/\/diariodominicano.com\/index.php?rest_route=\/wp\/v2\/posts"}],"about":[{"href":"https:\/\/diariodominicano.com\/index.php?rest_route=\/wp\/v2\/types\/post"}],"author":[{"embeddable":true,"href":"https:\/\/diariodominicano.com\/index.php?rest_route=\/wp\/v2\/users\/3"}],"replies":[{"embeddable":true,"href":"https:\/\/diariodominicano.com\/index.php?rest_route=%2Fwp%2Fv2%2Fcomments&post=47114"}],"version-history":[{"count":0,"href":"https:\/\/diariodominicano.com\/index.php?rest_route=\/wp\/v2\/posts\/47114\/revisions"}],"wp:attachment":[{"href":"https:\/\/diariodominicano.com\/index.php?rest_route=%2Fwp%2Fv2%2Fmedia&parent=47114"}],"wp:term":[{"taxonomy":"category","embeddable":true,"href":"https:\/\/diariodominicano.com\/index.php?rest_route=%2Fwp%2Fv2%2Fcategories&post=47114"},{"taxonomy":"post_tag","embeddable":true,"href":"https:\/\/diariodominicano.com\/index.php?rest_route=%2Fwp%2Fv2%2Ftags&post=47114"}],"curies":[{"name":"wp","href":"https:\/\/api.w.org\/{rel}","templated":true}]}}