{"id":471126,"date":"2023-09-11T21:31:33","date_gmt":"2023-09-12T01:31:33","guid":{"rendered":"http:\/\/diariodominicano.com\/?p=471126"},"modified":"2023-09-11T21:46:01","modified_gmt":"2023-09-12T01:46:01","slug":"jumbo-lanza-su-temporada-de-belleza-y-cuidado-personal-2023-bajo-la-campana-expresa-tu-belleza-y-creatividad","status":"publish","type":"post","link":"https:\/\/diariodominicano.com\/?p=471126","title":{"rendered":"Jumbo lanza su temporada de Belleza y Cuidado Personal 2023 bajo la campa\u00f1a \u201cExpresa Tu Belleza y\u00a0Creatividad\u201d"},"content":{"rendered":"\n<p> <strong> Katherine Collado, Madelyn Mart\u00ednez, Cony Taveras, Alejandra Acta\u00a0y\u00a0Luz Garc\u00eda<\/strong> .<\/p>\n\n\n\n<p><em>Jumbo, junto a reconocidas marcas locales e internacionales, ofrece su extensa variedad de productos de belleza adaptados a distintos segmentos de consumidores y estilos de vida<\/em><\/p>\n\n\n\n<figure class=\"wp-block-image size-large\"><img loading=\"lazy\" decoding=\"async\" width=\"683\" height=\"1024\" src=\"https:\/\/diariodominicano.com\/wp-content\/uploads\/2023\/09\/DSC07074-Luz-Garcia-y-Socrates-McKinney-683x1024.jpg\" alt=\"\" class=\"wp-image-471131\" srcset=\"https:\/\/diariodominicano.com\/wp-content\/uploads\/2023\/09\/DSC07074-Luz-Garcia-y-Socrates-McKinney-683x1024.jpg 683w, https:\/\/diariodominicano.com\/wp-content\/uploads\/2023\/09\/DSC07074-Luz-Garcia-y-Socrates-McKinney-200x300.jpg 200w, https:\/\/diariodominicano.com\/wp-content\/uploads\/2023\/09\/DSC07074-Luz-Garcia-y-Socrates-McKinney-768x1152.jpg 768w, https:\/\/diariodominicano.com\/wp-content\/uploads\/2023\/09\/DSC07074-Luz-Garcia-y-Socrates-McKinney-1024x1536.jpg 1024w, https:\/\/diariodominicano.com\/wp-content\/uploads\/2023\/09\/DSC07074-Luz-Garcia-y-Socrates-McKinney-1365x2048.jpg 1365w, https:\/\/diariodominicano.com\/wp-content\/uploads\/2023\/09\/DSC07074-Luz-Garcia-y-Socrates-McKinney-816x1224.jpg 816w, https:\/\/diariodominicano.com\/wp-content\/uploads\/2023\/09\/DSC07074-Luz-Garcia-y-Socrates-McKinney-scaled.jpg 1707w\" sizes=\"auto, (max-width: 683px) 100vw, 683px\" \/><figcaption> Luz Garc\u00eda y S\u00f3crates McKinney <\/figcaption><\/figure>\n\n\n\n<p><\/p>\n\n\n\n<p><strong>Santo Domingo, Rep\u00fablica Dominicana. &#8211;&nbsp;<\/strong>Jumbo presenta su campa\u00f1a Expresa tu Belleza y Creatividad 2023, con el prop\u00f3sito de destacar el acto de expresarse a trav\u00e9s de la belleza y promover la libertad que tiene cada quien&nbsp;de mostrarse seg\u00fan su estilo y personalidad. Esta iniciativa estar\u00e1 vigente hasta el 02 de octubre.<\/p>\n\n\n\n<figure class=\"wp-block-image size-large\"><img loading=\"lazy\" decoding=\"async\" width=\"1024\" height=\"683\" src=\"https:\/\/diariodominicano.com\/wp-content\/uploads\/2023\/09\/DSC07275-Glency-Feliz-Jessica-Klemps-Pinka-Paloma-De-La-Cruz-y-Katherine-Collado-1024x683.jpg\" alt=\"\" class=\"wp-image-471133\" srcset=\"https:\/\/diariodominicano.com\/wp-content\/uploads\/2023\/09\/DSC07275-Glency-Feliz-Jessica-Klemps-Pinka-Paloma-De-La-Cruz-y-Katherine-Collado-1024x683.jpg 1024w, https:\/\/diariodominicano.com\/wp-content\/uploads\/2023\/09\/DSC07275-Glency-Feliz-Jessica-Klemps-Pinka-Paloma-De-La-Cruz-y-Katherine-Collado-300x200.jpg 300w, https:\/\/diariodominicano.com\/wp-content\/uploads\/2023\/09\/DSC07275-Glency-Feliz-Jessica-Klemps-Pinka-Paloma-De-La-Cruz-y-Katherine-Collado-768x512.jpg 768w, https:\/\/diariodominicano.com\/wp-content\/uploads\/2023\/09\/DSC07275-Glency-Feliz-Jessica-Klemps-Pinka-Paloma-De-La-Cruz-y-Katherine-Collado-1536x1024.jpg 1536w, https:\/\/diariodominicano.com\/wp-content\/uploads\/2023\/09\/DSC07275-Glency-Feliz-Jessica-Klemps-Pinka-Paloma-De-La-Cruz-y-Katherine-Collado-2048x1366.jpg 2048w, https:\/\/diariodominicano.com\/wp-content\/uploads\/2023\/09\/DSC07275-Glency-Feliz-Jessica-Klemps-Pinka-Paloma-De-La-Cruz-y-Katherine-Collado-816x544.jpg 816w\" sizes=\"auto, (max-width: 1024px) 100vw, 1024px\" \/><figcaption> Glency Feliz, Jessica Klemps, Pinka, Paloma De La Cruz y Katherine Collado <\/figcaption><\/figure>\n\n\n\n<p>Jumbo present\u00f3 esta iniciativa con un evento realizado en el atrio central de \u00c1gora Mall, en el que los asistentes, adem\u00e1s de conocer m\u00e1s detalles de \u201cExpresa Tu Belleza y Creatividad\u201d, tuvieron la oportunidad de vivir experiencias junto a las marcas patrocinadoras, conociendo m\u00e1s sobre productos de belleza, t\u00e9cnicas de maquillaje, cuidado capilar y corporal, tendencias, entre otros. Katherine Collado, reconocida influencer de belleza bajo el nombre de @lacomparona, es la embajadora de este proyecto quien, durante esta temporada de belleza de Jumbo, estar\u00e1 compartiendo sus conocimientos mediante videos educativos de todo lo relacionado con belleza y cuidado personal.<\/p>\n\n\n\n<figure class=\"wp-block-image size-large\"><img loading=\"lazy\" decoding=\"async\" width=\"710\" height=\"1024\" src=\"https:\/\/diariodominicano.com\/wp-content\/uploads\/2023\/09\/DSC07311-Dewi-Pena-y-Yamil-Musri--710x1024.jpg\" alt=\"\" class=\"wp-image-471136\" srcset=\"https:\/\/diariodominicano.com\/wp-content\/uploads\/2023\/09\/DSC07311-Dewi-Pena-y-Yamil-Musri--710x1024.jpg 710w, https:\/\/diariodominicano.com\/wp-content\/uploads\/2023\/09\/DSC07311-Dewi-Pena-y-Yamil-Musri--208x300.jpg 208w, https:\/\/diariodominicano.com\/wp-content\/uploads\/2023\/09\/DSC07311-Dewi-Pena-y-Yamil-Musri--768x1108.jpg 768w, https:\/\/diariodominicano.com\/wp-content\/uploads\/2023\/09\/DSC07311-Dewi-Pena-y-Yamil-Musri--1065x1536.jpg 1065w, https:\/\/diariodominicano.com\/wp-content\/uploads\/2023\/09\/DSC07311-Dewi-Pena-y-Yamil-Musri--1419x2048.jpg 1419w, https:\/\/diariodominicano.com\/wp-content\/uploads\/2023\/09\/DSC07311-Dewi-Pena-y-Yamil-Musri--816x1177.jpg 816w, https:\/\/diariodominicano.com\/wp-content\/uploads\/2023\/09\/DSC07311-Dewi-Pena-y-Yamil-Musri--scaled.jpg 1774w\" sizes=\"auto, (max-width: 710px) 100vw, 710px\" \/><figcaption>Dewi Pe\u00f1a y Yamil Musri\u00a0<\/figcaption><\/figure>\n\n\n\n<p>\u201cJumbo siempre apoya la autenticidad, la innovaci\u00f3n y la diversidad de expresi\u00f3n. Sabemos que la belleza es un reflejo individual de cada ser humano en el que existen m\u00faltiples formas de mostrar creatividad y de dejar ver la versi\u00f3n m\u00e1s aut\u00e9ntica de las personas. Por eso, con esta campa\u00f1a, Jumbo busca resaltar y apoyar la belleza natural y la libertad que tiene cada qui\u00e9n de mostrarse como es\u201d, extern\u00f3 Madelyn Mart\u00ednez, VP de Mercadeo y Retail Financiero de CCN.<\/p>\n\n\n\n<figure class=\"wp-block-image size-large\"><img loading=\"lazy\" decoding=\"async\" width=\"991\" height=\"1024\" src=\"https:\/\/diariodominicano.com\/wp-content\/uploads\/2023\/09\/DSC07328-Edward-Cabrera-y-Madeline-Ceballos-991x1024.jpg\" alt=\"\" class=\"wp-image-471139\" srcset=\"https:\/\/diariodominicano.com\/wp-content\/uploads\/2023\/09\/DSC07328-Edward-Cabrera-y-Madeline-Ceballos-991x1024.jpg 991w, https:\/\/diariodominicano.com\/wp-content\/uploads\/2023\/09\/DSC07328-Edward-Cabrera-y-Madeline-Ceballos-290x300.jpg 290w, https:\/\/diariodominicano.com\/wp-content\/uploads\/2023\/09\/DSC07328-Edward-Cabrera-y-Madeline-Ceballos-768x793.jpg 768w, https:\/\/diariodominicano.com\/wp-content\/uploads\/2023\/09\/DSC07328-Edward-Cabrera-y-Madeline-Ceballos-1487x1536.jpg 1487w, https:\/\/diariodominicano.com\/wp-content\/uploads\/2023\/09\/DSC07328-Edward-Cabrera-y-Madeline-Ceballos-1983x2048.jpg 1983w, https:\/\/diariodominicano.com\/wp-content\/uploads\/2023\/09\/DSC07328-Edward-Cabrera-y-Madeline-Ceballos-816x843.jpg 816w\" sizes=\"auto, (max-width: 991px) 100vw, 991px\" \/><figcaption>Edward Cabrera y Madeline Ceballos<\/figcaption><\/figure>\n\n\n\n<p>Al evento asistieron personalidades influyentes, tanto especialistas en el \u00e1rea como proveedores de las marcas patrocinadoras, relacionados, entre otros. Los presentes disfrutaron de espacios experienciales de las marcas, donde tuvieron la oportunidad de conocer y probar sus productos, descubrir tendencias y recibir asesor\u00eda de expertos en distintas \u00e1reas de la belleza. Jumbo aprovech\u00f3 la ocasi\u00f3n para informar sobre las distintas actividades y acciones que se estar\u00e1n realizando durante el desarrollo de la campa\u00f1a.<\/p>\n\n\n\n<figure class=\"wp-block-image size-large\"><img loading=\"lazy\" decoding=\"async\" width=\"683\" height=\"1024\" src=\"https:\/\/diariodominicano.com\/wp-content\/uploads\/2023\/09\/Helen-Blandino-683x1024.jpg\" alt=\"\" class=\"wp-image-471141\" srcset=\"https:\/\/diariodominicano.com\/wp-content\/uploads\/2023\/09\/Helen-Blandino-683x1024.jpg 683w, https:\/\/diariodominicano.com\/wp-content\/uploads\/2023\/09\/Helen-Blandino-200x300.jpg 200w, https:\/\/diariodominicano.com\/wp-content\/uploads\/2023\/09\/Helen-Blandino-768x1152.jpg 768w, https:\/\/diariodominicano.com\/wp-content\/uploads\/2023\/09\/Helen-Blandino-1024x1536.jpg 1024w, https:\/\/diariodominicano.com\/wp-content\/uploads\/2023\/09\/Helen-Blandino-1365x2048.jpg 1365w, https:\/\/diariodominicano.com\/wp-content\/uploads\/2023\/09\/Helen-Blandino-816x1224.jpg 816w, https:\/\/diariodominicano.com\/wp-content\/uploads\/2023\/09\/Helen-Blandino-scaled.jpg 1707w\" sizes=\"auto, (max-width: 683px) 100vw, 683px\" \/><figcaption>Helen Blandino<\/figcaption><\/figure>\n\n\n\n<figure class=\"wp-block-image size-large\"><img loading=\"lazy\" decoding=\"async\" width=\"683\" height=\"1024\" src=\"https:\/\/diariodominicano.com\/wp-content\/uploads\/2023\/09\/Glency-Feliz-683x1024.jpg\" alt=\"\" class=\"wp-image-471143\" srcset=\"https:\/\/diariodominicano.com\/wp-content\/uploads\/2023\/09\/Glency-Feliz-683x1024.jpg 683w, https:\/\/diariodominicano.com\/wp-content\/uploads\/2023\/09\/Glency-Feliz-200x300.jpg 200w, https:\/\/diariodominicano.com\/wp-content\/uploads\/2023\/09\/Glency-Feliz-768x1152.jpg 768w, https:\/\/diariodominicano.com\/wp-content\/uploads\/2023\/09\/Glency-Feliz-1024x1536.jpg 1024w, https:\/\/diariodominicano.com\/wp-content\/uploads\/2023\/09\/Glency-Feliz-1365x2048.jpg 1365w, https:\/\/diariodominicano.com\/wp-content\/uploads\/2023\/09\/Glency-Feliz-816x1224.jpg 816w, https:\/\/diariodominicano.com\/wp-content\/uploads\/2023\/09\/Glency-Feliz-scaled.jpg 1707w\" sizes=\"auto, (max-width: 683px) 100vw, 683px\" \/><figcaption>Glency Feliz<\/figcaption><\/figure>\n\n\n\n<p>\u201cContamos con la mayor variedad de productos de las principales marcas referentes de belleza y cuidado personal que se adaptan a los distintos tipos de consumidores, en adici\u00f3n, este mes de septiembre tendremos una gran cantidad de ofertas y actividades en todas las sucursales de Jumbo\u201d, inform\u00f3 Alejandra Acta, gerente de ventas de cuidado personal y cosm\u00e9ticos de CCN, quien tambi\u00e9n comunic\u00f3 todas las novedades, variedad de ofertas e innovaciones de las marcas patrocinadoras que forman parte de la campa\u00f1a.<\/p>\n\n\n\n<figure class=\"wp-block-image size-large\"><img loading=\"lazy\" decoding=\"async\" width=\"683\" height=\"1024\" src=\"https:\/\/diariodominicano.com\/wp-content\/uploads\/2023\/09\/Paloma-De-la-Cruz-683x1024.jpg\" alt=\"\" class=\"wp-image-471146\" srcset=\"https:\/\/diariodominicano.com\/wp-content\/uploads\/2023\/09\/Paloma-De-la-Cruz-683x1024.jpg 683w, https:\/\/diariodominicano.com\/wp-content\/uploads\/2023\/09\/Paloma-De-la-Cruz-200x300.jpg 200w, https:\/\/diariodominicano.com\/wp-content\/uploads\/2023\/09\/Paloma-De-la-Cruz-768x1152.jpg 768w, https:\/\/diariodominicano.com\/wp-content\/uploads\/2023\/09\/Paloma-De-la-Cruz-1024x1536.jpg 1024w, https:\/\/diariodominicano.com\/wp-content\/uploads\/2023\/09\/Paloma-De-la-Cruz-1365x2048.jpg 1365w, https:\/\/diariodominicano.com\/wp-content\/uploads\/2023\/09\/Paloma-De-la-Cruz-816x1224.jpg 816w, https:\/\/diariodominicano.com\/wp-content\/uploads\/2023\/09\/Paloma-De-la-Cruz-scaled.jpg 1707w\" sizes=\"auto, (max-width: 683px) 100vw, 683px\" \/><figcaption>Paloma De La Cruz<\/figcaption><\/figure>\n\n\n\n<p>\u201cExpresa tu Belleza y Creatividad 2023\u201d incluye una promoci\u00f3n, en la que, por compras de productos de las marcas patrocinadoras, el cliente puede participar en el gran evento final que consiste en un masterclass impartido por reconocidos profesionales, que complementar\u00e1n la experiencia, ofreciendo a los clientes la oportunidad de conocer sobre las nuevas tendencias en belleza y cuidado integral. La propuesta incluir\u00e1&nbsp;\u201cDerma skincare y tricolog\u00eda\u201d, impartido por la doctora Claudia Hern\u00e1ndez; Tendencias de maquillaje a cargo de Arabelle V\u00e9lez \u00a8Pinka\u00a8, y un gran cierre, a cargo del reconocido asesor de imagen y estilista, Jomari Goyso, con el tema \u201cEl poder de tu imagen\u201d.<\/p>\n\n\n\n<p>Dentro de las marcas patrocinadoras de esta iniciativa se encuentran:&nbsp;Cerave, Garnier, Becense, Boe, Halka, Cantu, Capilo, Deya, Dove, Gillette, Dr Teals, Essie, Opi, Pantene, Jergens, Koleston, L&#8217;oreal, Maybelline, Revlon, Vogue, Sky, Milani, Opi, Nivea, Maka, Solo Coquette, Ponds, Silicon Mix, Top Care y Tree Hut.<\/p>\n\n\n\n<p>Esta campa\u00f1a se extender\u00e1 hasta el 02 de octubre. Todas las ofertas estar\u00e1n disponibles en las tiendas f\u00edsicas y en la p\u00e1gina web&nbsp;<a href=\"http:\/\/www.jumbo.com.do\/\" target=\"_blank\" rel=\"noreferrer noopener\">www.jumbo.com.do<\/a>.<\/p>\n\n\n\n<p><strong>Sobre Jumbo<\/strong><\/p>\n\n\n\n<p>Jumbo es la propuesta de hipermercados del Centro Cuesta Nacional que est\u00e1n dise\u00f1ados para satisfacer las necesidades, preferencias y gustos de sus clientes. Con espacios que brindan confort y comodidad para asegurar una buena experiencia de compras, Jumbo cuenta con una diferenciaci\u00f3n marcada en su espacio, manteni\u00e9ndose a la vanguardia de las \u00faltimas tendencias y asumiendo el liderazgo de surtido a trav\u00e9s de la gran variedad de marcas locales e internacionales que ofrece en todo el pa\u00eds. Con su promesa de \u00a1Lo M\u00e1ximo!, Jumbo se convierte en la mejor propuesta de valor de calidad, variedad y precios competitivos del mercado.<\/p>\n\n\n\n<p><a rel=\"noreferrer noopener\" href=\"http:\/\/www.jumbo.com.do\/#_blank\" target=\"_blank\">www.jumbo.com.do<\/a><\/p>\n\n\n\n<p>Henry Coradin<a target=\"_blank\" href=\"mailto:henrycoradinrelacionespublicas@gmail.com\" rel=\"noreferrer noopener\">henrycoradinrelacionespublicas@<\/a><\/p>\n","protected":false},"excerpt":{"rendered":"<p>Katherine Collado, Madelyn Mart\u00ednez, Cony Taveras, Alejandra Acta\u00a0y\u00a0Luz Garc\u00eda . Jumbo, junto a reconocidas marcas locales e internacionales, ofrece su extensa variedad de productos de belleza adaptados a distintos segmentos de consumidores y estilos de vida Santo Domingo, Rep\u00fablica Dominicana. &#8211;&nbsp;Jumbo presenta su campa\u00f1a Expresa tu Belleza y Creatividad 2023, con el prop\u00f3sito de destacar [&hellip;]<\/p>\n","protected":false},"author":28,"featured_media":471127,"comment_status":"closed","ping_status":"","sticky":true,"template":"","format":"standard","meta":{"footnotes":""},"categories":[36,25,27,32],"tags":[],"class_list":["post-471126","post","type-post","status-publish","format-standard","has-post-thumbnail","hentry","category-hombresmujeresycosas","category-gente","category-portada","category-turismo"],"_links":{"self":[{"href":"https:\/\/diariodominicano.com\/index.php?rest_route=\/wp\/v2\/posts\/471126","targetHints":{"allow":["GET"]}}],"collection":[{"href":"https:\/\/diariodominicano.com\/index.php?rest_route=\/wp\/v2\/posts"}],"about":[{"href":"https:\/\/diariodominicano.com\/index.php?rest_route=\/wp\/v2\/types\/post"}],"author":[{"embeddable":true,"href":"https:\/\/diariodominicano.com\/index.php?rest_route=\/wp\/v2\/users\/28"}],"replies":[{"embeddable":true,"href":"https:\/\/diariodominicano.com\/index.php?rest_route=%2Fwp%2Fv2%2Fcomments&post=471126"}],"version-history":[{"count":12,"href":"https:\/\/diariodominicano.com\/index.php?rest_route=\/wp\/v2\/posts\/471126\/revisions"}],"predecessor-version":[{"id":471148,"href":"https:\/\/diariodominicano.com\/index.php?rest_route=\/wp\/v2\/posts\/471126\/revisions\/471148"}],"wp:featuredmedia":[{"embeddable":true,"href":"https:\/\/diariodominicano.com\/index.php?rest_route=\/wp\/v2\/media\/471127"}],"wp:attachment":[{"href":"https:\/\/diariodominicano.com\/index.php?rest_route=%2Fwp%2Fv2%2Fmedia&parent=471126"}],"wp:term":[{"taxonomy":"category","embeddable":true,"href":"https:\/\/diariodominicano.com\/index.php?rest_route=%2Fwp%2Fv2%2Fcategories&post=471126"},{"taxonomy":"post_tag","embeddable":true,"href":"https:\/\/diariodominicano.com\/index.php?rest_route=%2Fwp%2Fv2%2Ftags&post=471126"}],"curies":[{"name":"wp","href":"https:\/\/api.w.org\/{rel}","templated":true}]}}