{"id":471089,"date":"2023-09-11T12:43:09","date_gmt":"2023-09-11T16:43:09","guid":{"rendered":"http:\/\/diariodominicano.com\/?p=471089"},"modified":"2023-09-11T12:43:36","modified_gmt":"2023-09-11T16:43:36","slug":"conferencia-sobre-drogas-en-colombia-oasis-en-el-desierto","status":"publish","type":"post","link":"https:\/\/diariodominicano.com\/?p=471089","title":{"rendered":"Conferencia sobre Drogas en Colombia, Oasis en el Desierto"},"content":{"rendered":"\n<p> Juan Raddam\u00e9s de la Rosa Hidalgo. <\/p>\n\n\n\n<p>En fecha 7, 8 y 9 de septiembre, 2023, con el objetivo de redise\u00f1ar y replantear las pol\u00edticas de drogas, se celebr\u00f3 en Cali \u2013 Colombia, la Conferencia Latinoamericana y del Caribe sobre Drogas: \u201cPara la Vida, la Paz y el Desarrollo\u201d, organizada por el presidente colombiano Gustavo Petro, con el acompa\u00f1amiento del presidente de M\u00e9xico, Andr\u00e9s Manuel L\u00f3pez Obrador. A este evento, convocado por estos dos presidentes en el ejercicio del poder, asistieron: ministros (as) de Relaciones Exteriores y\/o Representantes del m\u00e1s Alto Nivel de los pa\u00edses de Am\u00e9rica Latina y el Caribe, viceministros (as), representantes de la Sociedad Civil: ONGs, academias, expertos, asociaciones y colectivos.<\/p>\n\n\n\n<p>Asistieron tambi\u00e9n como observadores, representantes de 18 pa\u00edses, y de agencias del sistema de Naciones Unidas. Como forma de ampliar la participaci\u00f3n, los organizadores consultaron &nbsp;a organizaciones de la sociedad civil que no estar\u00edan presentes en la Conferencia.&nbsp; Para esto hicieron circular el borrador del documento final, para que estas pudieran sumarse compartiendo comentarios y sugerencias de enmiendas. &nbsp;Casa Abierta fue una de las organizaciones consultadas, por lo que presentamos algunas sugerencias para enriquecer el documento. Una de nuestra propuesta gir\u00f3 en torno a la necesidad de desarrollar alianzas con la sociedad civil para el fomento de programas de prevenci\u00f3n, tratamientos, y reducci\u00f3n de riesgos y da\u00f1os, basados en la ciencia y el respeto a la dignidad de las personas, con perspectiva de derechos y g\u00e9nero.<\/p>\n\n\n\n<p>En esta Conferencia \u00abPara la Vida, la Paz y el Desarrollo\u00bb, se reconoce el fracaso de la \u201cguerra contra las drogas\u201d, que ha priorizado acciones eminentemente punitivas y sesgos transversales, siendo ineficaz en resolver las problem\u00e1ticas de fondo y explotando y exacerbando la vulnerabilidad de nuestros territorios y sociedades.&nbsp; Se afirma, como siempre hemos planteado desde Casa Abierta, que hay que prestar \u201cespecial atenci\u00f3n a las personas, las familias, las comunidades y la sociedad en general, con miras a promover y proteger la salud, seguridad y bienestar en Latinoam\u00e9rica y el Caribe, con una perspectiva de derechos humanos, g\u00e9nero y desarrollo, conforme a los objetivos de la Agenda 2030\u201d.<\/p>\n\n\n\n<p>Desde Casa Abierta, saludamos la celebraci\u00f3n de este evento, &nbsp;que definimos como una especie de oasis en el desierto, frente a la llamada guerra contra las drogas, a la que la inmensa mayor\u00eda de los gobiernos de Am\u00e9rica Latina y el Caribe, incluido el nuestro, &nbsp;se siguen sumando acr\u00edticamente. No se presta atenci\u00f3n al fracaso de sus acciones y las consecuencias negativas que estas est\u00e1n teniendo en la poblaci\u00f3n.&nbsp;<\/p>\n\n\n\n<p>Las actuales autoridades dominicanas colocaron en su plan de gobierno, &nbsp;que promover\u00edan \u201cun amplio di\u00e1logo nacional para fijar posici\u00f3n sobre el cuestionamiento de las premisas subyacentes del paradigma actual de pol\u00edticas de fiscalizaci\u00f3n internacional y la necesidad de enfoques alternativos\u201d. Pasado m\u00e1s de tres a\u00f1os en nuestro pa\u00eds contin\u00faan vigentes pol\u00edticas que han sido incapaces de reducir ni la oferta ni la demanda de drogas, pero que inexplicablemente se mantienen.<\/p>\n\n\n\n<p>En Casa Abierta, aspiramos a que la delegaci\u00f3n dominicana que asisti\u00f3 a la Conferencia \u201cPara la Vida, la Paz y el Desarrollo\u201d, haya entendido la urgencia de abandonar esos esquemas del pasado, y de promover &nbsp;la convocatoria al prometido di\u00e1logo nacional sobre las actuales pol\u00edticas sobre drogas en nuestro pa\u00eds.<\/p>\n\n\n\n<p>Juan Raddam\u00e9s de la Rosa Hidalgo.<\/p>\n\n\n\n<p>Psic\u00f3logo.<\/p>\n\n\n\n<p>Director ejecutivo<\/p>\n\n\n\n<p>Asociaci\u00f3n Casa Abierta.<\/p>\n\n\n\n<p><strong>Septiembre, 2023.<\/strong><\/p>\n","protected":false},"excerpt":{"rendered":"<p>Juan Raddam\u00e9s de la Rosa Hidalgo. En fecha 7, 8 y 9 de septiembre, 2023, con el objetivo de redise\u00f1ar y replantear las pol\u00edticas de drogas, se celebr\u00f3 en Cali \u2013 Colombia, la Conferencia Latinoamericana y del Caribe sobre Drogas: \u201cPara la Vida, la Paz y el Desarrollo\u201d, organizada por el presidente colombiano Gustavo Petro, [&hellip;]<\/p>\n","protected":false},"author":28,"featured_media":388375,"comment_status":"closed","ping_status":"","sticky":true,"template":"","format":"standard","meta":{"footnotes":""},"categories":[36,23,29,27],"tags":[],"class_list":["post-471089","post","type-post","status-publish","format-standard","has-post-thumbnail","hentry","category-hombresmujeresycosas","category-internacional","category-policiasucesos","category-portada"],"_links":{"self":[{"href":"https:\/\/diariodominicano.com\/index.php?rest_route=\/wp\/v2\/posts\/471089","targetHints":{"allow":["GET"]}}],"collection":[{"href":"https:\/\/diariodominicano.com\/index.php?rest_route=\/wp\/v2\/posts"}],"about":[{"href":"https:\/\/diariodominicano.com\/index.php?rest_route=\/wp\/v2\/types\/post"}],"author":[{"embeddable":true,"href":"https:\/\/diariodominicano.com\/index.php?rest_route=\/wp\/v2\/users\/28"}],"replies":[{"embeddable":true,"href":"https:\/\/diariodominicano.com\/index.php?rest_route=%2Fwp%2Fv2%2Fcomments&post=471089"}],"version-history":[{"count":2,"href":"https:\/\/diariodominicano.com\/index.php?rest_route=\/wp\/v2\/posts\/471089\/revisions"}],"predecessor-version":[{"id":471091,"href":"https:\/\/diariodominicano.com\/index.php?rest_route=\/wp\/v2\/posts\/471089\/revisions\/471091"}],"wp:featuredmedia":[{"embeddable":true,"href":"https:\/\/diariodominicano.com\/index.php?rest_route=\/wp\/v2\/media\/388375"}],"wp:attachment":[{"href":"https:\/\/diariodominicano.com\/index.php?rest_route=%2Fwp%2Fv2%2Fmedia&parent=471089"}],"wp:term":[{"taxonomy":"category","embeddable":true,"href":"https:\/\/diariodominicano.com\/index.php?rest_route=%2Fwp%2Fv2%2Fcategories&post=471089"},{"taxonomy":"post_tag","embeddable":true,"href":"https:\/\/diariodominicano.com\/index.php?rest_route=%2Fwp%2Fv2%2Ftags&post=471089"}],"curies":[{"name":"wp","href":"https:\/\/api.w.org\/{rel}","templated":true}]}}