{"id":471087,"date":"2023-09-11T12:37:21","date_gmt":"2023-09-11T16:37:21","guid":{"rendered":"http:\/\/diariodominicano.com\/?p=471087"},"modified":"2023-09-11T12:37:21","modified_gmt":"2023-09-11T16:37:21","slug":"fiscalia-de-sde-y-norte-obtuvo-20-anos-de-prision-en-contra-de-un-hombre-que-violo-sexualmente-a-un-nino-de-cinco-anos","status":"publish","type":"post","link":"https:\/\/diariodominicano.com\/?p=471087","title":{"rendered":"Fiscal\u00eda de SDE y Norte obtuvo 20 a\u00f1os de prisi\u00f3n en contra de un hombre que viol\u00f3 sexualmente a un ni\u00f1o de cinco a\u00f1os"},"content":{"rendered":"\n<p><strong>SANTO DOMINGO NORTE (Rep\u00fablica Dominicana).<\/strong>&nbsp;\u2013 La Procuradur\u00eda Fiscal de Santo Domingo Este y Norte obtuvo una condena de 20 a\u00f1os de prisi\u00f3n en contra de un hombre de 19 a\u00f1os de edad que viol\u00f3 sexualmente a un ni\u00f1o de cinco a\u00f1os, en un hecho ocurrido el pasado a\u00f1o en Sabana Perdida de Santo Domingo Norte.<\/p>\n\n\n\n<p>La condena fue impuesta por el Segundo Tribunal Colegiado, que preside la jueza Josefina Ubiera Guerrero e integran los magistrados Yury Cuevas de la Cruz y Ariella Cedano N\u00fa\u00f1ez, en contra de Malfi Valdez S\u00e1nchez, en perjuicio del menor de edad, nombre que se omite para proteger su identidad.<\/p>\n\n\n\n<p>Durante el juicio el Ministerio P\u00fablico, representado por el procurador fiscal Jonathan Eusebio, demostr\u00f3 a trav\u00e9s de pruebas, testimoniales, periciales y documentales que el hoy condenado viol\u00f3 los art\u00edculos 331- del C\u00f3digo Penal Dominicano, modificado por la Ley 24-97, cual constituye como violaci\u00f3n todo acto de penetraci\u00f3n sexual, de cualquier naturaleza que sea, cometido contra una persona mediante violencia, constre\u00f1imiento, amenaza o sorpresa.<\/p>\n\n\n\n<p>Adem\u00e1s, con sus acciones falt\u00f3 a los art\u00edculos 12, 14, 16, 18 y 396 literal B, B, C, de la Ley 136-03, sobre el C\u00f3digo de Protecci\u00f3n de los Derechos Fundamentales de los Ni\u00f1os, Ni\u00f1as y Adolescentes.<\/p>\n\n\n\n<p>En fecha 24 mayo del 2022, la madre de infante denunci\u00f3 ante las autoridades correspondientes, que su hijo menor de cinco a\u00f1os le manifest\u00f3 que el encartado le hac\u00eda cosas malas por su parte \u00edntima y que adem\u00e1s le amenazaba constantemente para que no contara lo sucedido.<\/p>\n\n\n\n<p>Para corroborar los hechos el Ministerio P\u00fablico, le realiz\u00f3 al infante los estudios correspondientes, los cuales emitieron certificaciones que corroboraron los hechos.<\/p>\n\n\n\n<p><strong>Direcci\u00f3n General de Comunicaci\u00f3n, Prensa, y RRPP<\/strong><\/p>\n\n\n\n<p>Ministerio P\u00fablico.&nbsp;R.D.<\/p>\n\n\n\n<p>Lunes, 11 de septiembre de 2023<\/p>\n","protected":false},"excerpt":{"rendered":"<p>SANTO DOMINGO NORTE (Rep\u00fablica Dominicana).&nbsp;\u2013 La Procuradur\u00eda Fiscal de Santo Domingo Este y Norte obtuvo una condena de 20 a\u00f1os de prisi\u00f3n en contra de un hombre de 19 a\u00f1os de edad que viol\u00f3 sexualmente a un ni\u00f1o de cinco a\u00f1os, en un hecho ocurrido el pasado a\u00f1o en Sabana Perdida de Santo Domingo Norte. [&hellip;]<\/p>\n","protected":false},"author":28,"featured_media":331160,"comment_status":"closed","ping_status":"","sticky":true,"template":"","format":"standard","meta":{"footnotes":""},"categories":[24,29,27],"tags":[],"class_list":["post-471087","post","type-post","status-publish","format-standard","has-post-thumbnail","hentry","category-justicia-y-derecho","category-policiasucesos","category-portada"],"_links":{"self":[{"href":"https:\/\/diariodominicano.com\/index.php?rest_route=\/wp\/v2\/posts\/471087","targetHints":{"allow":["GET"]}}],"collection":[{"href":"https:\/\/diariodominicano.com\/index.php?rest_route=\/wp\/v2\/posts"}],"about":[{"href":"https:\/\/diariodominicano.com\/index.php?rest_route=\/wp\/v2\/types\/post"}],"author":[{"embeddable":true,"href":"https:\/\/diariodominicano.com\/index.php?rest_route=\/wp\/v2\/users\/28"}],"replies":[{"embeddable":true,"href":"https:\/\/diariodominicano.com\/index.php?rest_route=%2Fwp%2Fv2%2Fcomments&post=471087"}],"version-history":[{"count":1,"href":"https:\/\/diariodominicano.com\/index.php?rest_route=\/wp\/v2\/posts\/471087\/revisions"}],"predecessor-version":[{"id":471088,"href":"https:\/\/diariodominicano.com\/index.php?rest_route=\/wp\/v2\/posts\/471087\/revisions\/471088"}],"wp:featuredmedia":[{"embeddable":true,"href":"https:\/\/diariodominicano.com\/index.php?rest_route=\/wp\/v2\/media\/331160"}],"wp:attachment":[{"href":"https:\/\/diariodominicano.com\/index.php?rest_route=%2Fwp%2Fv2%2Fmedia&parent=471087"}],"wp:term":[{"taxonomy":"category","embeddable":true,"href":"https:\/\/diariodominicano.com\/index.php?rest_route=%2Fwp%2Fv2%2Fcategories&post=471087"},{"taxonomy":"post_tag","embeddable":true,"href":"https:\/\/diariodominicano.com\/index.php?rest_route=%2Fwp%2Fv2%2Ftags&post=471087"}],"curies":[{"name":"wp","href":"https:\/\/api.w.org\/{rel}","templated":true}]}}