{"id":471069,"date":"2023-09-11T12:12:12","date_gmt":"2023-09-11T16:12:12","guid":{"rendered":"http:\/\/diariodominicano.com\/?p=471069"},"modified":"2023-09-11T12:12:57","modified_gmt":"2023-09-11T16:12:57","slug":"todo-cine-todo-dominicana-2023-un-festival-de-cine-imperdible-en-madrid","status":"publish","type":"post","link":"https:\/\/diariodominicano.com\/?p=471069","title":{"rendered":"TODO CINE TODO DOMINICANA 2023:\u00a0Un Festival de Cine Imperdible en Madrid"},"content":{"rendered":"\n<p><strong>La doceava edici\u00f3n de la Muestra de Cine Dominicano llega a Madrid, prometiendo un evento inolvidable que celebra la rica cultura, la diversidad y el excepcional talento cinematogr\u00e1fico de la Rep\u00fablica Dominicana.<\/strong><\/p>\n\n\n\n<p><strong>Madrid, Espa\u00f1a &#8211;<\/strong>&nbsp;La ciudad de Madrid se prepara para recibir la emocionante y esperada decimosegunda edici\u00f3n de&nbsp;<strong>TODO CINE TODO DOMINICANA 2023<\/strong>, un evento cinematogr\u00e1fico que celebra lo mejor del cine dominicano y que tendr\u00e1 lugar del 19 al 24 de septiembre del a\u00f1o en curso.&nbsp;<\/p>\n\n\n\n<p>Esta destacada muestra cinematogr\u00e1fica se llevar\u00e1 a cabo en el marco de las actividades organizadas por la Embajada de la Rep\u00fablica Dominicana ante el Reino de Espa\u00f1a, la Direcci\u00f3n General de Cine (DGCINE), y el Ministerio de Turismo (MITUR), con la valiosa colaboraci\u00f3n de CINETECA, el Centro Cultural Jos\u00e9 de Espronceda y la Casa de Am\u00e9rica.<\/p>\n\n\n\n<p>Este a\u00f1o, el evento promete llevar a los espectadores en un viaje cinematogr\u00e1fico \u00fanico lleno de historias cautivadoras y reflexiones culturales. A continuaci\u00f3n, les ofrecemos un adelanto de lo que pueden esperar:<\/p>\n\n\n\n<p><strong>Martes, 19 de septiembre<\/strong>&nbsp;&#8211; CINETECA (Sala Azcona) a las 20 h:<\/p>\n\n\n\n<p>Apertura del evento con la pel\u00edcula&nbsp;<strong><em>\u00abDi\u00e1spora\u00bb,<\/em><\/strong>&nbsp;dirigida por H\u00e9ctor Manuel Valdez, una obra que aborda la tem\u00e1tica de la migraci\u00f3n. Presencia del Sr. Juan Bol\u00edvar D\u00edaz, embajador de Rep\u00fablica Dominicana en Espa\u00f1a, y el director de la pel\u00edcula para un enriquecedor conversatorio.<\/p>\n\n\n\n<p><strong>Mi\u00e9rcoles, 20 de septiembre<\/strong>&nbsp;&#8211; Centro Cultural Jos\u00e9 de Espronceda (Sal\u00f3n de Actos) a las 19 h:<\/p>\n\n\n\n<p>Proyecci\u00f3n de&nbsp;<strong><em>\u00abLa vida de los Reyes\u00bb,&nbsp;<\/em><\/strong>inspirada en la historia real de los humoristas Miguel C\u00e9spedes y Raymond Pozo, dirigida por Frank Perozo.<\/p>\n\n\n\n<p><strong>Mi\u00e9rcoles, 20 de septiembre<\/strong>&nbsp;&#8211; CINETECA (Sala Azcona) a las 20 h:<\/p>\n\n\n\n<p>Presentaci\u00f3n de&nbsp;<strong><em>\u00abConsuelo\u00bb,<\/em><\/strong>&nbsp;un documental sobre el programa de las Hermanas canadienses de la Inmaculada Concepci\u00f3n, dirigido por Fernando Santos y Gabriel Valencia. Conversatorio con la presencia de los cineastas, el productor ejecutivo Juan Tavares y la autora del libro \u00abEl milagro de Consuelo\u00bb, Leonor Elm\u00fadesi.<\/p>\n\n\n\n<p><strong>Jueves, 21 de septiembre &#8211;<\/strong>&nbsp;Casa de Am\u00e9rica (Sal\u00f3n de Embajadores) a las 12 h:<\/p>\n\n\n\n<p>Conversatorio&nbsp;<strong><em>\u00abImaginario colectivo del cine dominicano: m\u00e1s all\u00e1 de contar historias\u00bb<\/em><\/strong>&nbsp;con la participaci\u00f3n de Marianna Vargas Gurilieva, directora de la DGCINE, y directores dominicanos asistentes a la muestra, moderado por Manuel Mart\u00edn, director del Festival de Cine Iberoamericano de Huelva.<\/p>\n\n\n\n<p><strong>Jueves, 21 de septiembre<\/strong>&nbsp;&#8211; Casa de Am\u00e9rica (Sala Iberia) a las 18 h 30:<\/p>\n\n\n\n<p>Proyecci\u00f3n de&nbsp;<strong><em>\u00abLo que se hereda\u00bb,<\/em><\/strong>&nbsp;un retrato de la b\u00fasqueda de Oscar Torres, un cineasta dominicano, dirigido por Victoria Linares Villegas.<\/p>\n\n\n\n<p><strong>Jueves, 21 de septiembre<\/strong>&nbsp;&#8211; CINETECA (Sala Azcona) a las 21 h:<\/p>\n\n\n\n<p>Proyecci\u00f3n de&nbsp;<strong><em>\u00abBant\u00fa mama\u00bb,<\/em><\/strong>&nbsp;la pel\u00edcula que represent\u00f3 al pa\u00eds en los premios Oscar 2023, dirigida por Iv\u00e1n Herrera, con la presencia del director y Marianna Vargas Gurileva.<\/p>\n\n\n\n<p>Conversatorio con el director sobre esta emotiva trama.<\/p>\n\n\n\n<p><strong>Viernes, 22 de septiembre<\/strong>&nbsp;&#8211; CINETECA (Sala Azcona) a las 18 h:<\/p>\n\n\n\n<p>Proyecci\u00f3n de&nbsp;<strong><em>\u00abPerejil\u00bb,&nbsp;<\/em><\/strong>un drama hist\u00f3rico dirigido por Jos\u00e9 Mar\u00eda Cabral.<\/p>\n\n\n\n<p>CINETECA (Sala Borau) a las 20 h:<\/p>\n\n\n\n<p><strong><em>\u00abEl pa\u00eds de las \u00faltimas cosas\u00bb,<\/em><\/strong>&nbsp;una pel\u00edcula en blanco y negro de g\u00e9nero drama dist\u00f3pica, dirigida por Alejandro Chomski, una coproducci\u00f3n de Argentina y Rep\u00fablica Dominicana.<\/p>\n\n\n\n<p><strong>Domingo, 24 de septiembre<\/strong>&nbsp;&#8211; CINETECA:<\/p>\n\n\n\n<p>Clausura de la muestra con la proyecci\u00f3n de&nbsp;<strong><em>\u00abEl Blanco\u00bb,<\/em><\/strong>&nbsp;dirigida por Alejandro And\u00fajar, un filme dram\u00e1tico que reflexiona sobre la sumisi\u00f3n de la mujer.<\/p>\n\n\n\n<p>Para obtener informaci\u00f3n detallada sobre la programaci\u00f3n y adquirir entradas, visite&nbsp;<a href=\"http:\/\/www.todocine-tododominicana.com\/\" target=\"_blank\" rel=\"noreferrer noopener\">www.todocine-tododominicana.com<\/a>&nbsp;. Las entradas est\u00e1n disponibles en CINETECA, Casa de Am\u00e9rica, Centro Cultural Jos\u00e9 de Espronceda y en&nbsp;<a href=\"http:\/\/www.cinetecamadrid.com\/\" target=\"_blank\" rel=\"noreferrer noopener\">www.cinetecamadrid.com<\/a>. TODO CINE TODO DOMINICANA 2023 promete ser un viaje emocionante a trav\u00e9s del cine dominicano que no querr\u00e1s perderte. \u00a1Esperamos verlos all\u00ed!<\/p>\n\n\n\n<p><em>11 de septiembre 2023<\/em><\/p>\n\n\n\n<p><em>Madrid, Espa\u00f1a<\/em>Agradeciendo su disposici\u00f3n, quedo a la orden para cualquier informaci\u00f3n adicional que requieran.<\/p>\n\n\n\n<p><br>Samuel Esteban<br>Encargado de Asuntos Culturales, Comunicaci\u00f3n &amp; Prensa<br>&#8212;<\/p>\n\n\n\n<p><strong>Embajada de la Rep\u00fablica Dominicana<\/strong><\/p>\n","protected":false},"excerpt":{"rendered":"<p>La doceava edici\u00f3n de la Muestra de Cine Dominicano llega a Madrid, prometiendo un evento inolvidable que celebra la rica cultura, la diversidad y el excepcional talento cinematogr\u00e1fico de la Rep\u00fablica Dominicana. Madrid, Espa\u00f1a &#8211;&nbsp;La ciudad de Madrid se prepara para recibir la emocionante y esperada decimosegunda edici\u00f3n de&nbsp;TODO CINE TODO DOMINICANA 2023, un evento [&hellip;]<\/p>\n","protected":false},"author":28,"featured_media":471075,"comment_status":"closed","ping_status":"","sticky":true,"template":"","format":"standard","meta":{"footnotes":""},"categories":[21,36,25,27,32],"tags":[],"class_list":["post-471069","post","type-post","status-publish","format-standard","has-post-thumbnail","hentry","category-cultura","category-hombresmujeresycosas","category-gente","category-portada","category-turismo"],"_links":{"self":[{"href":"https:\/\/diariodominicano.com\/index.php?rest_route=\/wp\/v2\/posts\/471069","targetHints":{"allow":["GET"]}}],"collection":[{"href":"https:\/\/diariodominicano.com\/index.php?rest_route=\/wp\/v2\/posts"}],"about":[{"href":"https:\/\/diariodominicano.com\/index.php?rest_route=\/wp\/v2\/types\/post"}],"author":[{"embeddable":true,"href":"https:\/\/diariodominicano.com\/index.php?rest_route=\/wp\/v2\/users\/28"}],"replies":[{"embeddable":true,"href":"https:\/\/diariodominicano.com\/index.php?rest_route=%2Fwp%2Fv2%2Fcomments&post=471069"}],"version-history":[{"count":2,"href":"https:\/\/diariodominicano.com\/index.php?rest_route=\/wp\/v2\/posts\/471069\/revisions"}],"predecessor-version":[{"id":471077,"href":"https:\/\/diariodominicano.com\/index.php?rest_route=\/wp\/v2\/posts\/471069\/revisions\/471077"}],"wp:featuredmedia":[{"embeddable":true,"href":"https:\/\/diariodominicano.com\/index.php?rest_route=\/wp\/v2\/media\/471075"}],"wp:attachment":[{"href":"https:\/\/diariodominicano.com\/index.php?rest_route=%2Fwp%2Fv2%2Fmedia&parent=471069"}],"wp:term":[{"taxonomy":"category","embeddable":true,"href":"https:\/\/diariodominicano.com\/index.php?rest_route=%2Fwp%2Fv2%2Fcategories&post=471069"},{"taxonomy":"post_tag","embeddable":true,"href":"https:\/\/diariodominicano.com\/index.php?rest_route=%2Fwp%2Fv2%2Ftags&post=471069"}],"curies":[{"name":"wp","href":"https:\/\/api.w.org\/{rel}","templated":true}]}}