{"id":471029,"date":"2023-09-11T01:31:35","date_gmt":"2023-09-11T05:31:35","guid":{"rendered":"http:\/\/diariodominicano.com\/?p=471029"},"modified":"2023-09-11T01:32:31","modified_gmt":"2023-09-11T05:32:31","slug":"muere-en-victoria-mexico-jose-nunez-de-caceres","status":"publish","type":"post","link":"https:\/\/diariodominicano.com\/?p=471029","title":{"rendered":"Muere en Victoria, M\u00e9xico, Jos\u00e9 N\u00fa\u00f1ez de C\u00e1ceres"},"content":{"rendered":"\n<p>Externa:<\/p>\n\n\n\n<p>\u00a0Por H\u00e9ctor Tineo Nolasco<\/p>\n\n\n\n<p>Diariodominicano.com<\/p>\n\n\n\n<p> VICTORIA, M\u00e9xico, el 11 de septiembre de 1846, falleci\u00f3 en la ciudad Victoria de M\u00e9xico, el licenciado Jos\u00e9 N\u00fa\u00f1ez de C\u00e1ceres, fundador del Estado independiente de Hait\u00ed Espa\u00f1ol, per\u00edodo que se conoce en la historia dominicana como la \u00abIndependencia Ef\u00edmera\u00bb.<\/p>\n\n\n\n<p>&nbsp;&nbsp;&nbsp;&nbsp; El abogado y pol\u00edtico naci\u00f3 en ciudad Santo Domingo el 14 de marzo de 1772. Curs\u00f3 sus&nbsp; estudios en&nbsp; la Universidad de los Dominicos, hoy Universidad Aut\u00f3noma de Santo Domingo,&nbsp; donde&nbsp; obtuvo el t\u00edtulo de licenciado en leyes.<\/p>\n\n\n\n<p>&nbsp;&nbsp;&nbsp;&nbsp; Cuando se ejecut\u00f3 el Tratado de Basilea,&nbsp; en virtud del cual Espa\u00f1a le entreg\u00f3 a Francia su colonia de la parte oriental de la Isla de Santo Domingo, Jos\u00e9 N\u00fa\u00f1ez de C\u00e1ceres se traslad\u00f3 a Camag\u00fcey, Cuba, donde permaneci\u00f3 hasta que Espa\u00f1a reconquist\u00f3 su antigua colonia.<\/p>\n\n\n\n<p>&nbsp;&nbsp;&nbsp; En la nueva administraci\u00f3n&nbsp; colonial de Espa\u00f1a,&nbsp; en Santo Domingo, ocup\u00f3&nbsp; funciones p\u00fablicas, entre las&nbsp; que figuran los cargos de auditor de guerra,&nbsp; asesor general, teniente gobernador y oidor honorario.<\/p>\n\n\n\n<p><strong>&nbsp;&nbsp;&nbsp; El historiador C\u00e9sar Herrera, en su obra \u00abDivulgaciones Hist\u00f3ricas\u00bb, apunta que al licenciado N\u00fa\u00f1ez de C\u00e1ceres, le toc\u00f3 la suerte de afrontar una situaci\u00f3n al borde del caos cuando lleg\u00f3 a Santo Domingo para asumir sus funciones de Teniente Gobernador, Asesor General de Gobierno, y Auditor de Guerra de Santo Domingo\u00bb.<\/strong><strong><\/strong><\/p>\n\n\n\n<p>&nbsp;&nbsp;&nbsp;&nbsp; En&nbsp; 1815&nbsp; se convirti\u00f3 en el primer Rector de la restaurada Universidad de Santo Domingo.<\/p>\n\n\n\n<p>&nbsp;&nbsp;&nbsp;&nbsp; El 1 de diciembre de 1821 hizo la primera proclamaci\u00f3n de la independencia nacional.<\/p>\n\n\n\n<p>&nbsp;&nbsp;&nbsp; <strong>El historiador Rufino Mart\u00ednez, en su \u00abDiccionario Biogr\u00e1fico-Hist\u00f3rico Dominicano 1821-1930\u00bb, apunta que en Tamaulipas, N\u00fa\u00f1ez de C\u00e1ceres tuvo actuaci\u00f3n de ciudadano primero como abogado, y luego desempe\u00f1ando el cargo de Fiscal de la Corte Suprema.<\/strong><strong><\/strong><\/p>\n\n\n\n<p>&nbsp;&nbsp;&nbsp; Por sus m\u00e9ritos y servicios en Tamaulipas, el Congreso le otorg\u00f3 el t\u00edtulo de \u00abCiudadano Benem\u00e9rito del Estado\u00bb.<\/p>\n\n\n\n<p>&nbsp;&nbsp;&nbsp; \u00abLuego fue favorecido&nbsp; con el cargo honor\u00edfico de Senador, al que sigui\u00f3 el de Tesorero de la Hacienda P\u00fablica\u00bb.<\/p>\n\n\n\n<p>&nbsp;&nbsp; <strong>Joaqu\u00edn Balaguer, en su obra \u00abHistoria de la Literatura Dominicana\u00bb, anota qu\u00e9 al morir, en 1846, el Congreso de Tamaulipas orden\u00f3 que el nombre de Jos\u00e9 N\u00fa\u00f1ez C\u00e1ceres fuera grabado con letras de oro en el recinto legislativo.<\/strong><strong><\/strong><\/p>\n\n\n\n<p>&nbsp;&nbsp;&nbsp; Los restos de Jos\u00e9 N\u00fa\u00f1ez de C\u00e1ceres fueron repatriados en el a\u00f1o 1943. Descansan en el Pante\u00f3n Nacional, en la calle Las Damas de ciudad Santo Domingo.<\/p>\n\n\n\n<p>&nbsp;&nbsp; \u00abJos\u00e9 N\u00fa\u00f1ez de C\u00e1ceres desarroll\u00f3 una intensa labor period\u00edstica y literaria bajo el r\u00e9gimen de la \u00abEspa\u00f1a Boba\u00bb. Frecuent\u00f3 asiduamente durante los \u00faltimos a\u00f1os de la colonia, el campo de la poes\u00eda, el de la c\u00e1tedra, el de la tribuna acad\u00e9mica, el de la pol\u00e9mica y el del art\u00edculo de combate\u00bb.<\/p>\n\n\n\n<p>&nbsp;&nbsp;&nbsp; En opini\u00f3n de Balaguer, \u00abSu actividad intelectual pone de relieve, durante este tiempo, la asombrosa inquietud de este esp\u00edritu batallador que bien pronto deb\u00eda recoger,&nbsp; en la elocuente Proclama de la Independencia en 1821, el pensamiento de la libertad que ya ard\u00eda en la conciencia de muchos dominicanos.<\/p>\n\n\n\n<p>&nbsp;&nbsp;&nbsp; \u00abAs\u00ed como Francisco Morillas hab\u00eda celebrado, algunos a\u00f1os antes, el triunfo de las armas espa\u00f1olas en la Sabana Real de la Limonade, N\u00fa\u00f1ez de C\u00e1ceres entona un canto lleno de fervor patri\u00f3tico a la gesta del brigadier Juan S\u00e1nchez Ram\u00edrez, en la Batalla de Palo Hincado.<\/p>\n\n\n\n<p>&nbsp;&nbsp; \u00abD\u00e9bil de entonaci\u00f3n y sin verdadera fuerza \u00e9pica,&nbsp; talvez&nbsp; demasiado ce\u00f1ido a los fr\u00edos moldes de la poes\u00eda cl\u00e1sica, ese canto carece de pompa y de vida como composici\u00f3n&nbsp; destinada a recoger en sus estrofas un eco del himno de&nbsp; las victorias militares, pero revela el entusiasmo de su&nbsp; autor por la libertad y anuncia, de cuerpo entero, al pr\u00f3cer de la primera independencia dominicana.<\/p>\n\n\n\n<p>&nbsp;&nbsp;&nbsp; \u00abN\u00fa\u00f1ez&nbsp; C\u00e1ceres dej\u00f3, como cultivador del verso, diez o&nbsp; doce f\u00e1bulas notables, no s\u00f3lo por el fondo moral, desnaturalizado a veces por la alusi\u00f3n personal y la intenci\u00f3n sat\u00edrica, sino tambi\u00e9n porque en&nbsp;&nbsp; la mayor\u00eda de ellas&nbsp; asoma la garra de este temperamento de polemista que manej\u00f3 con rara habilidad&nbsp; la invectiva y el sarcasmo\u00bb.<\/p>\n\n\n\n<p>&nbsp;&nbsp;&nbsp; Para avalar su opini\u00f3n,&nbsp; Balaguer cita como ejemplo&nbsp; la composici\u00f3n&nbsp; \u00bb La ara\u00f1a y el \u00e1guila\u00bb.&nbsp;&nbsp; A su juicio:<\/p>\n\n\n\n<p>&nbsp;&nbsp; \u00abBasta a la Gloria de N\u00fa\u00f1ez de C\u00e1ceres, como escritor, los documentos que redact\u00f3 en las&nbsp; tres ocasiones solemnes en que le toc\u00f3 asumir la representaci\u00f3n del pa\u00eds para proclamar su derecho a ser libre o para exigir de la Metr\u00f3poli el remedio requerido por los males de la colonia: la \u00abDeclaratoria de Independencia del Pueblo Dominicano\u00bb, proclama dirigida al mundo y redactada con la elevaci\u00f3n propia de la grandeza de aquel momento hist\u00f3rico; el discurso que pronunci\u00f3 el 9 de febrero de 1822, para entregar a Boyer las llaves de la ciudad de Santo Domingo, donde increpa al d\u00e9spota advirti\u00e9ndole que las desemejanzas de costumbres y el idioma establec\u00eda entre las dos porciones de la isla un muro infranqueable como los Alpes y los Pirineos\u00bb;<\/p>\n\n\n\n<p>&nbsp;&nbsp;&nbsp;&nbsp; \u00abY la exposici\u00f3n que el 26 de junio de 1813, elev\u00f3 al Mariscal de Campo Carlos Urrutia, donde pinta, con lenguaje pat\u00e9tico, la situaci\u00f3n del pa\u00eds, &#8216;amaestrado por las vicisitudes\u00bb, y donde declara con arrogancia que el hombre a quien le asiste la verdad permanece imperturbable hasta cuando sobre su cabeza se desploma la m\u00e1quina del mundo\u00bb.<\/p>\n\n\n\n<p>&nbsp;&nbsp;&nbsp; Los restos de Jos\u00e9 N\u00fa\u00f1ez de C\u00e1ceres fueron repatriados en el a\u00f1o 1943. Descansan en el Pante\u00f3n Nacional, en la calle Las Damas de la ciudad de Santo Domingo.<\/p>\n","protected":false},"excerpt":{"rendered":"<p>Externa: \u00a0Por H\u00e9ctor Tineo Nolasco Diariodominicano.com VICTORIA, M\u00e9xico, el 11 de septiembre de 1846, falleci\u00f3 en la ciudad Victoria de M\u00e9xico, el licenciado Jos\u00e9 N\u00fa\u00f1ez de C\u00e1ceres, fundador del Estado independiente de Hait\u00ed Espa\u00f1ol, per\u00edodo que se conoce en la historia dominicana como la \u00abIndependencia Ef\u00edmera\u00bb. &nbsp;&nbsp;&nbsp;&nbsp; El abogado y pol\u00edtico naci\u00f3 en ciudad Santo [&hellip;]<\/p>\n","protected":false},"author":28,"featured_media":267595,"comment_status":"closed","ping_status":"","sticky":false,"template":"","format":"standard","meta":{"footnotes":""},"categories":[21,26,32],"tags":[],"class_list":["post-471029","post","type-post","status-publish","format-standard","has-post-thumbnail","hentry","category-cultura","category-efemerides","category-turismo"],"_links":{"self":[{"href":"https:\/\/diariodominicano.com\/index.php?rest_route=\/wp\/v2\/posts\/471029","targetHints":{"allow":["GET"]}}],"collection":[{"href":"https:\/\/diariodominicano.com\/index.php?rest_route=\/wp\/v2\/posts"}],"about":[{"href":"https:\/\/diariodominicano.com\/index.php?rest_route=\/wp\/v2\/types\/post"}],"author":[{"embeddable":true,"href":"https:\/\/diariodominicano.com\/index.php?rest_route=\/wp\/v2\/users\/28"}],"replies":[{"embeddable":true,"href":"https:\/\/diariodominicano.com\/index.php?rest_route=%2Fwp%2Fv2%2Fcomments&post=471029"}],"version-history":[{"count":4,"href":"https:\/\/diariodominicano.com\/index.php?rest_route=\/wp\/v2\/posts\/471029\/revisions"}],"predecessor-version":[{"id":471033,"href":"https:\/\/diariodominicano.com\/index.php?rest_route=\/wp\/v2\/posts\/471029\/revisions\/471033"}],"wp:featuredmedia":[{"embeddable":true,"href":"https:\/\/diariodominicano.com\/index.php?rest_route=\/wp\/v2\/media\/267595"}],"wp:attachment":[{"href":"https:\/\/diariodominicano.com\/index.php?rest_route=%2Fwp%2Fv2%2Fmedia&parent=471029"}],"wp:term":[{"taxonomy":"category","embeddable":true,"href":"https:\/\/diariodominicano.com\/index.php?rest_route=%2Fwp%2Fv2%2Fcategories&post=471029"},{"taxonomy":"post_tag","embeddable":true,"href":"https:\/\/diariodominicano.com\/index.php?rest_route=%2Fwp%2Fv2%2Ftags&post=471029"}],"curies":[{"name":"wp","href":"https:\/\/api.w.org\/{rel}","templated":true}]}}