{"id":470936,"date":"2023-09-10T23:43:16","date_gmt":"2023-09-11T03:43:16","guid":{"rendered":"http:\/\/diariodominicano.com\/?p=470936"},"modified":"2023-09-10T23:43:16","modified_gmt":"2023-09-11T03:43:16","slug":"empresas-salvadorenas-buscaran-socios-comerciales-en-rueda-de-negocios","status":"publish","type":"post","link":"https:\/\/diariodominicano.com\/?p=470936","title":{"rendered":"Empresas salvadore\u00f1as buscar\u00e1n socios comerciales en rueda de negocios"},"content":{"rendered":"\n<p> <strong>Centro hist\u00f3rico de la ciudad de San Salvador, capital de esa naci\u00f3n centroamericana.<\/strong> <\/p>\n\n\n\n<p><br><strong><em>Ser\u00e1 realizada este pr\u00f3ximo martes 12 y mi\u00e9rcoles 13, en el Hotel Dominican Fiesta, con la presencia de la embajadora y otras autoridades oficiales de esta naci\u00f3n.<\/em><\/strong><\/p>\n\n\n\n<p><strong>Santo Domingo, Rep. Dom.-<\/strong>&nbsp;Diecis\u00e9is empresas salvadore\u00f1as pertenecientes a varios sectores productivos realizar\u00e1n una rueda de negocios el martes 12 y mi\u00e9rcoles 13 de este mes, en una misi\u00f3n comercial que busca establecer alianzas comerciales con socios importadores dominicanos.<br>En un comunicado de prensa, el gobierno de El Salvador, a trav\u00e9s de su Agencia de Promoci\u00f3n de Inversi\u00f3n y Exportaciones (Invest in El Salvador), inform\u00f3 que el primer d\u00eda la rueda negocios se llevar\u00e1 a cabo en el horario de 8:30 de la ma\u00f1ana a 6:00 de la tarde, y el segundo de 9:00 de la ma\u00f1ana a 1:00 de la tarde, en el Hotel Dominican Fiesta.<br>Esta misi\u00f3n es organizada por Invest in El Salvador, apoyada por el proyecto para la Competitividad Econ\u00f3mica de El Salvador, de la Agencia de los Estados Unidos para el Desarrollo Internacional (Usaid), y tiene el prop\u00f3sito de impulsar la oferta exportable de productos de ese pa\u00eds centroamericano en el mercado dominicano.<br>Las \u00e1reas a las que pertenecen las empresas salvadore\u00f1as son de manufacturas diversas y confecci\u00f3n y textil, impresi\u00f3n, el cual incluye cart\u00f3n y papel, empaques para medicamentos, material \u201cpop\u201d y anillos para cigarros.<br>Asimismo, pl\u00e1sticos, muebles de exteriores, metal\u00fargica con puertas contra fuego, b\u00f3vedas, seguridad, agendas, botas de PVC y m\u00e1quinas envasadoras para l\u00edquidos, granos y s\u00f3lidos, alimentos, entre otros.<br>La agenda gubernamental Invest in El Salvador promueve la oferta exportable de esa naci\u00f3n, identificar\u00e1 las necesidades y demandas que requieren los importadores en los diferentes sectores econ\u00f3micos de manufacturas diversas y de alimentos de la Rep\u00fablica Dominicana para llegar a negociaciones y concluir negocios de primera mano con los compradores locales.<br>Para obtener mayor informaci\u00f3n para participar en la rueda de negocios, se puede contactar a la doctora Katrina Naut, consultora de la Usaid para el proyecto, en el correo electr\u00f3nico&nbsp;<a href=\"mailto:katrina@nautassociates.com\" target=\"_blank\" rel=\"noreferrer noopener\">katrina@nautassociates.com<\/a>.<\/p>\n\n\n\n<p><\/p>\n","protected":false},"excerpt":{"rendered":"<p>Centro hist\u00f3rico de la ciudad de San Salvador, capital de esa naci\u00f3n centroamericana. Ser\u00e1 realizada este pr\u00f3ximo martes 12 y mi\u00e9rcoles 13, en el Hotel Dominican Fiesta, con la presencia de la embajadora y otras autoridades oficiales de esta naci\u00f3n. Santo Domingo, Rep. Dom.-&nbsp;Diecis\u00e9is empresas salvadore\u00f1as pertenecientes a varios sectores productivos realizar\u00e1n una rueda de [&hellip;]<\/p>\n","protected":false},"author":28,"featured_media":470937,"comment_status":"closed","ping_status":"","sticky":false,"template":"","format":"standard","meta":{"footnotes":""},"categories":[18,32],"tags":[],"class_list":["post-470936","post","type-post","status-publish","format-standard","has-post-thumbnail","hentry","category-economia","category-turismo"],"_links":{"self":[{"href":"https:\/\/diariodominicano.com\/index.php?rest_route=\/wp\/v2\/posts\/470936","targetHints":{"allow":["GET"]}}],"collection":[{"href":"https:\/\/diariodominicano.com\/index.php?rest_route=\/wp\/v2\/posts"}],"about":[{"href":"https:\/\/diariodominicano.com\/index.php?rest_route=\/wp\/v2\/types\/post"}],"author":[{"embeddable":true,"href":"https:\/\/diariodominicano.com\/index.php?rest_route=\/wp\/v2\/users\/28"}],"replies":[{"embeddable":true,"href":"https:\/\/diariodominicano.com\/index.php?rest_route=%2Fwp%2Fv2%2Fcomments&post=470936"}],"version-history":[{"count":1,"href":"https:\/\/diariodominicano.com\/index.php?rest_route=\/wp\/v2\/posts\/470936\/revisions"}],"predecessor-version":[{"id":470938,"href":"https:\/\/diariodominicano.com\/index.php?rest_route=\/wp\/v2\/posts\/470936\/revisions\/470938"}],"wp:featuredmedia":[{"embeddable":true,"href":"https:\/\/diariodominicano.com\/index.php?rest_route=\/wp\/v2\/media\/470937"}],"wp:attachment":[{"href":"https:\/\/diariodominicano.com\/index.php?rest_route=%2Fwp%2Fv2%2Fmedia&parent=470936"}],"wp:term":[{"taxonomy":"category","embeddable":true,"href":"https:\/\/diariodominicano.com\/index.php?rest_route=%2Fwp%2Fv2%2Fcategories&post=470936"},{"taxonomy":"post_tag","embeddable":true,"href":"https:\/\/diariodominicano.com\/index.php?rest_route=%2Fwp%2Fv2%2Ftags&post=470936"}],"curies":[{"name":"wp","href":"https:\/\/api.w.org\/{rel}","templated":true}]}}