{"id":47092,"date":"2018-12-18T12:31:44","date_gmt":"2018-12-18T12:31:44","guid":{"rendered":"http:\/\/diariodominicano.ddns.net\/?p=47092"},"modified":"2018-12-18T12:31:44","modified_gmt":"2018-12-18T12:31:44","slug":"sin-la-rubrica-dominicana","status":"publish","type":"post","link":"https:\/\/diariodominicano.com\/?p=47092","title":{"rendered":"SIN LA RUBRICA DOMINICANA"},"content":{"rendered":"<p><body><\/p>\n<p>EL TIRO RAPIDO<\/p>\n<\/p>\n<\/p>\n<\/p>\n<p>Tal como hab\u00eda anticipado el Presidente Danilo Medina, mediante el mensaje dirigido al pa\u00eds al que dio lectura el Consultor Jur\u00eddico de la Presidencia, Flavio Dar\u00edo Espinal sobre el rechado a la firma del Pacto Migratorio, por l\u00f3gica extensi\u00f3n,  el Pacto Mundial sobre Refugiados, cuya firma fue programada este lunes, aparecer\u00e1 sin la r\u00fabrica de la Rep\u00fablica Dominicana. <\/p>\n<\/p>\n<\/p>\n<p>No es un caso exclusivo. Alrededor de unos treinta pa\u00edses, entre los que figuran los Estados Unidos, varios de Europa e Israel han adoptado la misma postura, cada uno aduciendo distintas motivaciones.  En nuestro caso estas son muy definidas y justificadas. Dos documentos que acaban de ver la luz p\u00fablica sobre el controversial tema reflejan la situaci\u00f3n especial en que se encuentra nuestro pa\u00eds respecto a la inmigraci\u00f3n con posible status de refugiados.<\/p>\n<\/p>\n<\/p>\n<p>El primero calza la firma de la Canciller\u00eda y en el mismo se advierte que el Pacto \u00abpodr\u00eda ser contrario al inter\u00e9s nacional y al ordenamiento jur\u00eddico dominicano\u00bb.   Mas adelante se\u00f1ala la imposibilidad del pa\u00eds de acoger cantidades considerables de personas susceptibles de ser declaradas como refugiados de acuerdo al nuevo estatuto internacional que establece el pacto.   Esa condici\u00f3n pudiera reclamarse sin documento alguno, lo que en el caso particular nuestro dada nuestra realidad geo-pol\u00edtica con respecto a Hait\u00ed, abrir\u00eda las puertas para aceptar una avasallante invasi\u00f3n de inmigrantes del otro lado de la frontera.<\/p>\n<\/p>\n<\/p>\n<p>El otro documento corresponde al Banco Central donde este echa una mirada econ\u00f3mica al pacto migratorio propuesto, y que en esencia expresa que \u00abinclu\u00eda disposiciones que solapaban legislaciones laborales ya vigentes y suger\u00eda un listado de responsabilidades para los estados receptores sin contemplar las limitaciones de la situaci\u00f3n laboral local ni los costes financieros y econ\u00f3micos nacionales por asumir lo que es, en efecto, inmigraci\u00f3n ilegal.  Adem\u00e1s, introduce un debate sobre el derecho a existir de la Naci\u00f3n-Estado que pudiera atentar con la paz\u00bb  Y concluye: \u00abrechazar su firma fue oportuno\u00bb.<\/p>\n<\/p>\n<\/p>\n<p>Aunque se ha argumentado que el Pacto no resulta vinculante, en el mismo aparecen toda una serie de disposiciones que obligan a un estudio cuidadoso, y cuya aplicaci\u00f3n en el tiempo pudiera convertirse en un serio dolor de cabeza para el pa\u00eds y de imposible cumplimiento.<\/p>\n<\/p>\n<\/p>\n<p>Con estas disposiciones del pacto ocurre igual que con la llamada \u00abletra chiquita\u00bb que aparece al dorso y en p\u00e1ginas adicionales de muchos contratos, que por lo general la mayor\u00eda de la gente no se molesta en leer y que es en realidad donde constan cl\u00e1usulas cuya aplicaci\u00f3n da lugar luego a numerosos conflictos. <\/p>\n<\/p>\n<\/p>\n<p>Desde el principio hab\u00edamos advertido que para manejar un tema tan complejo y conflictivo como es la migraci\u00f3n,  que en los \u00faltimos tiempos por su masificaci\u00f3n, se ha tornado en un elemento de desestabilizaci\u00f3n para pa\u00edses de fuerte econom\u00eda y s\u00f3lida institucionalidad con preocupantes consecuencias pol\u00edticas, y ahora el Pacto de los Refugiados  no pueden establecerse normas universales sin tomar en cuenta la diferente situaci\u00f3n y caracter\u00edsticas espec\u00edficas de cada uno.<\/p>\n<\/p>\n<\/p>\n<p>Tal ocurre con el nuestro, sometido a la constante presi\u00f3n de la inmigraci\u00f3n ilegal y de obligada convivencia con un Estado fallido sumido en la mas absoluta miseria y en casi permanente situaci\u00f3n de crisis pol\u00edtica, al que la comunidad internacional, principalmente las naciones mas obligadas, han dado la espalda.<\/p>\n<\/p>\n<\/p>\n<p>La postura asumida frente al Pacto es la correcta, sin que el hecho de que nos neguemos a firmarlo pueda interpretarse como un acto discriminatorio ni divorciado de los sentimientos humanitarios y solidarios de que  el pa\u00eds ha dado tradicionalmente amplias demostraciones, casi siempre mas all\u00e1 de sus reales posibilidades.    Es una decisi\u00f3n que cuenta adem\u00e1s con el apoyo y aval de la inmensa mayor\u00eda del pueblo dominicano.<\/p>\n<\/p>\n<\/p>\n<\/p>\n<p>&#8230;<\/p>\n<h6> 2018-12-18 12:31:44 <\/h6>\n<p><!--\n<link rel=\"stylesheet\" href=\"css\/bootstrap.min.css\">\n\n\n<ul class=\"pagination\">\n\t    \n\t\n\n<li >\n\t<a href='?page_no=963'>Previous<\/a>\n\t<\/li>\n\n\n       \n    \n\n<li><a href='?page_no=1'>1<\/a><\/li>\n\n\n\n<li><a href='?page_no=2'>2<\/a><\/li>\n\n\n\n<li><a>...<\/a><\/li>\n\n\n\n<li><a href='?page_no=962'>962<\/a><\/li>\n\n\n\n<li><a href='?page_no=963'>963<\/a><\/li>\n\n\n\n<li class='active'><a>964<\/a><\/li>\n\n\n\n<li><a href='?page_no=965'>965<\/a><\/li>\n\n\n\n<li><a href='?page_no=966'>966<\/a><\/li>\n\n\n\n<li><a>...<\/a><\/li>\n\n\n\n<li><a href='?page_no=13611'>13611<\/a><\/li>\n\n\n\n<li><a href='?page_no=13612'>13612<\/a><\/li>\n\n    \n\t\n\n<li >\n\t<a href='?page_no=965'>Next<\/a>\n\t<\/li>\n\n\n    \n\n<li><a href='?page_no=13612'>Last &rsaquo;&rsaquo;<\/a><\/li>\n\n<\/ul>\n\n\n--><br \/>\n<\/body><\/p>\n","protected":false},"excerpt":{"rendered":"<p>EL TIRO RAPIDO Tal como hab\u00eda anticipado el Presidente Danilo Medina, mediante el mensaje dirigido al pa\u00eds al que dio lectura el Consultor Jur\u00eddico de la Presidencia, Flavio Dar\u00edo Espinal sobre el rechado a la firma del Pacto Migratorio, por l\u00f3gica extensi\u00f3n, el Pacto Mundial sobre Refugiados, cuya firma fue programada este lunes, aparecer\u00e1 sin [&hellip;]<\/p>\n","protected":false},"author":3,"featured_media":0,"comment_status":"open","ping_status":"open","sticky":false,"template":"","format":"standard","meta":{"footnotes":""},"categories":[16],"tags":[],"class_list":["post-47092","post","type-post","status-publish","format-standard","hentry","category-opiniones"],"_links":{"self":[{"href":"https:\/\/diariodominicano.com\/index.php?rest_route=\/wp\/v2\/posts\/47092","targetHints":{"allow":["GET"]}}],"collection":[{"href":"https:\/\/diariodominicano.com\/index.php?rest_route=\/wp\/v2\/posts"}],"about":[{"href":"https:\/\/diariodominicano.com\/index.php?rest_route=\/wp\/v2\/types\/post"}],"author":[{"embeddable":true,"href":"https:\/\/diariodominicano.com\/index.php?rest_route=\/wp\/v2\/users\/3"}],"replies":[{"embeddable":true,"href":"https:\/\/diariodominicano.com\/index.php?rest_route=%2Fwp%2Fv2%2Fcomments&post=47092"}],"version-history":[{"count":0,"href":"https:\/\/diariodominicano.com\/index.php?rest_route=\/wp\/v2\/posts\/47092\/revisions"}],"wp:attachment":[{"href":"https:\/\/diariodominicano.com\/index.php?rest_route=%2Fwp%2Fv2%2Fmedia&parent=47092"}],"wp:term":[{"taxonomy":"category","embeddable":true,"href":"https:\/\/diariodominicano.com\/index.php?rest_route=%2Fwp%2Fv2%2Fcategories&post=47092"},{"taxonomy":"post_tag","embeddable":true,"href":"https:\/\/diariodominicano.com\/index.php?rest_route=%2Fwp%2Fv2%2Ftags&post=47092"}],"curies":[{"name":"wp","href":"https:\/\/api.w.org\/{rel}","templated":true}]}}