{"id":470894,"date":"2023-09-10T21:24:10","date_gmt":"2023-09-11T01:24:10","guid":{"rendered":"http:\/\/diariodominicano.com\/?p=470894"},"modified":"2023-09-10T21:29:46","modified_gmt":"2023-09-11T01:29:46","slug":"suerte-educacion-y-bienes-raices-la-historia-de-3-mujeres-que-conquistaron-el-social-media-talk","status":"publish","type":"post","link":"https:\/\/diariodominicano.com\/?p=470894","title":{"rendered":"Suerte, Educaci\u00f3n y Bienes ra\u00edces la historia de 3 mujeres que conquistaron el Social Media Talk\u00a0"},"content":{"rendered":"\n<p><strong><em>B\u00e1varo, La Altagracia, 8 de septiembre 2023<\/em><\/strong>. Recientemente se celebr\u00f3 la d\u00e9cimo novena edici\u00f3n del Social Media Talk que se realiza cada mes en el Pyhex Work Punta Cana, esta vez con las oradoras Olga Lyzhina CEO de Ta\u00edno Gourmet, Ninoshka Gonz\u00e1lez Hazim vicerrectora de la Universidad Central del Este, UCE, y Marbel Lugo profesional de las bienes ra\u00edces, creadora de la comunidad: Mujeres Inmobiliarias.<\/p>\n\n\n\n<p>La noche inici\u00f3 con Marbel Lugo quien habl\u00f3 de su experiencia en la zona del Este en el sector inmobiliario, ejemplific\u00f3 sus primeros proyectos de comercializaci\u00f3n de sectores muy reconocidos hoy d\u00eda para los nuevos agentes hace 20 a\u00f1os. Tambi\u00e9n expuso su visi\u00f3n de hacia d\u00f3nde se dirige el sector inmobiliario en toda la regi\u00f3n de latinoam\u00e9rica.<\/p>\n\n\n\n<figure class=\"wp-block-image size-large\"><img loading=\"lazy\" decoding=\"async\" width=\"1024\" height=\"682\" src=\"https:\/\/diariodominicano.com\/wp-content\/uploads\/2023\/09\/WhatsApp-Image-2023-09-09-at-8.05.40-PM-1024x682.jpeg\" alt=\"\" class=\"wp-image-470902\" srcset=\"https:\/\/diariodominicano.com\/wp-content\/uploads\/2023\/09\/WhatsApp-Image-2023-09-09-at-8.05.40-PM-1024x682.jpeg 1024w, https:\/\/diariodominicano.com\/wp-content\/uploads\/2023\/09\/WhatsApp-Image-2023-09-09-at-8.05.40-PM-300x200.jpeg 300w, https:\/\/diariodominicano.com\/wp-content\/uploads\/2023\/09\/WhatsApp-Image-2023-09-09-at-8.05.40-PM-768x512.jpeg 768w, https:\/\/diariodominicano.com\/wp-content\/uploads\/2023\/09\/WhatsApp-Image-2023-09-09-at-8.05.40-PM-1536x1023.jpeg 1536w, https:\/\/diariodominicano.com\/wp-content\/uploads\/2023\/09\/WhatsApp-Image-2023-09-09-at-8.05.40-PM-816x544.jpeg 816w, https:\/\/diariodominicano.com\/wp-content\/uploads\/2023\/09\/WhatsApp-Image-2023-09-09-at-8.05.40-PM.jpeg 1600w\" sizes=\"auto, (max-width: 1024px) 100vw, 1024px\" \/><\/figure>\n\n\n\n<p>La segunda speaker cautiv\u00f3 a la audiencia con su tenacidad y forma muy peculiar de contar c\u00f3mo lleg\u00f3 a la Rep\u00fablica Dominicana y en menos de dos a\u00f1os ten\u00eda m\u00e1s de 250 empleados, operando una empresa en 4 pa\u00edses. Olga Lyzhina cont\u00f3 que desde peque\u00f1a so\u00f1\u00f3 con un lugar c\u00e1lido y dominicana cumpl\u00eda con los requisitos de un pa\u00eds ideal donde vivir, tambi\u00e9n habl\u00f3 sobre c\u00f3mo desarroll\u00f3 el mercado Ruso en la isla ya que hace un poco m\u00e1s de 20 a\u00f1os no hab\u00edan rusos con carnet de turismo para poder trabajar.&nbsp;<\/p>\n\n\n\n<figure class=\"wp-block-image size-large\"><img loading=\"lazy\" decoding=\"async\" width=\"718\" height=\"1024\" src=\"https:\/\/diariodominicano.com\/wp-content\/uploads\/2023\/09\/WhatsApp-Image-2023-09-09-at-8.05.42-PM-1-1-718x1024.jpeg\" alt=\"\" class=\"wp-image-470903\" srcset=\"https:\/\/diariodominicano.com\/wp-content\/uploads\/2023\/09\/WhatsApp-Image-2023-09-09-at-8.05.42-PM-1-1-718x1024.jpeg 718w, https:\/\/diariodominicano.com\/wp-content\/uploads\/2023\/09\/WhatsApp-Image-2023-09-09-at-8.05.42-PM-1-1-210x300.jpeg 210w, https:\/\/diariodominicano.com\/wp-content\/uploads\/2023\/09\/WhatsApp-Image-2023-09-09-at-8.05.42-PM-1-1-768x1095.jpeg 768w, https:\/\/diariodominicano.com\/wp-content\/uploads\/2023\/09\/WhatsApp-Image-2023-09-09-at-8.05.42-PM-1-1-1077x1536.jpeg 1077w, https:\/\/diariodominicano.com\/wp-content\/uploads\/2023\/09\/WhatsApp-Image-2023-09-09-at-8.05.42-PM-1-1-816x1164.jpeg 816w, https:\/\/diariodominicano.com\/wp-content\/uploads\/2023\/09\/WhatsApp-Image-2023-09-09-at-8.05.42-PM-1-1.jpeg 1122w\" sizes=\"auto, (max-width: 718px) 100vw, 718px\" \/><\/figure>\n\n\n\n<p>Olga trajo el ingenio, la suerte y tambi\u00e9n esa confianza de saber que aunque en tu negocio hay riesgos debes de atreverte. hizo referencia a Maslow que acu\u00f1\u00f3 este t\u00e9rmino para identificar una neurosis que habita en el ser humano: el miedo a la propia grandeza o huida del propio destino. El complejo de Jon\u00e1s implica miedo a lo desconocido, a las demandas que conlleva, a perder la identidad con la que se ha identificado y a la reacci\u00f3n de los dem\u00e1s.<\/p>\n\n\n\n<figure class=\"wp-block-image size-large\"><img loading=\"lazy\" decoding=\"async\" width=\"682\" height=\"1024\" src=\"https:\/\/diariodominicano.com\/wp-content\/uploads\/2023\/09\/WhatsApp-Image-2023-09-09-at-8.05.42-PM-1-682x1024.jpeg\" alt=\"\" class=\"wp-image-470898\" srcset=\"https:\/\/diariodominicano.com\/wp-content\/uploads\/2023\/09\/WhatsApp-Image-2023-09-09-at-8.05.42-PM-1-682x1024.jpeg 682w, https:\/\/diariodominicano.com\/wp-content\/uploads\/2023\/09\/WhatsApp-Image-2023-09-09-at-8.05.42-PM-1-200x300.jpeg 200w, https:\/\/diariodominicano.com\/wp-content\/uploads\/2023\/09\/WhatsApp-Image-2023-09-09-at-8.05.42-PM-1-768x1153.jpeg 768w, https:\/\/diariodominicano.com\/wp-content\/uploads\/2023\/09\/WhatsApp-Image-2023-09-09-at-8.05.42-PM-1-1023x1536.jpeg 1023w, https:\/\/diariodominicano.com\/wp-content\/uploads\/2023\/09\/WhatsApp-Image-2023-09-09-at-8.05.42-PM-1-816x1225.jpeg 816w, https:\/\/diariodominicano.com\/wp-content\/uploads\/2023\/09\/WhatsApp-Image-2023-09-09-at-8.05.42-PM-1.jpeg 1066w\" sizes=\"auto, (max-width: 682px) 100vw, 682px\" \/><\/figure>\n\n\n\n<figure class=\"wp-block-image size-large\"><img loading=\"lazy\" decoding=\"async\" width=\"1024\" height=\"695\" src=\"https:\/\/diariodominicano.com\/wp-content\/uploads\/2023\/09\/WhatsApp-Image-2023-09-09-at-8.05.42-PM-2-1024x695.jpeg\" alt=\"\" class=\"wp-image-470899\" srcset=\"https:\/\/diariodominicano.com\/wp-content\/uploads\/2023\/09\/WhatsApp-Image-2023-09-09-at-8.05.42-PM-2-1024x695.jpeg 1024w, https:\/\/diariodominicano.com\/wp-content\/uploads\/2023\/09\/WhatsApp-Image-2023-09-09-at-8.05.42-PM-2-300x204.jpeg 300w, https:\/\/diariodominicano.com\/wp-content\/uploads\/2023\/09\/WhatsApp-Image-2023-09-09-at-8.05.42-PM-2-768x521.jpeg 768w, https:\/\/diariodominicano.com\/wp-content\/uploads\/2023\/09\/WhatsApp-Image-2023-09-09-at-8.05.42-PM-2-1536x1043.jpeg 1536w, https:\/\/diariodominicano.com\/wp-content\/uploads\/2023\/09\/WhatsApp-Image-2023-09-09-at-8.05.42-PM-2-816x554.jpeg 816w, https:\/\/diariodominicano.com\/wp-content\/uploads\/2023\/09\/WhatsApp-Image-2023-09-09-at-8.05.42-PM-2.jpeg 1600w\" sizes=\"auto, (max-width: 1024px) 100vw, 1024px\" \/><\/figure>\n\n\n\n<p>El ciclo de charlas concluy\u00f3 con la Dra. Ninoshka Gonz\u00e1lez Hazim quien cont\u00f3 los retos de poner una universidad moderna como es la Universidad Central del Este UCE en la zona de B\u00e1varo y punta cana, para satisfacer la demanda de educaci\u00f3n a nivel profesional y t\u00e9cnico de la zona. Habl\u00f3 de la moderna implementaci\u00f3n tecnol\u00f3gica que tienen en el campus de Punta Cana con la integraci\u00f3n de la Inteligencia Artificial (IA) y ChatGPT, y adem\u00e1s di\u00f3 como primicia que est\u00e1n trabajando en ampliar la propuesta de educaci\u00f3n en medicina con la construcci\u00f3n de una ciudad m\u00e9dica donde tendr\u00e1n estudiantes de medicinas y cl\u00ednicas de diferentes especialidades.<\/p>\n\n\n\n<p>La noche termin\u00f3 con el mensaje de que con la suerte y nunca detenerse Olga pudo levantar una empresa multinacional de la nada; que la educaci\u00f3n y apostar a la zona de B\u00e1varo, Punta Cana y Cap Cana se puede hacer un negocio rentable que cambie la vida de muchos dominicanos como Ninoshka ilumin\u00f3 con su charla, y tambi\u00e9n que siendo primero en algunos temas se puede ser un referente en la zona creando comunidades \u00fanicas en temas de bienes ra\u00edces lo expres\u00f3 Marbel con mujeres inmobiliarias.<\/p>\n\n\n\n<p>Ibelca Mencia<a target=\"_blank\" href=\"mailto:ibelca.mencia@gmail.com\" rel=\"noreferrer noopener\">ibelca.mencia@gmail.com<\/a><\/p>\n","protected":false},"excerpt":{"rendered":"<p>B\u00e1varo, La Altagracia, 8 de septiembre 2023. Recientemente se celebr\u00f3 la d\u00e9cimo novena edici\u00f3n del Social Media Talk que se realiza cada mes en el Pyhex Work Punta Cana, esta vez con las oradoras Olga Lyzhina CEO de Ta\u00edno Gourmet, Ninoshka Gonz\u00e1lez Hazim vicerrectora de la Universidad Central del Este, UCE, y Marbel Lugo profesional [&hellip;]<\/p>\n","protected":false},"author":28,"featured_media":470895,"comment_status":"closed","ping_status":"","sticky":false,"template":"","format":"standard","meta":{"footnotes":""},"categories":[36,18,25,32],"tags":[],"class_list":["post-470894","post","type-post","status-publish","format-standard","has-post-thumbnail","hentry","category-hombresmujeresycosas","category-economia","category-gente","category-turismo"],"_links":{"self":[{"href":"https:\/\/diariodominicano.com\/index.php?rest_route=\/wp\/v2\/posts\/470894","targetHints":{"allow":["GET"]}}],"collection":[{"href":"https:\/\/diariodominicano.com\/index.php?rest_route=\/wp\/v2\/posts"}],"about":[{"href":"https:\/\/diariodominicano.com\/index.php?rest_route=\/wp\/v2\/types\/post"}],"author":[{"embeddable":true,"href":"https:\/\/diariodominicano.com\/index.php?rest_route=\/wp\/v2\/users\/28"}],"replies":[{"embeddable":true,"href":"https:\/\/diariodominicano.com\/index.php?rest_route=%2Fwp%2Fv2%2Fcomments&post=470894"}],"version-history":[{"count":6,"href":"https:\/\/diariodominicano.com\/index.php?rest_route=\/wp\/v2\/posts\/470894\/revisions"}],"predecessor-version":[{"id":470905,"href":"https:\/\/diariodominicano.com\/index.php?rest_route=\/wp\/v2\/posts\/470894\/revisions\/470905"}],"wp:featuredmedia":[{"embeddable":true,"href":"https:\/\/diariodominicano.com\/index.php?rest_route=\/wp\/v2\/media\/470895"}],"wp:attachment":[{"href":"https:\/\/diariodominicano.com\/index.php?rest_route=%2Fwp%2Fv2%2Fmedia&parent=470894"}],"wp:term":[{"taxonomy":"category","embeddable":true,"href":"https:\/\/diariodominicano.com\/index.php?rest_route=%2Fwp%2Fv2%2Fcategories&post=470894"},{"taxonomy":"post_tag","embeddable":true,"href":"https:\/\/diariodominicano.com\/index.php?rest_route=%2Fwp%2Fv2%2Ftags&post=470894"}],"curies":[{"name":"wp","href":"https:\/\/api.w.org\/{rel}","templated":true}]}}