{"id":470712,"date":"2023-09-10T08:09:17","date_gmt":"2023-09-10T12:09:17","guid":{"rendered":"http:\/\/diariodominicano.com\/?p=470712"},"modified":"2023-09-10T08:09:39","modified_gmt":"2023-09-10T12:09:39","slug":"cuba-prepara-encuentro-internacional-de-preservacion-del-patrimonio","status":"publish","type":"post","link":"https:\/\/diariodominicano.com\/?p=470712","title":{"rendered":"Cuba prepara Encuentro Internacional de Preservaci\u00f3n del Patrimonio"},"content":{"rendered":"\n<p>La Habana, 10 sep (Prensa Latina) La Biblioteca Nacional de Cuba Jos\u00e9 Mart\u00ed (BNJM) prepara el III Encuentro Internacional de Preservaci\u00f3n del Patrimonio Documental: experiencias y desaf\u00edos, evento que tendr\u00e1 lugar del 18 al 22 de septiembre.&nbsp;&nbsp;&nbsp;&nbsp;<\/p>\n\n\n\n<ul class=\"wp-block-list\"><li>septiembre 10, 2023<\/li><li>CDT02:50 (GMT) -0400<\/li><\/ul>\n\n\n\n<ul class=\"wp-block-list\"><li>Fotos: cubarte.cult.cu<\/li><\/ul>\n\n\n\n<p>En conferencia de prensa reciente, Omar Vali\u00f1o, director de la prestigiosa instituci\u00f3n cultural, inform\u00f3 que las distintas actividades planificadas se realizar\u00e1n de forma alternativa en el Teatro Hart, de dicho centro, y en la Quinta de los molinos, ambos ubicados en la capital cubana.<\/p>\n\n\n\n<p>El encuentro incluir\u00e1 la intervenci\u00f3n de 33 autores, 21 ponencias, cuatro conferencias, un recorrido por las instalaciones de la Quinta de los Molinos, las inauguraciones de la exposici\u00f3n \u201cEntre necesidad y huella\u201d y de una muestra de dibujo y pintura del Museo de Arte de San Marcos, ubicado en Lima, Per\u00fa, entre otras actividades.<\/p>\n\n\n\n<p>Es un programa que est\u00e1 hecho con un movimiento no tem\u00e1tico, sino que est\u00e1 marcado por la diversidad de la preservaci\u00f3n del documento, desde la riqueza y aporte cultural que la conservaci\u00f3n nos puede dar cada d\u00eda a los profesionales, investigadores, consultantes y la prensa que trabajamos con ello, coment\u00f3 Osdiel Ram\u00edrez Vila, Investigador-Restaurador del prestigioso centro cultural.<\/p>\n\n\n\n<p>Asistir\u00e1n especialistas del Archivo Nacional de Cuba, la Academia de Ciencias de Cuba, la Oficina del Historiador de La Habana y de la Universidad de La Habana. Tambi\u00e9n presentar\u00e1n ponencias miembros de la Facultad de Comunicaci\u00f3n de la Universidad de La Habana y del Colegio San Ger\u00f3nimo, adem\u00e1s de otros centros acad\u00e9micos y culturales.<\/p>\n\n\n\n<p>El III Encuentro Internacional de Preservaci\u00f3n del Patrimonio Documental: experiencias y desaf\u00edos, contar\u00e1 con la presencia de investigadores y expertos de Estados Unidos, Panam\u00e1, M\u00e9xico, Chile y Per\u00fa.<\/p>\n\n\n\n<p>Nuestra instituci\u00f3n abre sus puertas a otros colegas en un intercambio muy fruct\u00edfero de experiencias, para compartir tambi\u00e9n los desaf\u00edos que afrontamos y las posibles soluciones en el \u00e1rea de la preservaci\u00f3n, indic\u00f3 Silvana P\u00e9rez, jefa del Laboratorio Digital de la Biblioteca Nacional de Cuba Jos\u00e9 Mart\u00ed.<\/p>\n\n\n\n<p>mem\/mml\/vnl<\/p>\n","protected":false},"excerpt":{"rendered":"<p>La Habana, 10 sep (Prensa Latina) La Biblioteca Nacional de Cuba Jos\u00e9 Mart\u00ed (BNJM) prepara el III Encuentro Internacional de Preservaci\u00f3n del Patrimonio Documental: experiencias y desaf\u00edos, evento que tendr\u00e1 lugar del 18 al 22 de septiembre.&nbsp;&nbsp;&nbsp;&nbsp; septiembre 10, 2023 CDT02:50 (GMT) -0400 Fotos: cubarte.cult.cu En conferencia de prensa reciente, Omar Vali\u00f1o, director de la [&hellip;]<\/p>\n","protected":false},"author":28,"featured_media":470714,"comment_status":"closed","ping_status":"","sticky":false,"template":"","format":"standard","meta":{"footnotes":""},"categories":[21,36,32],"tags":[],"class_list":["post-470712","post","type-post","status-publish","format-standard","has-post-thumbnail","hentry","category-cultura","category-hombresmujeresycosas","category-turismo"],"_links":{"self":[{"href":"https:\/\/diariodominicano.com\/index.php?rest_route=\/wp\/v2\/posts\/470712","targetHints":{"allow":["GET"]}}],"collection":[{"href":"https:\/\/diariodominicano.com\/index.php?rest_route=\/wp\/v2\/posts"}],"about":[{"href":"https:\/\/diariodominicano.com\/index.php?rest_route=\/wp\/v2\/types\/post"}],"author":[{"embeddable":true,"href":"https:\/\/diariodominicano.com\/index.php?rest_route=\/wp\/v2\/users\/28"}],"replies":[{"embeddable":true,"href":"https:\/\/diariodominicano.com\/index.php?rest_route=%2Fwp%2Fv2%2Fcomments&post=470712"}],"version-history":[{"count":2,"href":"https:\/\/diariodominicano.com\/index.php?rest_route=\/wp\/v2\/posts\/470712\/revisions"}],"predecessor-version":[{"id":470716,"href":"https:\/\/diariodominicano.com\/index.php?rest_route=\/wp\/v2\/posts\/470712\/revisions\/470716"}],"wp:featuredmedia":[{"embeddable":true,"href":"https:\/\/diariodominicano.com\/index.php?rest_route=\/wp\/v2\/media\/470714"}],"wp:attachment":[{"href":"https:\/\/diariodominicano.com\/index.php?rest_route=%2Fwp%2Fv2%2Fmedia&parent=470712"}],"wp:term":[{"taxonomy":"category","embeddable":true,"href":"https:\/\/diariodominicano.com\/index.php?rest_route=%2Fwp%2Fv2%2Fcategories&post=470712"},{"taxonomy":"post_tag","embeddable":true,"href":"https:\/\/diariodominicano.com\/index.php?rest_route=%2Fwp%2Fv2%2Ftags&post=470712"}],"curies":[{"name":"wp","href":"https:\/\/api.w.org\/{rel}","templated":true}]}}