{"id":470635,"date":"2023-09-10T00:42:17","date_gmt":"2023-09-10T04:42:17","guid":{"rendered":"http:\/\/diariodominicano.com\/?p=470635"},"modified":"2023-09-10T00:57:22","modified_gmt":"2023-09-10T04:57:22","slug":"nacho-figueras-embajador-de-la-marca-st-regis-juega-la-copa-de-polo-avele-en-la-ciudad-destino-cap-cana","status":"publish","type":"post","link":"https:\/\/diariodominicano.com\/?p=470635","title":{"rendered":"Nacho Figueras, Embajador de la marca St. Regis juega la Copa de Polo Avele en la Ciudad Destino Cap Cana"},"content":{"rendered":"\n<p>Don Dino Campagna entrega  trofeo al equipo St. Regis<\/p>\n\n\n\n<p><em>\u201cEl polista m\u00e1s celebrado de todos los tiempos es el Embajador Global de St. Regis y particip\u00f3 junto a su equipo en la 1ra Copa de Polo Av\u00e9le,&nbsp;a beneficio de la Fundaci\u00f3n Juan Luis Guerra\u201d.<\/em><\/p>\n\n\n\n<figure class=\"wp-block-image size-large\"><img loading=\"lazy\" decoding=\"async\" width=\"1024\" height=\"683\" src=\"https:\/\/diariodominicano.com\/wp-content\/uploads\/2023\/09\/2.-Dino-Campagna-Rosario-Bonarelli-y-Fernando-Valera-1024x683.jpg\" alt=\"\" class=\"wp-image-470638\" srcset=\"https:\/\/diariodominicano.com\/wp-content\/uploads\/2023\/09\/2.-Dino-Campagna-Rosario-Bonarelli-y-Fernando-Valera-1024x683.jpg 1024w, https:\/\/diariodominicano.com\/wp-content\/uploads\/2023\/09\/2.-Dino-Campagna-Rosario-Bonarelli-y-Fernando-Valera-300x200.jpg 300w, https:\/\/diariodominicano.com\/wp-content\/uploads\/2023\/09\/2.-Dino-Campagna-Rosario-Bonarelli-y-Fernando-Valera-768x512.jpg 768w, https:\/\/diariodominicano.com\/wp-content\/uploads\/2023\/09\/2.-Dino-Campagna-Rosario-Bonarelli-y-Fernando-Valera-1536x1024.jpg 1536w, https:\/\/diariodominicano.com\/wp-content\/uploads\/2023\/09\/2.-Dino-Campagna-Rosario-Bonarelli-y-Fernando-Valera-2048x1366.jpg 2048w, https:\/\/diariodominicano.com\/wp-content\/uploads\/2023\/09\/2.-Dino-Campagna-Rosario-Bonarelli-y-Fernando-Valera-816x544.jpg 816w\" sizes=\"auto, (max-width: 1024px) 100vw, 1024px\" \/><figcaption>Dino Campagna, Rosario Bonarelli y Fernando Valera<\/figcaption><\/figure>\n\n\n\n<p><strong><em> Cap Cana.<\/em><\/strong>\u00a0\u00a0<strong><em>Septiembre 2023,<\/em><\/strong> En un exclusivo encuentro entre aficionados del mundo ecuestre se desarroll\u00f3 la primera Copa de Polo Av\u00e9le con la participaci\u00f3n del destacado argentino\u00a0\u00a0Nacho Figueras. El evento se llev\u00f3 a cabo en Los Establos de la Ciudad Destino Cap Cana, a beneficio de la Fundaci\u00f3n Juan Luis Guerra.<\/p>\n\n\n\n<p>Nacho, el polista m\u00e1s celebrado de todos los tiempos, particip\u00f3 junto a su equipo en una competencia frente al equipo Av\u00e8le &#8211; Imperial Polo Team, donde adem\u00e1s se subast\u00f3 autografiado el polo de juego que utiliz\u00f3 durante el evento.&nbsp;<\/p>\n\n\n\n<figure class=\"wp-block-image size-large\"><img loading=\"lazy\" decoding=\"async\" width=\"1024\" height=\"683\" src=\"https:\/\/diariodominicano.com\/wp-content\/uploads\/2023\/09\/Alexandra-Guzman-Dino-Campagna-Rosario-Bonarelli-Pilar-de-Camblor-y-Manolo-Camblor-1024x683.jpg\" alt=\"\" class=\"wp-image-470641\" srcset=\"https:\/\/diariodominicano.com\/wp-content\/uploads\/2023\/09\/Alexandra-Guzman-Dino-Campagna-Rosario-Bonarelli-Pilar-de-Camblor-y-Manolo-Camblor-1024x683.jpg 1024w, https:\/\/diariodominicano.com\/wp-content\/uploads\/2023\/09\/Alexandra-Guzman-Dino-Campagna-Rosario-Bonarelli-Pilar-de-Camblor-y-Manolo-Camblor-300x200.jpg 300w, https:\/\/diariodominicano.com\/wp-content\/uploads\/2023\/09\/Alexandra-Guzman-Dino-Campagna-Rosario-Bonarelli-Pilar-de-Camblor-y-Manolo-Camblor-768x512.jpg 768w, https:\/\/diariodominicano.com\/wp-content\/uploads\/2023\/09\/Alexandra-Guzman-Dino-Campagna-Rosario-Bonarelli-Pilar-de-Camblor-y-Manolo-Camblor-1536x1024.jpg 1536w, https:\/\/diariodominicano.com\/wp-content\/uploads\/2023\/09\/Alexandra-Guzman-Dino-Campagna-Rosario-Bonarelli-Pilar-de-Camblor-y-Manolo-Camblor-2048x1366.jpg 2048w, https:\/\/diariodominicano.com\/wp-content\/uploads\/2023\/09\/Alexandra-Guzman-Dino-Campagna-Rosario-Bonarelli-Pilar-de-Camblor-y-Manolo-Camblor-816x544.jpg 816w\" sizes=\"auto, (max-width: 1024px) 100vw, 1024px\" \/><figcaption>Alexandra Guzm\u00e1n, Dino Campagna, Rosario Bonarelli, Pilar de Camblor y Manolo Camblor<\/figcaption><\/figure>\n\n\n\n<p>El saque de honor para dar inicio al torneo fue realizado por el Ingeniero Dino Campagna, Presidente de St. Regis Cap Cana, quien destac\u00f3 el privilegio de contar con la presencia de Nacho Figueras, afirmando que&nbsp;<em>\u201ces un lujo para nosotros tener aqu\u00ed a una figura del calibre internacional en un deporte tan distintivo como el polo, y que pone de manifiesto la apuesta de St. Regis por el deporte, el lujo, y las experiencias exclusivas\u201d<\/em>.<\/p>\n\n\n\n<figure class=\"wp-block-image size-large\"><img loading=\"lazy\" decoding=\"async\" width=\"1024\" height=\"682\" src=\"https:\/\/diariodominicano.com\/wp-content\/uploads\/2023\/09\/Luis-Mauricio-Bogaert-Machy-Tavarez-Flia-1024x682.jpg\" alt=\"\" class=\"wp-image-470644\" srcset=\"https:\/\/diariodominicano.com\/wp-content\/uploads\/2023\/09\/Luis-Mauricio-Bogaert-Machy-Tavarez-Flia-1024x682.jpg 1024w, https:\/\/diariodominicano.com\/wp-content\/uploads\/2023\/09\/Luis-Mauricio-Bogaert-Machy-Tavarez-Flia-300x200.jpg 300w, https:\/\/diariodominicano.com\/wp-content\/uploads\/2023\/09\/Luis-Mauricio-Bogaert-Machy-Tavarez-Flia-768x512.jpg 768w, https:\/\/diariodominicano.com\/wp-content\/uploads\/2023\/09\/Luis-Mauricio-Bogaert-Machy-Tavarez-Flia-1536x1024.jpg 1536w, https:\/\/diariodominicano.com\/wp-content\/uploads\/2023\/09\/Luis-Mauricio-Bogaert-Machy-Tavarez-Flia-2048x1365.jpg 2048w, https:\/\/diariodominicano.com\/wp-content\/uploads\/2023\/09\/Luis-Mauricio-Bogaert-Machy-Tavarez-Flia-816x544.jpg 816w\" sizes=\"auto, (max-width: 1024px) 100vw, 1024px\" \/><figcaption>Luis Mauricio Bogaert, Machy Tavarez &amp; Flia<\/figcaption><\/figure>\n\n\n\n<figure class=\"wp-block-image size-large\"><img loading=\"lazy\" decoding=\"async\" width=\"1024\" height=\"683\" src=\"https:\/\/diariodominicano.com\/wp-content\/uploads\/2023\/09\/Stefano-Barateli-Fiona-Mckelvie-Enma-Hernandez-Carlos-Cobiella-y-Jorge-Hazoury-1024x683.jpg\" alt=\"\" class=\"wp-image-470646\" srcset=\"https:\/\/diariodominicano.com\/wp-content\/uploads\/2023\/09\/Stefano-Barateli-Fiona-Mckelvie-Enma-Hernandez-Carlos-Cobiella-y-Jorge-Hazoury-1024x683.jpg 1024w, https:\/\/diariodominicano.com\/wp-content\/uploads\/2023\/09\/Stefano-Barateli-Fiona-Mckelvie-Enma-Hernandez-Carlos-Cobiella-y-Jorge-Hazoury-300x200.jpg 300w, https:\/\/diariodominicano.com\/wp-content\/uploads\/2023\/09\/Stefano-Barateli-Fiona-Mckelvie-Enma-Hernandez-Carlos-Cobiella-y-Jorge-Hazoury-768x512.jpg 768w, https:\/\/diariodominicano.com\/wp-content\/uploads\/2023\/09\/Stefano-Barateli-Fiona-Mckelvie-Enma-Hernandez-Carlos-Cobiella-y-Jorge-Hazoury-1536x1024.jpg 1536w, https:\/\/diariodominicano.com\/wp-content\/uploads\/2023\/09\/Stefano-Barateli-Fiona-Mckelvie-Enma-Hernandez-Carlos-Cobiella-y-Jorge-Hazoury-2048x1366.jpg 2048w, https:\/\/diariodominicano.com\/wp-content\/uploads\/2023\/09\/Stefano-Barateli-Fiona-Mckelvie-Enma-Hernandez-Carlos-Cobiella-y-Jorge-Hazoury-816x544.jpg 816w\" sizes=\"auto, (max-width: 1024px) 100vw, 1024px\" \/><figcaption>Stefano Barateli, Fiona Mckelvie, Enma Hernandez, Carlos Cobiella y Jorge Hazoury<\/figcaption><\/figure>\n\n\n\n<p>El equipo St. Regis Cap Cana liderado por Nacho Figueras cont\u00f3 con los jugadores Brian Mcfall, Carlos Armenta y Mary Jo Reinhardt. Mientras que el equipo Av\u00e9le &#8211; Imperial estuvo compuesto por Pedro Castillo,&nbsp;&nbsp;Mauricio Bogaert, Jose Cedano y Maxi Menecier. El equipo St. Regis triunf\u00f3 7 \u2013 5, y Nacho realiz\u00f3 5 goles por el equipo ganador.<\/p>\n\n\n\n<p>Nacho fue el Most Valuable Player (MVP) y la yegua JLO propiedad de Roberto Spitale fue la Best Playing Pony montada por Mary Jo Reinhardt.<\/p>\n\n\n\n<figure class=\"wp-block-image size-large\"><img loading=\"lazy\" decoding=\"async\" width=\"1024\" height=\"683\" src=\"https:\/\/diariodominicano.com\/wp-content\/uploads\/2023\/09\/Elsa-Pineyro-acompanada-de-sus-hijas-Elsa-y-Micaela-1024x683.jpg\" alt=\"\" class=\"wp-image-470648\" srcset=\"https:\/\/diariodominicano.com\/wp-content\/uploads\/2023\/09\/Elsa-Pineyro-acompanada-de-sus-hijas-Elsa-y-Micaela-1024x683.jpg 1024w, https:\/\/diariodominicano.com\/wp-content\/uploads\/2023\/09\/Elsa-Pineyro-acompanada-de-sus-hijas-Elsa-y-Micaela-300x200.jpg 300w, https:\/\/diariodominicano.com\/wp-content\/uploads\/2023\/09\/Elsa-Pineyro-acompanada-de-sus-hijas-Elsa-y-Micaela-768x512.jpg 768w, https:\/\/diariodominicano.com\/wp-content\/uploads\/2023\/09\/Elsa-Pineyro-acompanada-de-sus-hijas-Elsa-y-Micaela-1536x1024.jpg 1536w, https:\/\/diariodominicano.com\/wp-content\/uploads\/2023\/09\/Elsa-Pineyro-acompanada-de-sus-hijas-Elsa-y-Micaela-2048x1366.jpg 2048w, https:\/\/diariodominicano.com\/wp-content\/uploads\/2023\/09\/Elsa-Pineyro-acompanada-de-sus-hijas-Elsa-y-Micaela-816x544.jpg 816w\" sizes=\"auto, (max-width: 1024px) 100vw, 1024px\" \/><figcaption>Elsa Pi\u00f1eyro acompanada de sus hijas Elsa y Micaela<\/figcaption><\/figure>\n\n\n\n<figure class=\"wp-block-image size-large\"><img loading=\"lazy\" decoding=\"async\" width=\"824\" height=\"1024\" src=\"https:\/\/diariodominicano.com\/wp-content\/uploads\/2023\/09\/Maria-Amelia-Hache-Rocio-Hermida-y-Marti_n-Hache\u00a9-824x1024.jpg\" alt=\"\" class=\"wp-image-470650\" srcset=\"https:\/\/diariodominicano.com\/wp-content\/uploads\/2023\/09\/Maria-Amelia-Hache-Rocio-Hermida-y-Marti_n-Hache\u00a9-824x1024.jpg 824w, https:\/\/diariodominicano.com\/wp-content\/uploads\/2023\/09\/Maria-Amelia-Hache-Rocio-Hermida-y-Marti_n-Hache\u00a9-242x300.jpg 242w, https:\/\/diariodominicano.com\/wp-content\/uploads\/2023\/09\/Maria-Amelia-Hache-Rocio-Hermida-y-Marti_n-Hache\u00a9-768x954.jpg 768w, https:\/\/diariodominicano.com\/wp-content\/uploads\/2023\/09\/Maria-Amelia-Hache-Rocio-Hermida-y-Marti_n-Hache\u00a9-816x1014.jpg 816w, https:\/\/diariodominicano.com\/wp-content\/uploads\/2023\/09\/Maria-Amelia-Hache-Rocio-Hermida-y-Marti_n-Hache\u00a9.jpg 1181w\" sizes=\"auto, (max-width: 824px) 100vw, 824px\" \/><figcaption>Maria Amelia Hach\u00e9 Rocio Hermida y Mart\u00ed_n Hach\u00e9\u00a9<\/figcaption><\/figure>\n\n\n\n<figure class=\"wp-block-image size-large\"><img loading=\"lazy\" decoding=\"async\" width=\"683\" height=\"1024\" src=\"https:\/\/diariodominicano.com\/wp-content\/uploads\/2023\/09\/Maria-Fernandez-Fernandez-de-Hazoury-683x1024.jpg\" alt=\"\" class=\"wp-image-470652\" srcset=\"https:\/\/diariodominicano.com\/wp-content\/uploads\/2023\/09\/Maria-Fernandez-Fernandez-de-Hazoury-683x1024.jpg 683w, https:\/\/diariodominicano.com\/wp-content\/uploads\/2023\/09\/Maria-Fernandez-Fernandez-de-Hazoury-200x300.jpg 200w, https:\/\/diariodominicano.com\/wp-content\/uploads\/2023\/09\/Maria-Fernandez-Fernandez-de-Hazoury-768x1152.jpg 768w, https:\/\/diariodominicano.com\/wp-content\/uploads\/2023\/09\/Maria-Fernandez-Fernandez-de-Hazoury-1024x1536.jpg 1024w, https:\/\/diariodominicano.com\/wp-content\/uploads\/2023\/09\/Maria-Fernandez-Fernandez-de-Hazoury-1365x2048.jpg 1365w, https:\/\/diariodominicano.com\/wp-content\/uploads\/2023\/09\/Maria-Fernandez-Fernandez-de-Hazoury-816x1224.jpg 816w, https:\/\/diariodominicano.com\/wp-content\/uploads\/2023\/09\/Maria-Fernandez-Fernandez-de-Hazoury-scaled.jpg 1707w\" sizes=\"auto, (max-width: 683px) 100vw, 683px\" \/><figcaption>Maria Fernandez Fernandez de Hazoury<\/figcaption><\/figure>\n\n\n\n<p>Nacho Figueras, capit\u00e1n del equipo de polo de St. Regis Cap Cana, declar\u00f3&nbsp;<em>\u201csentirse maravillado con la belleza natural de Cap Cana,&nbsp;&nbsp;sentirse como en casa, en un evento de este calibre, con el componente altruista y caritativo del mismo\u201d,&nbsp;<\/em>adem\u00e1s resalt\u00f3 que vislumbra a St. Regis Cap Cana como un lugar incre\u00edble y muy especial, y que estima ser\u00e1 el mejor St. Regis del mundo.<\/p>\n\n\n\n<figure class=\"wp-block-image size-large\"><img loading=\"lazy\" decoding=\"async\" width=\"1024\" height=\"877\" src=\"https:\/\/diariodominicano.com\/wp-content\/uploads\/2023\/09\/Delfina-Blaquier-Nacho-Figueras-Mauricio-Bogaert-y-Sonia-Read-1024x877.jpeg\" alt=\"\" class=\"wp-image-470654\" srcset=\"https:\/\/diariodominicano.com\/wp-content\/uploads\/2023\/09\/Delfina-Blaquier-Nacho-Figueras-Mauricio-Bogaert-y-Sonia-Read-1024x877.jpeg 1024w, https:\/\/diariodominicano.com\/wp-content\/uploads\/2023\/09\/Delfina-Blaquier-Nacho-Figueras-Mauricio-Bogaert-y-Sonia-Read-300x257.jpeg 300w, https:\/\/diariodominicano.com\/wp-content\/uploads\/2023\/09\/Delfina-Blaquier-Nacho-Figueras-Mauricio-Bogaert-y-Sonia-Read-768x658.jpeg 768w, https:\/\/diariodominicano.com\/wp-content\/uploads\/2023\/09\/Delfina-Blaquier-Nacho-Figueras-Mauricio-Bogaert-y-Sonia-Read-816x699.jpeg 816w, https:\/\/diariodominicano.com\/wp-content\/uploads\/2023\/09\/Delfina-Blaquier-Nacho-Figueras-Mauricio-Bogaert-y-Sonia-Read.jpeg 1080w\" sizes=\"auto, (max-width: 1024px) 100vw, 1024px\" \/><figcaption>Delfina Blaquier, Nacho Figueras, Mauricio Bogaert y Sonia Read<\/figcaption><\/figure>\n\n\n\n<p>Durante el evento se subastaron varias obras de arte de importantes artistas como Heriberto Cogollo, Aquiles Azar Billini y Fernando Varela, adem\u00e1s se realiz\u00f3 la venta de 100 gorras numeradas oficiales del evento, firmadas por Nacho Figueras y Juan Luis Guerra. En adici\u00f3n se regalaron unos Pilot Wings de Avele de primera generaci\u00f3n forjados de Antique Gold Metal con toda donaci\u00f3n que se realizar\u00e1 de manera directa a la Fundaci\u00f3n.&nbsp;<\/p>\n\n\n\n<figure class=\"wp-block-image size-large\"><img loading=\"lazy\" decoding=\"async\" width=\"1024\" height=\"870\" src=\"https:\/\/diariodominicano.com\/wp-content\/uploads\/2023\/09\/Dino-Campagna-entrega-trofeo-a-Nacho-Figueras-1024x870.jpg\" alt=\"\" class=\"wp-image-470656\" srcset=\"https:\/\/diariodominicano.com\/wp-content\/uploads\/2023\/09\/Dino-Campagna-entrega-trofeo-a-Nacho-Figueras-1024x870.jpg 1024w, https:\/\/diariodominicano.com\/wp-content\/uploads\/2023\/09\/Dino-Campagna-entrega-trofeo-a-Nacho-Figueras-300x255.jpg 300w, https:\/\/diariodominicano.com\/wp-content\/uploads\/2023\/09\/Dino-Campagna-entrega-trofeo-a-Nacho-Figueras-768x653.jpg 768w, https:\/\/diariodominicano.com\/wp-content\/uploads\/2023\/09\/Dino-Campagna-entrega-trofeo-a-Nacho-Figueras-1536x1305.jpg 1536w, https:\/\/diariodominicano.com\/wp-content\/uploads\/2023\/09\/Dino-Campagna-entrega-trofeo-a-Nacho-Figueras-2048x1740.jpg 2048w, https:\/\/diariodominicano.com\/wp-content\/uploads\/2023\/09\/Dino-Campagna-entrega-trofeo-a-Nacho-Figueras-816x693.jpg 816w\" sizes=\"auto, (max-width: 1024px) 100vw, 1024px\" \/><figcaption>Dino Campagna entrega trofeo a Nacho Figueras<\/figcaption><\/figure>\n\n\n\n<p>El evento fue desarrollado en la modalidad invitacional, y durante \u00e9ste se reunieron m\u00e1s de 500 personalidades allegadas al St. Regis Hotels and Residences y a la Ciudad Destino Cap Cana.&nbsp;<\/p>\n\n\n\n<p>Otras marcas y patrocinadores presentes en el evento fueron Barcel\u00f3, Mercedes Benz y Louis Vuitton.<\/p>\n\n\n\n<p><strong>Acerca de St. Regis Cap Cana&nbsp;<\/strong><\/p>\n\n\n\n<p>El exclusivo complejo St. Regis Cap Cana Hotel and Residences ofrece un para\u00edso id\u00edlico para quienes buscan lo excepcional, ya que se encuentra ubicado frente a la playa m\u00e1s seductora del mundo, en la costa este de la Rep\u00fablica Dominicana y rodeado del espectacular campo de golf Punta Espada. El complejo cinco estrellas se encuentra dentro de la Ciudad Destino Cap Cana, una comunidad exclusiva con playas de arenas blancas y aguas cristalinas que cuenta con una impresionante variedad de amenidades de clase mundial. El St. Regis Cap Cana Hotel and Residences adem\u00e1s de ofrecer una arquitectura innovadora que integra perfectamente la naturaleza y el entorno, se enorgullece de brindar cuatro pilares distintivos para sus residentes: servicio personalizado, experiencias inmersivas, lujo moderno y la sinergia gastron\u00f3mica-sensorial de la mano de expertos de la talla de Diego Mu\u00f1oz, chef peruano de gran reconocimiento internacional.\u00a0<\/p>\n\n\n\n<p>Ibelca Mencia<a target=\"_blank\" href=\"mailto:ibelca.mencia@gmail.com\" rel=\"noreferrer noopener\">ibelca.mencia@gmail.com<\/a><\/p>\n\n\n\n<p><br><\/p>\n","protected":false},"excerpt":{"rendered":"<p>Don Dino Campagna entrega trofeo al equipo St. Regis \u201cEl polista m\u00e1s celebrado de todos los tiempos es el Embajador Global de St. Regis y particip\u00f3 junto a su equipo en la 1ra Copa de Polo Av\u00e9le,&nbsp;a beneficio de la Fundaci\u00f3n Juan Luis Guerra\u201d. Cap Cana.\u00a0\u00a0Septiembre 2023, En un exclusivo encuentro entre aficionados del mundo [&hellip;]<\/p>\n","protected":false},"author":28,"featured_media":470636,"comment_status":"closed","ping_status":"","sticky":true,"template":"","format":"standard","meta":{"footnotes":""},"categories":[17,27,32],"tags":[],"class_list":["post-470635","post","type-post","status-publish","format-standard","has-post-thumbnail","hentry","category-deportes","category-portada","category-turismo"],"_links":{"self":[{"href":"https:\/\/diariodominicano.com\/index.php?rest_route=\/wp\/v2\/posts\/470635","targetHints":{"allow":["GET"]}}],"collection":[{"href":"https:\/\/diariodominicano.com\/index.php?rest_route=\/wp\/v2\/posts"}],"about":[{"href":"https:\/\/diariodominicano.com\/index.php?rest_route=\/wp\/v2\/types\/post"}],"author":[{"embeddable":true,"href":"https:\/\/diariodominicano.com\/index.php?rest_route=\/wp\/v2\/users\/28"}],"replies":[{"embeddable":true,"href":"https:\/\/diariodominicano.com\/index.php?rest_route=%2Fwp%2Fv2%2Fcomments&post=470635"}],"version-history":[{"count":12,"href":"https:\/\/diariodominicano.com\/index.php?rest_route=\/wp\/v2\/posts\/470635\/revisions"}],"predecessor-version":[{"id":470657,"href":"https:\/\/diariodominicano.com\/index.php?rest_route=\/wp\/v2\/posts\/470635\/revisions\/470657"}],"wp:featuredmedia":[{"embeddable":true,"href":"https:\/\/diariodominicano.com\/index.php?rest_route=\/wp\/v2\/media\/470636"}],"wp:attachment":[{"href":"https:\/\/diariodominicano.com\/index.php?rest_route=%2Fwp%2Fv2%2Fmedia&parent=470635"}],"wp:term":[{"taxonomy":"category","embeddable":true,"href":"https:\/\/diariodominicano.com\/index.php?rest_route=%2Fwp%2Fv2%2Fcategories&post=470635"},{"taxonomy":"post_tag","embeddable":true,"href":"https:\/\/diariodominicano.com\/index.php?rest_route=%2Fwp%2Fv2%2Ftags&post=470635"}],"curies":[{"name":"wp","href":"https:\/\/api.w.org\/{rel}","templated":true}]}}