{"id":470620,"date":"2023-09-10T00:26:27","date_gmt":"2023-09-10T04:26:27","guid":{"rendered":"http:\/\/diariodominicano.com\/?p=470620"},"modified":"2023-09-10T00:31:10","modified_gmt":"2023-09-10T04:31:10","slug":"uapa-celebra-feria-de-psicologia-educativa","status":"publish","type":"post","link":"https:\/\/diariodominicano.com\/?p=470620","title":{"rendered":"UAPA celebra feria de Psicolog\u00eda Educativa"},"content":{"rendered":"\n<p><strong><em>Es una iniciativa para desarrollar las competencias de los estudiantes&nbsp;<\/em><\/strong><strong>&nbsp; &nbsp; &nbsp;<\/strong><\/p>\n\n\n\n<figure class=\"wp-block-image size-large\"><img loading=\"lazy\" decoding=\"async\" width=\"1024\" height=\"575\" src=\"https:\/\/diariodominicano.com\/wp-content\/uploads\/2023\/09\/A42A6117-1024x575.jpg\" alt=\"\" class=\"wp-image-470623\" srcset=\"https:\/\/diariodominicano.com\/wp-content\/uploads\/2023\/09\/A42A6117-1024x575.jpg 1024w, https:\/\/diariodominicano.com\/wp-content\/uploads\/2023\/09\/A42A6117-300x169.jpg 300w, https:\/\/diariodominicano.com\/wp-content\/uploads\/2023\/09\/A42A6117-768x432.jpg 768w, https:\/\/diariodominicano.com\/wp-content\/uploads\/2023\/09\/A42A6117-1536x863.jpg 1536w, https:\/\/diariodominicano.com\/wp-content\/uploads\/2023\/09\/A42A6117-2048x1151.jpg 2048w, https:\/\/diariodominicano.com\/wp-content\/uploads\/2023\/09\/A42A6117-816x459.jpg 816w\" sizes=\"auto, (max-width: 1024px) 100vw, 1024px\" \/><\/figure>\n\n\n\n<p><strong>SANTIAGO, RD.-<\/strong>\u00a0 \u00a0La Escuela de Ciencias de la Salud \u00a0de la Universidad Abierta para Adultos (UAPA) celebr\u00f3 su primera Feria de Psicolog\u00eda Educativa, \u00a0en la que los participantes exhibieron \u00a0las competencias adquiridas en las \u00e1reas de trastornos de la ni\u00f1ez.<\/p>\n\n\n\n<figure class=\"wp-block-image size-large\"><img loading=\"lazy\" decoding=\"async\" width=\"1024\" height=\"575\" src=\"https:\/\/diariodominicano.com\/wp-content\/uploads\/2023\/09\/Ernestina-Castro-Psicologa000-1024x575.jpg\" alt=\"\" class=\"wp-image-470626\" srcset=\"https:\/\/diariodominicano.com\/wp-content\/uploads\/2023\/09\/Ernestina-Castro-Psicologa000-1024x575.jpg 1024w, https:\/\/diariodominicano.com\/wp-content\/uploads\/2023\/09\/Ernestina-Castro-Psicologa000-300x169.jpg 300w, https:\/\/diariodominicano.com\/wp-content\/uploads\/2023\/09\/Ernestina-Castro-Psicologa000-768x432.jpg 768w, https:\/\/diariodominicano.com\/wp-content\/uploads\/2023\/09\/Ernestina-Castro-Psicologa000-1536x863.jpg 1536w, https:\/\/diariodominicano.com\/wp-content\/uploads\/2023\/09\/Ernestina-Castro-Psicologa000-2048x1151.jpg 2048w, https:\/\/diariodominicano.com\/wp-content\/uploads\/2023\/09\/Ernestina-Castro-Psicologa000-816x459.jpg 816w\" sizes=\"auto, (max-width: 1024px) 100vw, 1024px\" \/><figcaption>Doctora Ernestina Castro <\/figcaption><\/figure>\n\n\n\n<p>En la muestra la doctora Ernestina Castro fue la conferencista invitada para tratar la relaci\u00f3n de La Neurociencia y la Educaci\u00f3n, en la que resalt\u00f3 la importancia de la ciencia en el desarrollo de los trastornos del aprendizaje especial para el proceso que hay que hacer con el ni\u00f1o afectado.<\/p>\n\n\n\n<p>\u00b4La neurociencia es una disciplina cient\u00edfica de m\u00e1s de 50 a\u00f1os, que estudia el sistema nervioso y todos sus aspectos. Hoy es d\u00eda es muy importante en la educaci\u00f3n \u00b4\u00b4, expres\u00f3 la profesional<\/p>\n\n\n\n<p>La vicerrectora acad\u00e9mica Jovanny Rodr\u00edguez pronunci\u00f3 las palabras de apertura y exhort\u00f3 a los futuros psic\u00f3logos a ser mejores personas.<\/p>\n\n\n\n<figure class=\"wp-block-image size-large\"><img loading=\"lazy\" decoding=\"async\" width=\"1024\" height=\"576\" src=\"https:\/\/diariodominicano.com\/wp-content\/uploads\/2023\/09\/DSC00481-1-1024x576.jpg\" alt=\"\" class=\"wp-image-470628\" srcset=\"https:\/\/diariodominicano.com\/wp-content\/uploads\/2023\/09\/DSC00481-1-1024x576.jpg 1024w, https:\/\/diariodominicano.com\/wp-content\/uploads\/2023\/09\/DSC00481-1-300x169.jpg 300w, https:\/\/diariodominicano.com\/wp-content\/uploads\/2023\/09\/DSC00481-1-768x432.jpg 768w, https:\/\/diariodominicano.com\/wp-content\/uploads\/2023\/09\/DSC00481-1-1536x864.jpg 1536w, https:\/\/diariodominicano.com\/wp-content\/uploads\/2023\/09\/DSC00481-1-2048x1152.jpg 2048w, https:\/\/diariodominicano.com\/wp-content\/uploads\/2023\/09\/DSC00481-1-816x459.jpg 816w\" sizes=\"auto, (max-width: 1024px) 100vw, 1024px\" \/><\/figure>\n\n\n\n<p>La directora de la Escuela Ciencias de la Salud, Mirtha G\u00f3mez valor\u00f3 el trabajo realizado por el equipo organizador y el Comit\u00e9 de Carreras, as\u00ed como a los participantes de la sede en la provincia de Santiago, al igual que los recintos Santo Domingo y Nagua. Tambi\u00e9n destac\u00f3&nbsp; a la coordinadora Evaleidy Cross, quien fue de la idea de la feria.<\/p>\n\n\n\n<p>En los stands los participantes exhibieron los temas : Atenci\u00f3n a la diversidad&nbsp; y recursos accesibles ;&nbsp; Estimulaci\u00f3n&nbsp; del neurodesarrollo, Bases neurobiol\u00f3gicas del TDAH. Dislexia y discalculia; Terapia del juego para ni\u00f1os con necesidades&nbsp; educativas , adem\u00e1s de Trastornos&nbsp; infanto-juveniles.<\/p>\n\n\n\n<p>En el encuentro los participantes le entregaron un reconocimiento a la facilitadora Daysi Rodr\u00edguez por sus aportes a su formaci\u00f3n profesional \/\/<\/p>\n\n\n\n<p>Fior D \u0301Aliza Taveras<a target=\"_blank\" href=\"mailto:fiordalizataverasp@gmail.com\" rel=\"noreferrer noopener\">fiordalizataverasp@gmail.com<\/a><\/p>\n\n\n\n<p><strong>Santiago , septiembre 2023<\/strong><\/p>\n","protected":false},"excerpt":{"rendered":"<p>Es una iniciativa para desarrollar las competencias de los estudiantes&nbsp;&nbsp; &nbsp; &nbsp; SANTIAGO, RD.-\u00a0 \u00a0La Escuela de Ciencias de la Salud \u00a0de la Universidad Abierta para Adultos (UAPA) celebr\u00f3 su primera Feria de Psicolog\u00eda Educativa, \u00a0en la que los participantes exhibieron \u00a0las competencias adquiridas en las \u00e1reas de trastornos de la ni\u00f1ez. En la muestra [&hellip;]<\/p>\n","protected":false},"author":28,"featured_media":470621,"comment_status":"closed","ping_status":"","sticky":true,"template":"","format":"standard","meta":{"footnotes":""},"categories":[21,36,27,32],"tags":[],"class_list":["post-470620","post","type-post","status-publish","format-standard","has-post-thumbnail","hentry","category-cultura","category-hombresmujeresycosas","category-portada","category-turismo"],"_links":{"self":[{"href":"https:\/\/diariodominicano.com\/index.php?rest_route=\/wp\/v2\/posts\/470620","targetHints":{"allow":["GET"]}}],"collection":[{"href":"https:\/\/diariodominicano.com\/index.php?rest_route=\/wp\/v2\/posts"}],"about":[{"href":"https:\/\/diariodominicano.com\/index.php?rest_route=\/wp\/v2\/types\/post"}],"author":[{"embeddable":true,"href":"https:\/\/diariodominicano.com\/index.php?rest_route=\/wp\/v2\/users\/28"}],"replies":[{"embeddable":true,"href":"https:\/\/diariodominicano.com\/index.php?rest_route=%2Fwp%2Fv2%2Fcomments&post=470620"}],"version-history":[{"count":7,"href":"https:\/\/diariodominicano.com\/index.php?rest_route=\/wp\/v2\/posts\/470620\/revisions"}],"predecessor-version":[{"id":470631,"href":"https:\/\/diariodominicano.com\/index.php?rest_route=\/wp\/v2\/posts\/470620\/revisions\/470631"}],"wp:featuredmedia":[{"embeddable":true,"href":"https:\/\/diariodominicano.com\/index.php?rest_route=\/wp\/v2\/media\/470621"}],"wp:attachment":[{"href":"https:\/\/diariodominicano.com\/index.php?rest_route=%2Fwp%2Fv2%2Fmedia&parent=470620"}],"wp:term":[{"taxonomy":"category","embeddable":true,"href":"https:\/\/diariodominicano.com\/index.php?rest_route=%2Fwp%2Fv2%2Fcategories&post=470620"},{"taxonomy":"post_tag","embeddable":true,"href":"https:\/\/diariodominicano.com\/index.php?rest_route=%2Fwp%2Fv2%2Ftags&post=470620"}],"curies":[{"name":"wp","href":"https:\/\/api.w.org\/{rel}","templated":true}]}}