{"id":470547,"date":"2023-09-09T10:41:32","date_gmt":"2023-09-09T14:41:32","guid":{"rendered":"http:\/\/diariodominicano.com\/?p=470547"},"modified":"2023-09-09T10:41:32","modified_gmt":"2023-09-09T14:41:32","slug":"historias-de-fortunas-de-potentados-espanoles-en-la-trinidad-de-cuba-fotos","status":"publish","type":"post","link":"https:\/\/diariodominicano.com\/?p=470547","title":{"rendered":"Historias de fortunas de potentados espa\u00f1oles en la Trinidad de Cuba (+Fotos)"},"content":{"rendered":"\n<p>Sancti Sp\u00edritus, Cuba, 9 sep (Prensa Latina) En los afanes por descifrar aconteceres entre piedras y palacetes en la Trinidad de Cuba, en enero pr\u00f3ximo cumplir\u00e1 510 a\u00f1os de fundada por los espa\u00f1oles, vuelven hoy los recuerdos sobre tesoros -por descubrir- de acaudalados espa\u00f1oles.&nbsp;&nbsp;&nbsp;&nbsp;<\/p>\n\n\n\n<ul class=\"wp-block-list\"><li>septiembre 9, 2023<\/li><li>CDT06:45 (GMT) -0400<\/li><\/ul>\n\n\n\n<ul class=\"wp-block-list\"><li><a href=\"https:\/\/www.prensa-latina.cu\/author\/rga\">Por:&nbsp;Ra\u00fal Garc\u00eda Alvarez<\/a><\/li><\/ul>\n\n\n\n<ul class=\"wp-block-list\"><li>Fotos: Ra\u00fal Garc\u00eda Alvarez (FotosPL)<\/li><\/ul>\n\n\n\n<p>Los propios historiadores y la transmisi\u00f3n oral de generaci\u00f3n en generaci\u00f3n mencionan las fabulosas riquezas ocultas por don Jos\u00e9 Mariano Borrell y Lemus, Marqu\u00e9s de Gu\u00e1imaro (1813-1864), que han desvelado a muchos parroquianos en a\u00f1os y otros siguen detr\u00e1s de sus huellas.<\/p>\n\n\n\n<figure class=\"wp-block-image\"><img decoding=\"async\" src=\"https:\/\/www.prensa-latina.cu\/wp-content\/uploads\/2023\/09\/JoseMariano-Borrel-yLemus.jpg\" alt=\"\" class=\"wp-image-549696\"\/><\/figure>\n\n\n\n<p>Mientras don Cayetano Salazar y de Miranda -un callej\u00f3n de la villa Patrimonio Cultural de la Humanidad lo recuerda- tem\u00eda ser saqueado y en 1893 orden\u00f3 colocar en cuatro mulos sus joyas y propiedades de valor y enfil\u00f3 a las monta\u00f1as por caminos y veredas hasta llegar a Jibacoa, en la actualidad de la vecina provincia de Villa Clara.<\/p>\n\n\n\n<p>Las grandes fortunas que se le atribuyen a ambos siguen despabilando a fan\u00e1ticos y sobre todo atizando leyendas, afirm\u00f3 a este redactor Carlos Joaqu\u00edn Zerquera, historiador oficial de la villa (1926-2009).<\/p>\n\n\n\n<figure class=\"wp-block-image\"><img decoding=\"async\" src=\"https:\/\/www.prensa-latina.cu\/wp-content\/uploads\/2023\/09\/Palacio-Borrell-2a.jpg\" alt=\"\" class=\"wp-image-549693\"\/><\/figure>\n\n\n\n<p>El palacio de Borrell y Lemus es una de las joyas arquitect\u00f3nicas de la tercera villa cubana, fruto de una dudosa fortuna, pues afirman que proven\u00eda de un pacto con el mism\u00edsimo diablo.<\/p>\n\n\n\n<figure class=\"wp-block-image\"><img decoding=\"async\" src=\"https:\/\/www.prensa-latina.cu\/wp-content\/uploads\/2023\/09\/Plaza-Mayor-a.jpg\" alt=\"\" class=\"wp-image-549695\"\/><\/figure>\n\n\n\n<p>Su palacio e inmensa fortuna fue la envidia de todos sus contempor\u00e1neos y para ahuyentar a los curiosos ten\u00eda colgado en la mansi\u00f3n un \u00f3leo con la imagen de Belceb\u00fa (Satan\u00e1s judeocristiano), Se\u00f1or de las Moscas, en hebreo.<\/p>\n\n\n\n<p>Eduardo T\u00e9llez, joven internacionalista, comentaba que su abuela santera local reafirmaba que una noche de lluvias y truenos un esclavo trat\u00f3 de ajusticiar al patr\u00f3n y herido Borrell logr\u00f3 capturarlo y darle una paliza hasta la inconsciencia.<\/p>\n\n\n\n<figure class=\"wp-block-image\"><img decoding=\"async\" src=\"https:\/\/www.prensa-latina.cu\/wp-content\/uploads\/2023\/09\/Palacio-Borrell-2a.jpg\" alt=\"\" class=\"wp-image-549693\"\/><\/figure>\n\n\n\n<p>El ilustrado historiador trinitario reconoci\u00f3 que mucho tiempo despu\u00e9s la verdad sali\u00f3 del palacio: la esposa y su hijo dispusieron el asesinato con el prop\u00f3sito de heredarlo.<\/p>\n\n\n\n<p>Acosado por la maldad y las ambiciones de la familia el marqu\u00e9s mantuvo encerrada a su consorte en una jaula de hierro hasta el final de sus d\u00edas. Y con su astucia malvada, de d\u00e9spota enterr\u00f3 toda su fortuna en un lugar desconocido.<\/p>\n\n\n\n<figure class=\"wp-block-image\"><img decoding=\"async\" src=\"https:\/\/www.prensa-latina.cu\/wp-content\/uploads\/2023\/09\/INTERIOR-BORELL.jpg\" alt=\"\" class=\"wp-image-549697\"\/><\/figure>\n\n\n\n<p>Con el decursar de los siglos la verdad del fantasioso erario anda en las penumbras, entre paredes, bosques, atalayas y pozos, esperando por un golpe de suerte y que surja como el Ave F\u00e9nix, si existe.<\/p>\n\n\n\n<p>Mientras la f\u00e1bula del acaudalado Don Cayetano Salazar y de Miranda, residente de la villa en el valle del Guaurabo, se da a fines del XIX. Cronistas de la \u00e9poca afirman que vendi\u00f3 todas sus propiedades, acumulando una gran cantidad de dinero en monedas de oro y plata.<\/p>\n\n\n\n<p>Era la etapa de la Guerra por la independencia de Cuba, momento en que muchos comerciantes, pol\u00edticos y militares espa\u00f1oles con fortuna abandonan sus lugares de origen y van a donde eran menos conocidos y Cayetano emplea esta f\u00f3rmula ante los estragos de la contienda b\u00e9lica.<\/p>\n\n\n\n<figure class=\"wp-block-image\"><img decoding=\"async\" src=\"https:\/\/www.prensa-latina.cu\/wp-content\/uploads\/2023\/09\/Choche.jpg\" alt=\"\" class=\"wp-image-549698\"\/><\/figure>\n\n\n\n<p>Entre sus esclavos seleccion\u00f3 dos de mayor confianza -se dice- colocando los bienes sobre cuatro mulos y decidi\u00f3 su itinerario hacia las monta\u00f1as de Jibacoa, donde los acontecimientos entre espa\u00f1oles y mambises cubanos eran pr\u00e1cticamente desconocidos.<\/p>\n\n\n\n<p>Trepar por las h\u00famedas cumbres, coment\u00f3 Zerquera, seguro no fue nada f\u00e1cil mas cuando desech\u00f3 todo tipo de vereda transitable, ya del otro lado de las monta\u00f1as, pernoct\u00f3 en casa de un lugare\u00f1o y al siguiente d\u00eda sigui\u00f3 al este en busca de adquirir una finca.<\/p>\n\n\n\n<p>En un lugar conocido por Las Carolinas orden\u00f3 cavar una fosa donde enterrar toda la carga, junto a ella a sus esclavos despu\u00e9s de asesinarlos, dedic\u00e1ndole una oraci\u00f3n como guardianes perpetuos de su fortuna, dice la quimera.<\/p>\n\n\n\n<figure class=\"wp-block-image\"><img decoding=\"async\" src=\"https:\/\/www.prensa-latina.cu\/wp-content\/uploads\/2023\/09\/Palacio-Borrell-1.jpg\" alt=\"\" class=\"wp-image-549699\"\/><\/figure>\n\n\n\n<p>Aunque se desconocen los lugares exactos donde perduran los tesoros de Borrell y Cayetano, el primer personaje de tristes recuerdos entre los pobladores fue de los aportadores al desarrollo de La Trinidad de Cuba, mientras el de Las Carolinas, muri\u00f3 en sitio desconocido y jam\u00e1s regres\u00f3 a las monta\u00f1as.<\/p>\n\n\n\n<p>Muchas personas fascinadas por estas leyendas, han intentado encontrar las riquezas, dibujan mapas, rutas, determinan lugares tratando de encontrar al menos una pista, pero jam\u00e1s se ha hallado nada, todo queda en la inc\u00f3gnita: murieron y se llevaron sus tesoros.<\/p>\n\n\n\n<p>mem\/rga<\/p>\n","protected":false},"excerpt":{"rendered":"<p>Sancti Sp\u00edritus, Cuba, 9 sep (Prensa Latina) En los afanes por descifrar aconteceres entre piedras y palacetes en la Trinidad de Cuba, en enero pr\u00f3ximo cumplir\u00e1 510 a\u00f1os de fundada por los espa\u00f1oles, vuelven hoy los recuerdos sobre tesoros -por descubrir- de acaudalados espa\u00f1oles.&nbsp;&nbsp;&nbsp;&nbsp; septiembre 9, 2023 CDT06:45 (GMT) -0400 Por:&nbsp;Ra\u00fal Garc\u00eda Alvarez Fotos: Ra\u00fal [&hellip;]<\/p>\n","protected":false},"author":28,"featured_media":470548,"comment_status":"closed","ping_status":"","sticky":false,"template":"","format":"standard","meta":{"footnotes":""},"categories":[21,26,32],"tags":[],"class_list":["post-470547","post","type-post","status-publish","format-standard","has-post-thumbnail","hentry","category-cultura","category-efemerides","category-turismo"],"_links":{"self":[{"href":"https:\/\/diariodominicano.com\/index.php?rest_route=\/wp\/v2\/posts\/470547","targetHints":{"allow":["GET"]}}],"collection":[{"href":"https:\/\/diariodominicano.com\/index.php?rest_route=\/wp\/v2\/posts"}],"about":[{"href":"https:\/\/diariodominicano.com\/index.php?rest_route=\/wp\/v2\/types\/post"}],"author":[{"embeddable":true,"href":"https:\/\/diariodominicano.com\/index.php?rest_route=\/wp\/v2\/users\/28"}],"replies":[{"embeddable":true,"href":"https:\/\/diariodominicano.com\/index.php?rest_route=%2Fwp%2Fv2%2Fcomments&post=470547"}],"version-history":[{"count":1,"href":"https:\/\/diariodominicano.com\/index.php?rest_route=\/wp\/v2\/posts\/470547\/revisions"}],"predecessor-version":[{"id":470549,"href":"https:\/\/diariodominicano.com\/index.php?rest_route=\/wp\/v2\/posts\/470547\/revisions\/470549"}],"wp:featuredmedia":[{"embeddable":true,"href":"https:\/\/diariodominicano.com\/index.php?rest_route=\/wp\/v2\/media\/470548"}],"wp:attachment":[{"href":"https:\/\/diariodominicano.com\/index.php?rest_route=%2Fwp%2Fv2%2Fmedia&parent=470547"}],"wp:term":[{"taxonomy":"category","embeddable":true,"href":"https:\/\/diariodominicano.com\/index.php?rest_route=%2Fwp%2Fv2%2Fcategories&post=470547"},{"taxonomy":"post_tag","embeddable":true,"href":"https:\/\/diariodominicano.com\/index.php?rest_route=%2Fwp%2Fv2%2Ftags&post=470547"}],"curies":[{"name":"wp","href":"https:\/\/api.w.org\/{rel}","templated":true}]}}