{"id":470480,"date":"2023-09-09T09:45:58","date_gmt":"2023-09-09T13:45:58","guid":{"rendered":"http:\/\/diariodominicano.com\/?p=470480"},"modified":"2023-09-09T09:48:54","modified_gmt":"2023-09-09T13:48:54","slug":"aeropuerto-internacional-de-punta-cana-mejor-de-la-region-por-7mo-ano-consecutivo","status":"publish","type":"post","link":"https:\/\/diariodominicano.com\/?p=470480","title":{"rendered":"Aeropuerto Internacional de Punta Cana: Mejor de la Regi\u00f3n por 7mo. a\u00f1o consecutivo"},"content":{"rendered":"\n<p>Luis Felipe de Oliveiras, Alberto Smith y Elena Avila <\/p>\n\n\n\n<p><em>A su vez, en el marco de la premiaci\u00f3n, el aeropuerto recibi\u00f3 la nueva acreditaci\u00f3n de Costumer Experience por parte de la ACI.<\/em><\/p>\n\n\n\n<figure class=\"wp-block-image size-full\"><img loading=\"lazy\" decoding=\"async\" width=\"799\" height=\"533\" src=\"https:\/\/diariodominicano.com\/wp-content\/uploads\/2023\/09\/Luis-Felipe-de-Oliveiras-Alberto-Smith-y-Elena-Avila-2.jpg\" alt=\"\" class=\"wp-image-470483\" srcset=\"https:\/\/diariodominicano.com\/wp-content\/uploads\/2023\/09\/Luis-Felipe-de-Oliveiras-Alberto-Smith-y-Elena-Avila-2.jpg 799w, https:\/\/diariodominicano.com\/wp-content\/uploads\/2023\/09\/Luis-Felipe-de-Oliveiras-Alberto-Smith-y-Elena-Avila-2-300x200.jpg 300w, https:\/\/diariodominicano.com\/wp-content\/uploads\/2023\/09\/Luis-Felipe-de-Oliveiras-Alberto-Smith-y-Elena-Avila-2-768x512.jpg 768w\" sizes=\"auto, (max-width: 799px) 100vw, 799px\" \/><figcaption>Luis Felipe de Oliveiras, Alberto Smith y Elena Avila <\/figcaption><\/figure>\n\n\n\n<p><strong>Incheon, Rep\u00fablica de Corea. \u2013&nbsp;<\/strong>El Aeropuerto Internacional de Punta Cana (PUJ) recibi\u00f3 por s\u00e9ptimo a\u00f1o consecutivo en la ceremonia de los premios de Calidad del Servicio Aeroportuario (ASQ) del Consejo Internacional de Aeropuertos (ACI), el galard\u00f3n a \u201cMejor Aeropuerto por Tama\u00f1o y Regi\u00f3n\u201d en la categor\u00eda de 5 a 15 millones de pasajeros por a\u00f1o en el Caribe y Latinoam\u00e9rica.<\/p>\n\n\n\n<p>En adici\u00f3n a este reconocimiento, el aeropuerto obtuvo la nueva acreditaci\u00f3n de Costumer Experience. Esta certificaci\u00f3n multinivel gu\u00eda a los aeropuertos hacia la excelencia en la gesti\u00f3n de la experiencia del cliente, de acuerdo con los ocho (8) dominios diferentes: comprensi\u00f3n del cliente, estrategia, medici\u00f3n, mejora operativa, gobernanza, cultura aeroportuaria, dise\u00f1o de servicios e innovaci\u00f3n, y colaboraci\u00f3n con la comunidad aeroportuaria.<\/p>\n\n\n\n<p>El director de Operaciones Landside del PUJ, Alberto Smith, recibi\u00f3 el reconocimiento en representaci\u00f3n del aeropuerto de la mano de Elena Avila, Executive VP Airport IT and Airline Operations de Amadeus y Luis Felipe de Oliveiras, director general del Consejo Internacional de Aeropuertos (ACI) en una ceremonia celebrada en el Grand Ballroom Paradise City Hotel en Incheon, Rep\u00fablica de Corea, durante la Cumbre Global de Experiencia del Cliente (Customer Experience Global Summit) en asociaci\u00f3n con Amadeus.<\/p>\n\n\n\n<p>\u201cExtendemos nuestro agradecimiento a las m\u00e1s de 8 mil personas de diversas empresas e instituciones que trabajan en el aeropuerto, por su dedicaci\u00f3n, pasi\u00f3n y compromiso para hacer posible este logro. Su incesante b\u00fasqueda de la excelencia ha elevado verdaderamente la experiencia de viaje de millones de pasajeros\u201d, afirm\u00f3 Smith al recibir el reconocimiento.<\/p>\n\n\n\n<p>Asimismo, agreg\u00f3 que, en el aeropuerto constantemente se eval\u00faan m\u00e9tricas que permiten medir el nivel de satisfacci\u00f3n de los pasajeros. \u201cEstos esfuerzos son la br\u00fajula que facilita implementar mejoras continuas de cara a crear la mejor experiencia para nuestros pasajeros\u201d, puntualiz\u00f3.<\/p>\n\n\n\n<figure class=\"wp-block-image size-full\"><img loading=\"lazy\" decoding=\"async\" width=\"799\" height=\"533\" src=\"https:\/\/diariodominicano.com\/wp-content\/uploads\/2023\/09\/Luis-Felipe-de-Oliveiras-Alberto-Smith-y-Elena-Avila-3-1.jpg\" alt=\"\" class=\"wp-image-470485\" srcset=\"https:\/\/diariodominicano.com\/wp-content\/uploads\/2023\/09\/Luis-Felipe-de-Oliveiras-Alberto-Smith-y-Elena-Avila-3-1.jpg 799w, https:\/\/diariodominicano.com\/wp-content\/uploads\/2023\/09\/Luis-Felipe-de-Oliveiras-Alberto-Smith-y-Elena-Avila-3-1-300x200.jpg 300w, https:\/\/diariodominicano.com\/wp-content\/uploads\/2023\/09\/Luis-Felipe-de-Oliveiras-Alberto-Smith-y-Elena-Avila-3-1-768x512.jpg 768w\" sizes=\"auto, (max-width: 799px) 100vw, 799px\" \/><figcaption>Luis Felipe de Oliveiras, Alberto Smith y Elena Avila<\/figcaption><\/figure>\n\n\n\n<p>La premiaci\u00f3n reconoce la excelencia de los aeropuertos de todo el mundo que ofrecen la mejor experiencia al cliente. El Aeropuerto Internacional de Punta Cana es el primer aeropuerto del pa\u00eds en lograr este reconocimiento y lo ha mantenido por siete a\u00f1os consecutivos,&nbsp;afianz\u00e1ndose como uno de los 10 principales aeropuertos de Am\u00e9rica Latina y el m\u00e1s importante del Caribe insular.<\/p>\n\n\n\n<p>Recientemente, la expansi\u00f3n de la Terminal B del Aeropuerto Internacional de Punta Cana (PUJ) comenz\u00f3 sus operaciones, inicialmente con aerol\u00edneas provenientes de Norteam\u00e9rica y con planes de expandir a rutas de conectividad en Latinoam\u00e9rica y Europa.<\/p>\n\n\n\n<p><strong>Sobre el Consejo Internacional de Aeropuertos (ACI)<\/strong><\/p>\n\n\n\n<p>La ACI es una organizaci\u00f3n sin fines de lucro, cuyo objetivo principal es promover la excelencia profesional en la gesti\u00f3n y las operaciones aeroportuarias. Actualmente, operan en 1,979 aeropuertos y 176 pa\u00edses.<\/p>\n\n\n\n<p>Los&nbsp;premios de Calidad del Servicio Aeroportuario&nbsp;(ASQ) es el programa l\u00edder de evaluaci\u00f3n comparativa y medici\u00f3n de las experiencias de viajeros en aeropuertos, valorando la satisfacci\u00f3n de los pasajeros.<\/p>\n\n\n\n<p><strong>Sobre el Aeropuerto Internacional de Punta Cana (PUJ)<\/strong><\/p>\n\n\n\n<p>Inaugurado en 1983, es el primer aer\u00f3dromo privado de uso comercial internacional en el mundo, el de mayor tr\u00e1fico en la Rep\u00fablica Dominicana y el de mayor conectividad en el Caribe, uniendo 64 ciudades y 26 pa\u00edses de todo el mundo, movilizando ocho millones de pasajeros al a\u00f1o.<\/p>\n\n\n\n<p>Dispone de dos pistas, 27 puertas de embarque, 30 parqueos de aviones y tres salones VIP. Asimismo, cuenta con su propio Centro de Reciclaje e Incineraci\u00f3n, donde se recicla el 60% por ciento de los residuos que genera.<\/p>\n\n\n\n<p>El Aeropuerto Internacional de Punta Cana logr\u00f3 el r\u00e9cord de 8 millones en movimiento de pasajeros, convirti\u00e9ndose en el primer aeropuerto del pa\u00eds en alcanzar esta cifra, evidenciando el crecimiento de la industria tur\u00edstica dominicana.<\/p>\n\n\n\n<p>Instagram<strong>\u00a0@puntacanaairport\u00a0<\/strong><a rel=\"noreferrer noopener\" href=\"https:\/\/www.puntacanainternationalairport.com\/\" target=\"_blank\"><strong>https:\/\/www.puntacanainternationalairport.com\/<\/strong><\/a><br><br>&#8212;<br><strong>Mar\u00eda Alejandra Alc\u00e1ntara\u00a0<\/strong><br>\u00a0<a rel=\"noreferrer noopener\" href=\"mailto:mariaalejandra@cicom.do\" target=\"_blank\">mariaalejandra@cicom.do<\/a><\/p>\n\n\n\n<figure class=\"wp-block-image\"><img decoding=\"async\" src=\"https:\/\/ci3.googleusercontent.com\/mail-sig\/AIorK4xp12A8pp8N0SXBk-FvEHUdYu1z5gjYp5WLmX0NRIW7zxXupsWA4_7YPEz21y16CmIfPtKL5GA\" alt=\"\"\/><\/figure>\n","protected":false},"excerpt":{"rendered":"<p>Luis Felipe de Oliveiras, Alberto Smith y Elena Avila A su vez, en el marco de la premiaci\u00f3n, el aeropuerto recibi\u00f3 la nueva acreditaci\u00f3n de Costumer Experience por parte de la ACI. Incheon, Rep\u00fablica de Corea. \u2013&nbsp;El Aeropuerto Internacional de Punta Cana (PUJ) recibi\u00f3 por s\u00e9ptimo a\u00f1o consecutivo en la ceremonia de los premios de [&hellip;]<\/p>\n","protected":false},"author":28,"featured_media":470481,"comment_status":"closed","ping_status":"","sticky":true,"template":"","format":"standard","meta":{"footnotes":""},"categories":[36,32],"tags":[],"class_list":["post-470480","post","type-post","status-publish","format-standard","has-post-thumbnail","hentry","category-hombresmujeresycosas","category-turismo"],"_links":{"self":[{"href":"https:\/\/diariodominicano.com\/index.php?rest_route=\/wp\/v2\/posts\/470480","targetHints":{"allow":["GET"]}}],"collection":[{"href":"https:\/\/diariodominicano.com\/index.php?rest_route=\/wp\/v2\/posts"}],"about":[{"href":"https:\/\/diariodominicano.com\/index.php?rest_route=\/wp\/v2\/types\/post"}],"author":[{"embeddable":true,"href":"https:\/\/diariodominicano.com\/index.php?rest_route=\/wp\/v2\/users\/28"}],"replies":[{"embeddable":true,"href":"https:\/\/diariodominicano.com\/index.php?rest_route=%2Fwp%2Fv2%2Fcomments&post=470480"}],"version-history":[{"count":4,"href":"https:\/\/diariodominicano.com\/index.php?rest_route=\/wp\/v2\/posts\/470480\/revisions"}],"predecessor-version":[{"id":470487,"href":"https:\/\/diariodominicano.com\/index.php?rest_route=\/wp\/v2\/posts\/470480\/revisions\/470487"}],"wp:featuredmedia":[{"embeddable":true,"href":"https:\/\/diariodominicano.com\/index.php?rest_route=\/wp\/v2\/media\/470481"}],"wp:attachment":[{"href":"https:\/\/diariodominicano.com\/index.php?rest_route=%2Fwp%2Fv2%2Fmedia&parent=470480"}],"wp:term":[{"taxonomy":"category","embeddable":true,"href":"https:\/\/diariodominicano.com\/index.php?rest_route=%2Fwp%2Fv2%2Fcategories&post=470480"},{"taxonomy":"post_tag","embeddable":true,"href":"https:\/\/diariodominicano.com\/index.php?rest_route=%2Fwp%2Fv2%2Ftags&post=470480"}],"curies":[{"name":"wp","href":"https:\/\/api.w.org\/{rel}","templated":true}]}}