{"id":470457,"date":"2023-09-09T00:43:07","date_gmt":"2023-09-09T04:43:07","guid":{"rendered":"http:\/\/diariodominicano.com\/?p=470457"},"modified":"2023-09-09T00:53:52","modified_gmt":"2023-09-09T04:53:52","slug":"ciriaco-ramirez-personaje-olvidado","status":"publish","type":"post","link":"https:\/\/diariodominicano.com\/?p=470457","title":{"rendered":"CIRIACO RAM\u00cdREZ, PERSONAJE OLVIDADO"},"content":{"rendered":"\n<p>Jean Louis Ferrand <\/p>\n\n\n\n<p>POR TE\u00d3FILO LAPPOT ROBLES<\/p>\n\n\n\n<p>La hegemon\u00eda de Francia en Santo Domingo qued\u00f3 documentalmente fijada mediante un decreto contentivo de tres considerandos y trece art\u00edculos, emitido en la hoy capital dominicana el 6 de enero de 1805 por Jean Louis Ferrand, quien lo firm\u00f3 como general de brigada, comandante en jefe y capit\u00e1n general interino de la neo colonia.<\/p>\n\n\n\n<figure class=\"wp-block-image size-large\"><img loading=\"lazy\" decoding=\"async\" width=\"1024\" height=\"538\" src=\"https:\/\/diariodominicano.com\/wp-content\/uploads\/2023\/09\/napoleon-bonaparte-og-1024x538.jpg\" alt=\"\" class=\"wp-image-470461\" srcset=\"https:\/\/diariodominicano.com\/wp-content\/uploads\/2023\/09\/napoleon-bonaparte-og-1024x538.jpg 1024w, https:\/\/diariodominicano.com\/wp-content\/uploads\/2023\/09\/napoleon-bonaparte-og-300x158.jpg 300w, https:\/\/diariodominicano.com\/wp-content\/uploads\/2023\/09\/napoleon-bonaparte-og-768x403.jpg 768w, https:\/\/diariodominicano.com\/wp-content\/uploads\/2023\/09\/napoleon-bonaparte-og-816x428.jpg 816w, https:\/\/diariodominicano.com\/wp-content\/uploads\/2023\/09\/napoleon-bonaparte-og.jpg 1200w\" sizes=\"auto, (max-width: 1024px) 100vw, 1024px\" \/><figcaption>Napole\u00f3n  Bonaparte <\/figcaption><\/figure>\n\n\n\n<p>Ese documento fue parte de lo que cre\u00f3 el caldo de cultivo para que en poco tiempo se produjera una conflagraci\u00f3n b\u00e9lica que acab\u00f3 con los deseos del emperador Napole\u00f3n Bonaparte de dominar esta porci\u00f3n del mundo.<\/p>\n\n\n\n<p>Ciriaco Ram\u00edrez, un gaditano dedicado por muchos a\u00f1os a la agricultura y al comercio en la entonces ampl\u00edsima zona de Azua, fue uno de los principales l\u00edderes de la lucha armada para expulsar del pa\u00eds a los franceses.<\/p>\n\n\n\n<p>En la verdad inconmovible de los hechos Ciriaco Ram\u00edrez fue el primero en dirigir la sublevaci\u00f3n contra las derrotadas fuerzas francesas que ocupaban el territorio que luego ser\u00eda la Rep\u00fablica Dominicana. En los combates en s\u00ed tuvo el protagonismo primigenio.<\/p>\n\n\n\n<figure class=\"wp-block-image size-full\"><img loading=\"lazy\" decoding=\"async\" width=\"210\" height=\"239\" src=\"https:\/\/diariodominicano.com\/wp-content\/uploads\/2023\/09\/Gustavo-Mejia-Ricart-00.jpg\" alt=\"\" class=\"wp-image-470463\"\/><figcaption> Gustavo Adolfo Mej\u00eda Ricart <\/figcaption><\/figure>\n\n\n\n<p>Es cierto (s\u00f3lo por motivos fundados en estrategia militar de conveniencia) la versi\u00f3n del historiador, jurista y fil\u00f3sofo Gustavo Adolfo Mej\u00eda Ricart vertida en el volumen VII de su obra titulada Historia de Santo Domingo, en el sentido de que el general haitiano Henry Crist\u00f3bal facilit\u00f3 a Ciriaco Ram\u00edrez y su equipo de insurreccionados contra los franceses: \u201c300 hombres como fuerzas auxiliares.\u201d <strong>(<\/strong>Historia de Santo Domingo. Vol.VII. P.230.Editado por Librer\u00eda Pol &amp; Hermanos, 1948. Gustavo Adolfo Mej\u00eda Ricart).<\/p>\n\n\n\n<p>Escondida en la hojarasca de noticias de aquella \u00e9poca aparece la verdad incontestada de que en octubre de 1808 Ciriaco Ram\u00edrez y los hombres bajo su mando combatieron fieramente en varios lugares del sur contra las poderosas fuerzas neo coloniales. En un paraje entonces llamado Malpaso provocaron decenas de bajas a los franceses comandados por el coronel Aussenac.<\/p>\n\n\n\n<p>Ciriaco Ram\u00edrez, adem\u00e1s de tener el mando general de los combatientes en esas refriegas y batallas, se reserv\u00f3 para s\u00ed la direcci\u00f3n de la caballer\u00eda y deleg\u00f3 en Crist\u00f3bal Huber la coordinaci\u00f3n de la infanter\u00eda.<\/p>\n\n\n\n<p>Luego el referido coronel franc\u00e9s Aussenac derrot\u00f3 en Azua, el 24 de octubre de 1808, a los combatientes bajo el mando de Ciriaco Ram\u00edrez, pero este logr\u00f3 reagrupar a m\u00e1s de 400 de sus seguidores que contraatacaron de manera exitosa a los enemigos.<\/p>\n\n\n\n<p>Franklin J. Franco, acopiando datos ya consignados por predecesores, dice que: \u201cAussenac respondi\u00f3 a la derrota ordenando el incendio y la destrucci\u00f3n de propiedades, viviendas y haciendas de las comarcas y pueblos vecinos, a fin de cortar a los insurrectos toda fuente de abastecimiento. Esa acci\u00f3n aument\u00f3 el odio de nativos y espa\u00f1oles contra los franceses y ocasion\u00f3 el crecimiento de las filas insurrectas.\u201d (Historia del Pueblo Dominicano. Impresora Mediabyte,2008.P.160. Franklin J. Franco).<\/p>\n\n\n\n<p>Ciriaco Ram\u00edrez comenz\u00f3 el alzamiento contra los franceses luego de conversar con un emisario de Toribio Montes, a la saz\u00f3n gobernador colonial espa\u00f1ol de Puerto Rico, pa\u00eds donde se encontraba entonces el hacendado cotuisano Juan S\u00e1nchez Ram\u00edrez, quien&nbsp; entr\u00f3 en acci\u00f3n con sus hombres, con el apoyo log\u00edstico del referido jefe colonial, en noviembre de 1808.<\/p>\n\n\n\n<p>Es decir que correspondi\u00f3 a Ciriaco Ram\u00edrez dar el puntillazo inicial en la etapa que culmin\u00f3 con las ambiciones hegem\u00f3nicas del emperador Napole\u00f3n Bonaparte en esta parte del Caribe insular.<\/p>\n\n\n\n<p>La condici\u00f3n de personaje hist\u00f3rico de Ciriaco Ram\u00edrez comenz\u00f3 as\u00ed: \u201cDon Salvador F\u00e9lix, quien desembarcando atrevidamente por Barahona no par\u00f3 hasta verse con Ciriaco Ram\u00edrez e inducirle a que tomara la iniciativa y se lanzara antes que ning\u00fan otro a la revoluci\u00f3n\u2026\u201d (Rasgos Biogr\u00e1ficos de Dominicanos C\u00e9lebres. Editora del Caribe, 1971.P.92. Jos\u00e9 Gabriel Garc\u00eda).<\/p>\n\n\n\n<p>El 13 de diciembre de 1808 se produjo la famosa asamblea de Bondillo, &nbsp;paraje que los mapas de la \u00e9poca ubicaban en el lugar de Bayona, en el extrarradio de la ciudad de Santo Domingo.<\/p>\n\n\n\n<p>All\u00ed se confirm\u00f3 como jefe de la insurrecci\u00f3n contra Francia a S\u00e1nchez Ram\u00edrez. Tambi\u00e9n se aprob\u00f3, para disgusto de Ciriaco Ram\u00edrez, que el antiguo Santo Domingo Espa\u00f1ol volviera a ser colonia de Espa\u00f1a, bajo el reinado de Fernando VII.<\/p>\n\n\n\n<p>Los resultados de la junta de Bondillo tienen la categor\u00eda de paradoja si se tiene en cuenta que aunque fue convocada por S\u00e1nchez Ram\u00edrez, el que la organiz\u00f3 termin\u00f3 siendo el principal afectado.<\/p>\n\n\n\n<p>En efecto, de ese c\u00f3nclave escribi\u00f3 el padre de la historiograf\u00eda dominicana lo siguiente: \u201cEsta junta que fue proyectada en primer t\u00e9rmino por el coronel don Ciriaco Ram\u00edrez\u2026\u201d (Jos\u00e9 Gabriel Garc\u00eda. Obras completas. Editora Amigo del Hogar.Volumen I..P279).<\/p>\n\n\n\n<figure class=\"wp-block-image size-full\"><img loading=\"lazy\" decoding=\"async\" width=\"356\" height=\"500\" src=\"https:\/\/diariodominicano.com\/wp-content\/uploads\/2023\/09\/Juan_Sanchez_Ramirez.jpg\" alt=\"\" class=\"wp-image-470465\" srcset=\"https:\/\/diariodominicano.com\/wp-content\/uploads\/2023\/09\/Juan_Sanchez_Ramirez.jpg 356w, https:\/\/diariodominicano.com\/wp-content\/uploads\/2023\/09\/Juan_Sanchez_Ramirez-214x300.jpg 214w\" sizes=\"auto, (max-width: 356px) 100vw, 356px\" \/><figcaption>Juan S\u00e1nchez Ram\u00edrez<\/figcaption><\/figure>\n\n\n\n<p>Juan S\u00e1nchez Ram\u00edrez y algunos de sus principales seguidores abogaban por volver \u201cbajo la sombra de la bandera de Castilla\u201d.<\/p>\n\n\n\n<p>Ciriaco Ram\u00edrez y los hombres que lo segu\u00edan por su parte ten\u00edan ya un concepto claro sobre la pertinencia de la independencia nacional y luchaban para liberar al pueblo de cualquier tutela extranjera. Por eso en Bondillo se decidi\u00f3 perseguirlo, apresarlo y sacarlo del pa\u00eds.<\/p>\n\n\n\n<p>Sin embargo, la historia sobre la vida de Ciriaco Ram\u00edrez se ha ido tejiendo mediante una madeja de contradicciones y falsedades, siempre tratando de restarle m\u00e9ritos a su lucha.<\/p>\n\n\n\n<p>Juan Bosch, por ejemplo, al parecer no le otorga ning\u00fan m\u00e9rito militar, a juzgar por este p\u00e1rrafo suyo: \u201cPor su parte, don Ciriaco Ram\u00edrez, el jefe del grupo que operar\u00eda en la banda del sur, se levant\u00f3 con armas llevadas tambi\u00e9n desde Puerto Rico, pero fuerzas francesas al mando del coronel Aussenac le obligaron a refugiarse en los bosques de la regi\u00f3n.\u201d (Obras Completas.Tomo XIII. Historia del Caribe.Editora Serigraf, 2009.P.590. Juan Bosch).<\/p>\n\n\n\n<p>Sin embargo, fue un hecho incontrovertible que antes de terminar el a\u00f1o 1808 los principales pueblos y campos del sur estaban controlados por Ciriaco Ram\u00edrez y los hombres bajo su mando.<\/p>\n\n\n\n<p>Una prueba de la importancia que ten\u00eda Ciriaco Ram\u00edrez como objetivo militar para los colonialistas franceses aparece en una de las notas que hizo el fraile capuchino espa\u00f1ol Cipriano de Utrera al libro titulado Diario de la Reconquista.<\/p>\n\n\n\n<p>En efecto, el gobernador colonial Jean Louis Ferrand ofreci\u00f3 monedas de oro a quien capturara o matara a Ciriaco Ram\u00edrez: \u201c100 portuguesas al que entregase vivo a Ciriaco, y 50 si lo entregase muerto\u2026\u201d (Nota 70 de Fray Cipriano de Utrera al Diario de la Reconquista de Juan S\u00e1nchez Ram\u00edrez. Editora Montalvo, 1957.P.35).<\/p>\n\n\n\n<p>Otro desmentido para los que han pretendido ignorar la relevancia hist\u00f3rica de Ciriaco Ram\u00edrez es que ya muerto Ferrand en un altozano al oeste de El Seibo, llamado Palo Hincado, el 7 de noviembre de 1808, el citado coronel Aussenac lleg\u00f3 a Santo Domingo para reforzar las tropas del general Du Barquier, sucesor del gobernador colonial referido; pero como se\u00f1ala un destacado historiador dominicano: \u201c\u2026con Ciriaco Ram\u00edrez pis\u00e1ndole los talones al frente de unos 1,500 hombres\u2026\u201d(Personajes Dominicanos, tomo I. Editora Alfa y Omega,2013.P62.Roberto Cass\u00e1).<\/p>\n\n\n\n<p>El ya citado Diario de la Reconquista contiene pruebas de las contradicciones entre un S\u00e1nchez Ram\u00edrez pro colonial y un Ciriaco Ram\u00edrez en favor de la independencia nacional.<\/p>\n\n\n\n<p>As\u00ed tambi\u00e9n consta en algunos partes militares de los franceses y en notas agazapadas en las p\u00e1ginas amarillentas de la historia nacional.<\/p>\n\n\n\n<p>Ejemplo de lo anterior es este p\u00e1rrafo: \u201c\u2026las dificultades entre Don Juan y Don Ciriaco continuaron hasta el punto de que Don Juan expidi\u00f3 una orden de prisi\u00f3n contra su rival, sobre el cual pesaban las acusaciones de que hab\u00eda expoliado los pueblos del Sur\u201d. (Historia de Santo Domingo. Editora Cultural Dominicana. Quinta Edici\u00f3n, 1974.P188.Jacinto Gimbernard).<\/p>\n\n\n\n<p>Ciriaco Ram\u00edrez fue encarcelado y enviado a Puerto Rico, aunque nunca se pudieron probar las acusaciones inconsistentes que pesaban contra \u00e9l.<\/p>\n\n\n\n<p>En resumen, la figura hist\u00f3rica de Ciriaco Ram\u00edrez merece colocarse en el lugar de principal\u00eda que le corresponde por sus hechos heroicos.<\/p>\n","protected":false},"excerpt":{"rendered":"<p>Jean Louis Ferrand POR TE\u00d3FILO LAPPOT ROBLES La hegemon\u00eda de Francia en Santo Domingo qued\u00f3 documentalmente fijada mediante un decreto contentivo de tres considerandos y trece art\u00edculos, emitido en la hoy capital dominicana el 6 de enero de 1805 por Jean Louis Ferrand, quien lo firm\u00f3 como general de brigada, comandante en jefe y capit\u00e1n [&hellip;]<\/p>\n","protected":false},"author":28,"featured_media":470458,"comment_status":"closed","ping_status":"","sticky":true,"template":"","format":"standard","meta":{"footnotes":""},"categories":[21,36,26,27,32],"tags":[],"class_list":["post-470457","post","type-post","status-publish","format-standard","has-post-thumbnail","hentry","category-cultura","category-hombresmujeresycosas","category-efemerides","category-portada","category-turismo"],"_links":{"self":[{"href":"https:\/\/diariodominicano.com\/index.php?rest_route=\/wp\/v2\/posts\/470457","targetHints":{"allow":["GET"]}}],"collection":[{"href":"https:\/\/diariodominicano.com\/index.php?rest_route=\/wp\/v2\/posts"}],"about":[{"href":"https:\/\/diariodominicano.com\/index.php?rest_route=\/wp\/v2\/types\/post"}],"author":[{"embeddable":true,"href":"https:\/\/diariodominicano.com\/index.php?rest_route=\/wp\/v2\/users\/28"}],"replies":[{"embeddable":true,"href":"https:\/\/diariodominicano.com\/index.php?rest_route=%2Fwp%2Fv2%2Fcomments&post=470457"}],"version-history":[{"count":5,"href":"https:\/\/diariodominicano.com\/index.php?rest_route=\/wp\/v2\/posts\/470457\/revisions"}],"predecessor-version":[{"id":470466,"href":"https:\/\/diariodominicano.com\/index.php?rest_route=\/wp\/v2\/posts\/470457\/revisions\/470466"}],"wp:featuredmedia":[{"embeddable":true,"href":"https:\/\/diariodominicano.com\/index.php?rest_route=\/wp\/v2\/media\/470458"}],"wp:attachment":[{"href":"https:\/\/diariodominicano.com\/index.php?rest_route=%2Fwp%2Fv2%2Fmedia&parent=470457"}],"wp:term":[{"taxonomy":"category","embeddable":true,"href":"https:\/\/diariodominicano.com\/index.php?rest_route=%2Fwp%2Fv2%2Fcategories&post=470457"},{"taxonomy":"post_tag","embeddable":true,"href":"https:\/\/diariodominicano.com\/index.php?rest_route=%2Fwp%2Fv2%2Ftags&post=470457"}],"curies":[{"name":"wp","href":"https:\/\/api.w.org\/{rel}","templated":true}]}}