{"id":470433,"date":"2023-09-09T00:01:25","date_gmt":"2023-09-09T04:01:25","guid":{"rendered":"http:\/\/diariodominicano.com\/?p=470433"},"modified":"2023-09-09T00:01:25","modified_gmt":"2023-09-09T04:01:25","slug":"recomienda-durante-el-verano-tener-una-alimentacion-adecuada-consumir-liquidos-y-una-rutina-ejercicios","status":"publish","type":"post","link":"https:\/\/diariodominicano.com\/?p=470433","title":{"rendered":"Recomienda durante el verano tener una alimentaci\u00f3n adecuada, consumir l\u00edquidos y una rutina ejercicios"},"content":{"rendered":"\n<p> Doctora Laura Tapia <\/p>\n\n\n\n<p><strong>SANTO DOMINGO, RD. &#8211;<\/strong>\u00a0Durante el verano la gente comienza a disfrutar de un tiempo relajado y divertido de vacaciones con actividades al aire libre, temporada en la que deben considerar las altas temperaturas y nunca bajar la guardia cuando se trata de alimentaci\u00f3n.<\/p>\n\n\n\n<figure class=\"wp-block-image size-large\"><img loading=\"lazy\" decoding=\"async\" width=\"1024\" height=\"683\" src=\"https:\/\/diariodominicano.com\/wp-content\/uploads\/2023\/09\/Alimentacion-saludable-en-verano-1024x683.jpg\" alt=\"\" class=\"wp-image-470435\" srcset=\"https:\/\/diariodominicano.com\/wp-content\/uploads\/2023\/09\/Alimentacion-saludable-en-verano-1024x683.jpg 1024w, https:\/\/diariodominicano.com\/wp-content\/uploads\/2023\/09\/Alimentacion-saludable-en-verano-300x200.jpg 300w, https:\/\/diariodominicano.com\/wp-content\/uploads\/2023\/09\/Alimentacion-saludable-en-verano-768x512.jpg 768w, https:\/\/diariodominicano.com\/wp-content\/uploads\/2023\/09\/Alimentacion-saludable-en-verano-816x544.jpg 816w, https:\/\/diariodominicano.com\/wp-content\/uploads\/2023\/09\/Alimentacion-saludable-en-verano.jpg 1200w\" sizes=\"auto, (max-width: 1024px) 100vw, 1024px\" \/><\/figure>\n\n\n\n<p>La consideraci\u00f3n la expone la doctora Laura Tapia, nutri\u00f3loga cl\u00ednica y dietoterapia de&nbsp;Hospiten&nbsp;Santo Domingo, quien recomienda durante el verano consumir comidas ligeras, ensaladas variadas, sopas fr\u00edas, pastas, y frutas con alto contenido de agua, como sandias, naranjas, pepinos y mel\u00f3n.<\/p>\n\n\n\n<p>Indic\u00f3 que es necesario mantener la ingesta de prote\u00edna, consumiendo comidas con pollo, carne de res, carne de cerdo, pescados y, sobre todo, evitar alimentos procesados enlatados, embutidos, snacks y comidas r\u00e1pidas, por su alto contenido en grasa saturada, az\u00facares y sal.<\/p>\n\n\n\n<p>\u201cEs necesario equilibrar las comidas y asegurarse de que las mismas est\u00e9n bien completas con los nutrientes necesarios, y deben contener alimentos proteicos, carbohidratos y grasas, por igual alimentos altos en vitaminas como verduras y frutas\u201d, puntualiz\u00f3 la doctora Laura Tapia.<\/p>\n\n\n\n<p>Para mantener una buena hidrataci\u00f3n -asegura la doctora Tapia- es recomendable consumir m\u00ednimo dos litros de agua al d\u00eda, bebidas con electrolitos, agua de coco, adem\u00e1s de reducir la ingesta de bebidas azucaradas y carbonatadas.<\/p>\n\n\n\n<p>A su juicio, es importante consumir aceite de oliva, coco o aguacate; evitar a toda costa los aceites vegetales, ya que inflaman el intestino y dificultan la digesti\u00f3n y la absorci\u00f3n de nutrientes.<\/p>\n\n\n\n<p>La doctora Tapia entiende que \u201cdebemos adoptar cuidados especiales si pasamos tiempo al sol, y mantener la actividad f\u00edsica, ya sea aprovechando las altas temperaturas para iniciar nataci\u00f3n o simplemente mantener la rutina del gimnasio, es de suma importancia mantenernos realizando actividad f\u00edsica que nos agrade\u201d.<\/p>\n\n\n\n<p>\u201cDurante el verano sin duda podemos comenzar a disfrutar de tiempo de vacaciones y numerosas actividades, pero debemos tratar de establecer un equilibrio entre nuestra alimentaci\u00f3n y al mismo tiempo disfrutar del tiempo de verano con sus actividades y momentos especiales y divertidos\u201d, puntualiz\u00f3 la profesional de la salud,<\/p>\n\n\n\n<p>Sobre&nbsp;Hospiten<\/p>\n\n\n\n<p>Grupo&nbsp;Hospiten&nbsp;es una red sanitaria internacional comprometida con la prestaci\u00f3n de un servicio de m\u00e1xima calidad, con experiencia de m\u00e1s de 50 a\u00f1os, que cuenta con 20 centros m\u00e9dico-hospitalarios privados en Espa\u00f1a, Rep\u00fablica Dominicana, M\u00e9xico, Jamaica y Panam\u00e1, y m\u00e1s de 100 centros m\u00e9dicos ambulatorios, bajo la marca Clinic Assist. Fundado por el Dr. Pedro Luis Cobiella, atiende anualmente a m\u00e1s de dos millones de pacientes de todo el mundo, y cuenta con una plantilla de m\u00e1s de 5.000 personas.<\/p>\n\n\n\n<p>&#8212;<\/p>\n\n\n\n<p><strong>Lisandra Bello<\/strong><\/p>\n\n\n\n<p><a href=\"mailto:annay@cicom.do\" target=\"_blank\" rel=\"noreferrer noopener\">lisandra@cicom.do<\/a><\/p>\n\n\n\n<figure class=\"wp-block-image\"><img decoding=\"async\" src=\"https:\/\/ci3.googleusercontent.com\/mail-sig\/AIorK4zWACcv-Ybi62wCUn9SJNkpFnehfifYTDV4c8ZNJpIoOJDwH-_BEJviejgqxMEl9c3_Gvf6sak\" alt=\"\"\/><\/figure>\n","protected":false},"excerpt":{"rendered":"<p>Doctora Laura Tapia SANTO DOMINGO, RD. &#8211;\u00a0Durante el verano la gente comienza a disfrutar de un tiempo relajado y divertido de vacaciones con actividades al aire libre, temporada en la que deben considerar las altas temperaturas y nunca bajar la guardia cuando se trata de alimentaci\u00f3n. La consideraci\u00f3n la expone la doctora Laura Tapia, nutri\u00f3loga [&hellip;]<\/p>\n","protected":false},"author":28,"featured_media":470434,"comment_status":"closed","ping_status":"","sticky":true,"template":"","format":"standard","meta":{"footnotes":""},"categories":[36,25,27,32],"tags":[],"class_list":["post-470433","post","type-post","status-publish","format-standard","has-post-thumbnail","hentry","category-hombresmujeresycosas","category-gente","category-portada","category-turismo"],"_links":{"self":[{"href":"https:\/\/diariodominicano.com\/index.php?rest_route=\/wp\/v2\/posts\/470433","targetHints":{"allow":["GET"]}}],"collection":[{"href":"https:\/\/diariodominicano.com\/index.php?rest_route=\/wp\/v2\/posts"}],"about":[{"href":"https:\/\/diariodominicano.com\/index.php?rest_route=\/wp\/v2\/types\/post"}],"author":[{"embeddable":true,"href":"https:\/\/diariodominicano.com\/index.php?rest_route=\/wp\/v2\/users\/28"}],"replies":[{"embeddable":true,"href":"https:\/\/diariodominicano.com\/index.php?rest_route=%2Fwp%2Fv2%2Fcomments&post=470433"}],"version-history":[{"count":1,"href":"https:\/\/diariodominicano.com\/index.php?rest_route=\/wp\/v2\/posts\/470433\/revisions"}],"predecessor-version":[{"id":470436,"href":"https:\/\/diariodominicano.com\/index.php?rest_route=\/wp\/v2\/posts\/470433\/revisions\/470436"}],"wp:featuredmedia":[{"embeddable":true,"href":"https:\/\/diariodominicano.com\/index.php?rest_route=\/wp\/v2\/media\/470434"}],"wp:attachment":[{"href":"https:\/\/diariodominicano.com\/index.php?rest_route=%2Fwp%2Fv2%2Fmedia&parent=470433"}],"wp:term":[{"taxonomy":"category","embeddable":true,"href":"https:\/\/diariodominicano.com\/index.php?rest_route=%2Fwp%2Fv2%2Fcategories&post=470433"},{"taxonomy":"post_tag","embeddable":true,"href":"https:\/\/diariodominicano.com\/index.php?rest_route=%2Fwp%2Fv2%2Ftags&post=470433"}],"curies":[{"name":"wp","href":"https:\/\/api.w.org\/{rel}","templated":true}]}}