{"id":470413,"date":"2023-09-08T23:30:16","date_gmt":"2023-09-09T03:30:16","guid":{"rendered":"http:\/\/diariodominicano.com\/?p=470413"},"modified":"2023-09-08T23:34:34","modified_gmt":"2023-09-09T03:34:34","slug":"centro-cultural-banreservas-inaugura-exposicion-de-vicente-pimentel","status":"publish","type":"post","link":"https:\/\/diariodominicano.com\/?p=470413","title":{"rendered":"Centro Cultural Banreservas inaugura exposici\u00f3n de Vicente Pimentel"},"content":{"rendered":"\n<p>Mijail Peralta, Jos\u00e9 Manuel Almonte, Andr\u00e9s Van der Horst, Francisco El\u00edas y Andr\u00e9s Van der Horst (hijo).<\/p>\n\n\n\n<figure class=\"wp-block-image size-large\"><img loading=\"lazy\" decoding=\"async\" width=\"1024\" height=\"682\" src=\"https:\/\/diariodominicano.com\/wp-content\/uploads\/2023\/09\/2-2-1024x682.jpg\" alt=\"\" class=\"wp-image-470415\" srcset=\"https:\/\/diariodominicano.com\/wp-content\/uploads\/2023\/09\/2-2-1024x682.jpg 1024w, https:\/\/diariodominicano.com\/wp-content\/uploads\/2023\/09\/2-2-300x200.jpg 300w, https:\/\/diariodominicano.com\/wp-content\/uploads\/2023\/09\/2-2-768x512.jpg 768w, https:\/\/diariodominicano.com\/wp-content\/uploads\/2023\/09\/2-2-1536x1023.jpg 1536w, https:\/\/diariodominicano.com\/wp-content\/uploads\/2023\/09\/2-2-2048x1364.jpg 2048w, https:\/\/diariodominicano.com\/wp-content\/uploads\/2023\/09\/2-2-816x544.jpg 816w\" sizes=\"auto, (max-width: 1024px) 100vw, 1024px\" \/><figcaption>Ejecutivos de Banreservas y miembros de la familia Van der Horst, que cedi\u00f3 en pr\u00e9stamo las obras de Vicente Pimentel al Centro Cultural Banreservas.<\/figcaption><\/figure>\n\n\n\n<p><em>Veinte obras del artista visual se exhiben hasta el 8 de octubre\u00a0<\/em><\/p>\n\n\n\n<p>El Centro Cultural Banreservas inaugur\u00f3 la exposici\u00f3n \u201cVicente Pimentel, en la colecci\u00f3n de la familia Van der Horst\u201d, una selecci\u00f3n de 20 obras de diversas t\u00e9cnicas y formatos que muestran la destacada trayectoria del fenecido artista visual dominicano.<\/p>\n\n\n\n<p>Mijail Peralta, gerente de Cultura de Banreservas, calific\u00f3 esta muestra como un acto de justicia para el maestro Vicente Pimentel (1947-2023), quien residi\u00f3 en Par\u00eds, donde desarroll\u00f3 su obra y recibi\u00f3 varias distinciones, incluyendo un homenaje del senado de esa naci\u00f3n.<\/p>\n\n\n\n<figure class=\"wp-block-image size-large is-resized\"><img loading=\"lazy\" decoding=\"async\" src=\"https:\/\/diariodominicano.com\/wp-content\/uploads\/2023\/09\/3-1024x682.jpg\" alt=\"\" class=\"wp-image-470417\" width=\"614\" height=\"409\" srcset=\"https:\/\/diariodominicano.com\/wp-content\/uploads\/2023\/09\/3-1024x682.jpg 1024w, https:\/\/diariodominicano.com\/wp-content\/uploads\/2023\/09\/3-300x200.jpg 300w, https:\/\/diariodominicano.com\/wp-content\/uploads\/2023\/09\/3-768x512.jpg 768w, https:\/\/diariodominicano.com\/wp-content\/uploads\/2023\/09\/3-1536x1023.jpg 1536w, https:\/\/diariodominicano.com\/wp-content\/uploads\/2023\/09\/3-2048x1364.jpg 2048w, https:\/\/diariodominicano.com\/wp-content\/uploads\/2023\/09\/3-816x544.jpg 816w\" sizes=\"auto, (max-width: 614px) 100vw, 614px\" \/><figcaption>Las obras del fenecido artista Vicente Pimentel captan la atenci\u00f3n por su depurado y original estilo. Se exhiben en el Centro Cultural Banreservas hasta el 08 de octubre.<\/figcaption><\/figure>\n\n\n\n<p>\u201cEl maestro Pimentel nos dej\u00f3 una obra gigantesca, compleja y genial. Sin dudas, para nosotros es un honor tener esta muestra en la sala Ada Balc\u00e1cer, con obras que tienen un alt\u00edsimo valor patrimonial\u201d, dijo.<\/p>\n\n\n\n<figure class=\"wp-block-image size-large\"><img loading=\"lazy\" decoding=\"async\" width=\"1024\" height=\"682\" src=\"https:\/\/diariodominicano.com\/wp-content\/uploads\/2023\/09\/4-1024x682.jpg\" alt=\"\" class=\"wp-image-470420\" srcset=\"https:\/\/diariodominicano.com\/wp-content\/uploads\/2023\/09\/4-1024x682.jpg 1024w, https:\/\/diariodominicano.com\/wp-content\/uploads\/2023\/09\/4-300x200.jpg 300w, https:\/\/diariodominicano.com\/wp-content\/uploads\/2023\/09\/4-768x512.jpg 768w, https:\/\/diariodominicano.com\/wp-content\/uploads\/2023\/09\/4-1536x1023.jpg 1536w, https:\/\/diariodominicano.com\/wp-content\/uploads\/2023\/09\/4-2048x1364.jpg 2048w, https:\/\/diariodominicano.com\/wp-content\/uploads\/2023\/09\/4-816x544.jpg 816w\" sizes=\"auto, (max-width: 1024px) 100vw, 1024px\" \/><figcaption><br>Las obras del fenecido artista Vicente Pimentel captan la atenci\u00f3n por su depurado y original estilo. Se exhiben en el Centro Cultural Banreservas hasta el 08 de octubre<\/figcaption><\/figure>\n\n\n\n<p>Andr\u00e9s Van der Horst, quien fuera amigo del artista desde la d\u00e9cada de los 60, colabor\u00f3 junto a su familia para ceder en calidad de pr\u00e9stamo, esas veinte piezas, con el objetivo de que la sociedad pueda apreciar el talento del ganador del Premio Nacional de Artes Visuales 2020.<\/p>\n\n\n\n<p>\u201cHemos creado una modesta fundaci\u00f3n, que tiene un solo objetivo: promover a Vicente Pimentel con la idea de hacer un acto en cada provincia del pa\u00eds, lo que estamos es llev\u00e1ndolo a estudiantes de bellas artes en las provincias para hablar de su vida y legado\u201d, anunci\u00f3 Van der Horst.<\/p>\n\n\n\n<p>Agradeci\u00f3 la curadur\u00eda del especialista Amable L\u00f3pez Mel\u00e9ndez, durante el emotivo acto que cont\u00f3 con la presencia de Ysidro Garc\u00eda, subadministrador de Negocios de Banreservas; Francisco El\u00edas, subadministrador de Empresas Subsidiarias; y Jos\u00e9 Manuel Almonte, subadministrador administrativo, as\u00ed como otros ejecutivos del banco, coleccionistas, cr\u00edticos, escritores y artistas visuales y de teatro.<\/p>\n\n\n\n<p>La exhibici\u00f3n est\u00e1 abierta al p\u00fablico en la sala Ada Balc\u00e1cer, hasta el 08 de octubre, de 9:00 a.m. a 9:00 p.m., de lunes a viernes; y los fines de semana, de diez de la ma\u00f1ana a siete de la noche.<\/p>\n\n\n\n<p><strong>Pimentel: de Santo Domingo a Francia<\/strong><\/p>\n\n\n\n<p>Vicente Pimentel naci\u00f3 en 1947 en Santo Domingo y estudi\u00f3 en la Escuela Nacional de Bellas Artes, posteriormente se traslad\u00f3 a Europa para colegiarse en la \u00c9cole d&#8217;Art et d\u2019Architecture, en Francia, donde ampli\u00f3 sus conocimientos y residi\u00f3 hasta el momento de su deceso en mayo pasado.<\/p>\n\n\n\n<p>El creador visual desarroll\u00f3 en Francia una obra pict\u00f3rica que le mereci\u00f3 el reconocimiento del Senado de Francia y que le otorg\u00f3 una medalla en febrero de este a\u00f1o por sus aportes a la cultura, trayectoria y v\u00ednculo con esa naci\u00f3n europea. Tambi\u00e9n el pintor dominicano, en cuyas obras predominan las formas abstractas, gan\u00f3 en esa naci\u00f3n el premio Ville de V\u00edrtry, en 1982, entre otras distinciones.<\/p>\n\n\n\n<p>Pimentel realiz\u00f3 exposiciones individuales en Nueva York, Chicago, Par\u00eds, Estocolmo y su ciudad natal, Santo Domingo. Sus obras han sido parte de colectivas en Madrid, Par\u00eds, Estocolmo, Islas Canarias, Londres, La Habana, Rijeka (Yugoslavia), Niza y Copenhague.<\/p>\n\n\n\n<p>Piezas del artista figuran en las colecciones del Museo de Arte y Tecnolog\u00eda en Florida, Estados Unidos; del Fonds National d&#8217;Art Contemporain y de la Colecci\u00f3n Pompidou en Francia, as\u00ed como del Museo Nacional de Arte Moderno en Santo Domingo.<\/p>\n\n\n\n<p>Ceily Leticia Melgen Bello<a target=\"_blank\" href=\"mailto:CMelgen@banreservas.com\" rel=\"noreferrer noopener\">CMelgen@banreservas.com<\/a><\/p>\n\n\n\n<p><strong>Direcci\u00f3n General de Relaciones P\u00fablicas. Septiembre, 2023.<\/strong><\/p>\n","protected":false},"excerpt":{"rendered":"<p>Mijail Peralta, Jos\u00e9 Manuel Almonte, Andr\u00e9s Van der Horst, Francisco El\u00edas y Andr\u00e9s Van der Horst (hijo). Veinte obras del artista visual se exhiben hasta el 8 de octubre\u00a0 El Centro Cultural Banreservas inaugur\u00f3 la exposici\u00f3n \u201cVicente Pimentel, en la colecci\u00f3n de la familia Van der Horst\u201d, una selecci\u00f3n de 20 obras de diversas t\u00e9cnicas [&hellip;]<\/p>\n","protected":false},"author":28,"featured_media":470414,"comment_status":"closed","ping_status":"","sticky":true,"template":"","format":"standard","meta":{"footnotes":""},"categories":[21,36,27,32],"tags":[],"class_list":["post-470413","post","type-post","status-publish","format-standard","has-post-thumbnail","hentry","category-cultura","category-hombresmujeresycosas","category-portada","category-turismo"],"_links":{"self":[{"href":"https:\/\/diariodominicano.com\/index.php?rest_route=\/wp\/v2\/posts\/470413","targetHints":{"allow":["GET"]}}],"collection":[{"href":"https:\/\/diariodominicano.com\/index.php?rest_route=\/wp\/v2\/posts"}],"about":[{"href":"https:\/\/diariodominicano.com\/index.php?rest_route=\/wp\/v2\/types\/post"}],"author":[{"embeddable":true,"href":"https:\/\/diariodominicano.com\/index.php?rest_route=\/wp\/v2\/users\/28"}],"replies":[{"embeddable":true,"href":"https:\/\/diariodominicano.com\/index.php?rest_route=%2Fwp%2Fv2%2Fcomments&post=470413"}],"version-history":[{"count":4,"href":"https:\/\/diariodominicano.com\/index.php?rest_route=\/wp\/v2\/posts\/470413\/revisions"}],"predecessor-version":[{"id":470421,"href":"https:\/\/diariodominicano.com\/index.php?rest_route=\/wp\/v2\/posts\/470413\/revisions\/470421"}],"wp:featuredmedia":[{"embeddable":true,"href":"https:\/\/diariodominicano.com\/index.php?rest_route=\/wp\/v2\/media\/470414"}],"wp:attachment":[{"href":"https:\/\/diariodominicano.com\/index.php?rest_route=%2Fwp%2Fv2%2Fmedia&parent=470413"}],"wp:term":[{"taxonomy":"category","embeddable":true,"href":"https:\/\/diariodominicano.com\/index.php?rest_route=%2Fwp%2Fv2%2Fcategories&post=470413"},{"taxonomy":"post_tag","embeddable":true,"href":"https:\/\/diariodominicano.com\/index.php?rest_route=%2Fwp%2Fv2%2Ftags&post=470413"}],"curies":[{"name":"wp","href":"https:\/\/api.w.org\/{rel}","templated":true}]}}