{"id":470397,"date":"2023-09-08T23:13:56","date_gmt":"2023-09-09T03:13:56","guid":{"rendered":"http:\/\/diariodominicano.com\/?p=470397"},"modified":"2023-09-08T23:16:40","modified_gmt":"2023-09-09T03:16:40","slug":"el-paheglocidom-busca-proteger-y-auxiliar-a-ciclistas-de-ayer-y-hoy","status":"publish","type":"post","link":"https:\/\/diariodominicano.com\/?p=470397","title":{"rendered":"El Paheglocidom busca proteger y auxiliar a ciclistas de ayer y hoy"},"content":{"rendered":"\n<p> <strong>Los veteranos pedalistas y dirigentes ciclistas Mart\u00edn Olivo y Manol\u00edn Fern\u00e1ndez han sido dos de los gestores de la Fundaci\u00f3n Patronato H\u00e9roes y Glorias del Ciclismo Dominicano (PAHEGLOCIDOM). En la foto son acompa\u00f1ados por los ciclistas Mart\u00edn Ismael y Marcos Antonio Olivo Valenzuela, as\u00ed como por el t\u00e9cnico John Andr\u00e9s P\u00e9rez y Pesa\u00edto. (Foto: Ronny Mateo)<\/strong> <\/p>\n\n\n\n<p><em>En el Pasillo de los H\u00e9roes y Glorias ser\u00edan exaltados y reconocidos no s\u00f3lo los pedalistas que descollaron, sino tambi\u00e9n los t\u00e9cnicos (jueces, entrenadores, mec\u00e1nicos) y propulsores, entre los que se cuentan los periodistas Leo Corpor\u00e1n, Domingo Batista, H\u00e9ctor Trinidad y H\u00e9ctor J. Cruz, este \u00faltimo organizador de la Primera Vuelta Independencia Nacional 1979<\/em>.<\/p>\n\n\n\n<figure class=\"wp-block-image size-full\"><img loading=\"lazy\" decoding=\"async\" width=\"960\" height=\"806\" src=\"https:\/\/diariodominicano.com\/wp-content\/uploads\/2023\/09\/PIE-DE-FOTO-LOGO-PAHEGLOCIDOM-CICLISTA-DE-LADO.jpg\" alt=\"\" class=\"wp-image-470399\" srcset=\"https:\/\/diariodominicano.com\/wp-content\/uploads\/2023\/09\/PIE-DE-FOTO-LOGO-PAHEGLOCIDOM-CICLISTA-DE-LADO.jpg 960w, https:\/\/diariodominicano.com\/wp-content\/uploads\/2023\/09\/PIE-DE-FOTO-LOGO-PAHEGLOCIDOM-CICLISTA-DE-LADO-300x252.jpg 300w, https:\/\/diariodominicano.com\/wp-content\/uploads\/2023\/09\/PIE-DE-FOTO-LOGO-PAHEGLOCIDOM-CICLISTA-DE-LADO-768x645.jpg 768w, https:\/\/diariodominicano.com\/wp-content\/uploads\/2023\/09\/PIE-DE-FOTO-LOGO-PAHEGLOCIDOM-CICLISTA-DE-LADO-816x685.jpg 816w\" sizes=\"auto, (max-width: 960px) 100vw, 960px\" \/><figcaption>  <strong>Logo distintivo de la Fundaci\u00f3n Patronato H\u00e9roes y Glorias del Ciclismo Dominicano (PAHEGLOCIDOM).<\/strong>  <\/figcaption><\/figure>\n\n\n\n<p> <\/p>\n\n\n\n<p>SANTO DOMINGO, RD.- La Fundaci\u00f3n Patronato H\u00e9roes y Glorias del Ciclismo Dominicano tiene como objetivo principal proteger y auxiliar a todos los pedalistas de ayer, hoy y siempre; sin importar su categor\u00eda o estatus.<\/p>\n\n\n\n<p>As\u00ed lo declararon Mart\u00edn Olivo y Manol\u00edn Fern\u00e1ndez, presidente y vicepresidente del PAHEGLOCIDOM, en nota de prensa enviada recientemente a los medios de comunicaci\u00f3n<\/p>\n\n\n\n<figure class=\"wp-block-image size-full is-resized\"><img loading=\"lazy\" decoding=\"async\" src=\"https:\/\/diariodominicano.com\/wp-content\/uploads\/2023\/09\/PIE-DE-FOTO-Martin-Olivo-es-el-ideologo-del-PAHEGLOCIDOM-1.jpg\" alt=\"\" class=\"wp-image-470400\" width=\"615\" height=\"409\" srcset=\"https:\/\/diariodominicano.com\/wp-content\/uploads\/2023\/09\/PIE-DE-FOTO-Martin-Olivo-es-el-ideologo-del-PAHEGLOCIDOM-1.jpg 1024w, https:\/\/diariodominicano.com\/wp-content\/uploads\/2023\/09\/PIE-DE-FOTO-Martin-Olivo-es-el-ideologo-del-PAHEGLOCIDOM-1-300x200.jpg 300w, https:\/\/diariodominicano.com\/wp-content\/uploads\/2023\/09\/PIE-DE-FOTO-Martin-Olivo-es-el-ideologo-del-PAHEGLOCIDOM-1-768x512.jpg 768w, https:\/\/diariodominicano.com\/wp-content\/uploads\/2023\/09\/PIE-DE-FOTO-Martin-Olivo-es-el-ideologo-del-PAHEGLOCIDOM-1-816x544.jpg 816w\" sizes=\"auto, (max-width: 615px) 100vw, 615px\" \/><figcaption> <strong>PIE DE FOTO 3:El periodista Mart\u00edn Olivo es el ide\u00f3logo desde hace mucho tiempo de la Fundaci\u00f3n Patronato H\u00e9roes y Glorias del Ciclismo Dominicano (PAHEGLOCIDOM).<\/strong> <\/figcaption><\/figure>\n\n\n\n<p>\u201cVamos a buscar la forma ideal para que las instituciones p\u00fablicas y privadas colaboren con el desarrollo de este dif\u00edcil y costoso deporte, el cual requiere de muchos recursos\u201d, destacaron los dos ex atletas del m\u00edtico equipo de ciclismo del Club San L\u00e1zaro.<\/p>\n\n\n\n<p>Indicaron que el PAHEGLOCIDOM se encargar\u00e1 de buscarle ayuda a los ex ciclistas que est\u00e1n pasando por malos momentos, as\u00ed como ponderar a los que se destacaron para que sean incluidos en el programa Viejas Glorias, del MIDEREC, y al Pabell\u00f3n de la Fama del Deporte Dominicano.<\/p>\n\n\n\n<figure class=\"wp-block-image size-full\"><img loading=\"lazy\" decoding=\"async\" width=\"706\" height=\"588\" src=\"https:\/\/diariodominicano.com\/wp-content\/uploads\/2023\/09\/PIE-DE-FOTO-CICLISTAS-Y-CARROS-con-la-distancia-minima-de-15-metros.jpg\" alt=\"\" class=\"wp-image-470402\" srcset=\"https:\/\/diariodominicano.com\/wp-content\/uploads\/2023\/09\/PIE-DE-FOTO-CICLISTAS-Y-CARROS-con-la-distancia-minima-de-15-metros.jpg 706w, https:\/\/diariodominicano.com\/wp-content\/uploads\/2023\/09\/PIE-DE-FOTO-CICLISTAS-Y-CARROS-con-la-distancia-minima-de-15-metros-300x250.jpg 300w\" sizes=\"auto, (max-width: 706px) 100vw, 706px\" \/><figcaption>Ciclistas y autom\u00f3viles <\/figcaption><\/figure>\n\n\n\n<p>Sostuvieron que \u201cotro de los objetivos de nuestra organizaci\u00f3n es la de salvaguardar a los ciclistas que se desplazan por esas carreteras y autopistas de Dios, a merced de los conductores desaprensivos\u201d.<\/p>\n\n\n\n<figure class=\"wp-block-image size-full is-resized\"><img loading=\"lazy\" decoding=\"async\" src=\"https:\/\/diariodominicano.com\/wp-content\/uploads\/2023\/09\/PIE-DE-FOTO-CICLISTAS-Y-CARROS-1.webp\" alt=\"\" class=\"wp-image-470403\" width=\"616\" height=\"410\" srcset=\"https:\/\/diariodominicano.com\/wp-content\/uploads\/2023\/09\/PIE-DE-FOTO-CICLISTAS-Y-CARROS-1.webp 872w, https:\/\/diariodominicano.com\/wp-content\/uploads\/2023\/09\/PIE-DE-FOTO-CICLISTAS-Y-CARROS-1-300x200.webp 300w, https:\/\/diariodominicano.com\/wp-content\/uploads\/2023\/09\/PIE-DE-FOTO-CICLISTAS-Y-CARROS-1-768x512.webp 768w, https:\/\/diariodominicano.com\/wp-content\/uploads\/2023\/09\/PIE-DE-FOTO-CICLISTAS-Y-CARROS-1-816x544.webp 816w\" sizes=\"auto, (max-width: 616px) 100vw, 616px\" \/><figcaption>Ciclistas y autom\u00f3viles<\/figcaption><\/figure>\n\n\n\n<p>Para ese fin, Olivo y Fern\u00e1ndez declararon que tratar\u00e1n de motivar al empresariado privado y al gobierno a que promuevan campa\u00f1as en favor de los ciclistas.<\/p>\n\n\n\n<p>\u201cSolicitamos por este medio a las instituciones p\u00fablicas y privadas que contribuyan con colocaci\u00f3n de letreros y vallas a los lados de las v\u00edas, advirtiendo y recomendado a los conductores que sean m\u00e1s prudentes cuando vayan a rebasar a uno o a varios pedalistas\u201d, manifestaron ambos integrantes del Club F\u00e9nix.<\/p>\n\n\n\n<p>Recomendaron, a quienes puedan colaborar con insumos y piezas para los n\u00f3veles ciclistas, depositar a la cuenta del Banco Popular n\u00famero 835-706-938, o llamar y escribir al 829-901-7486 y al 646-468-7412.<\/p>\n\n\n\n<p><strong>El Pasillo de los H\u00e9roes y Glorias<\/strong><\/p>\n\n\n\n<p>Por otro lado, Olivo y Fern\u00e1ndez tambi\u00e9n revelaron que desde hace varios a\u00f1os, vienen solicitando a la Federaci\u00f3n Dominicana de Ciclismo que les faciliten un espacio en el vel\u00f3dromo ol\u00edmpico para establecer all\u00ed el \u201cPasillo de los H\u00e9roes y Glorias del Ciclismo Dominicano\u201d.<\/p>\n\n\n\n<p>En ese sentido, los dos veteranos ciclistas dijeron que su plan es instalar en el pasillo que va desde las oficinas de la FEDOCI hasta el sal\u00f3n de actos de la pista ovalada, ese \u201cmini sal\u00f3n de la fama del ciclismo\u201d.<\/p>\n\n\n\n<p>\u201cLe solicitamos formalmente, con cartas timbradas y selladas, al comit\u00e9 ejecutivo de la FEDOCI a que nos permitieran ese espacio, pero nos informaron que primero deb\u00eda realizarse una \u2018asamblea general extraordinaria\u2019 con todas las asociaciones del pa\u00eds para ver si es viable dicha iniciativa\u201d, apostillaron.<\/p>\n\n\n\n<p>En el Pasillo de los H\u00e9roes y Glorias ser\u00edan exaltados y reconocidos no s\u00f3lo los pedalistas destacados, sino tambi\u00e9n a t\u00e9cnicos (jueces, entrenadores, mec\u00e1nicos) y propulsores, entre los que se cuentan los periodistas Leo Corpor\u00e1n, Domingo Batista, H\u00e9ctor Trinidad y H\u00e9ctor J. Cruz, este \u00faltimo organizador de la Primera Vuelta Independencia Nacional 1979 (Molivo Press).<\/p>\n\n\n\n<p><strong>PIE DE FOTO 1:<\/strong><\/p>\n\n\n\n<p><strong>Los veteranos pedalistas y dirigentes ciclistas Mart\u00edn Olivo y Manol\u00edn Fern\u00e1ndez han sido dos de los gestores de la Fundaci\u00f3n Patronato H\u00e9roes y Glorias del Ciclismo Dominicano (PAHEGLOCIDOM). En la foto son acompa\u00f1ados por los ciclistas Mart\u00edn Ismael y Marcos Antonio Olivo Valenzuela, as\u00ed como por el t\u00e9cnico John Andr\u00e9s P\u00e9rez y Pesa\u00edto. (Foto: Ronny Mateo)<\/strong><\/p>\n\n\n\n<p><strong>PIE DE FOTO 2:<\/strong><\/p>\n\n\n\n<p><strong>Logo distintivo de la Fundaci\u00f3n Patronato H\u00e9roes y Glorias del Ciclismo Dominicano (PAHEGLOCIDOM).<\/strong><\/p>\n\n\n\n<p><strong>PIE DE FOTO 3:<\/strong><strong>El periodista Mart\u00edn Olivo es el ide\u00f3logo desde hace mucho tiempo de la Fundaci\u00f3n Patronato H\u00e9roes y Glorias del Ciclismo Dominicano (PAHEGLOCIDOM).<\/strong><strong><\/strong><\/p>\n\n\n\n<p><strong>PIE DE FOTO 4:<\/strong><\/p>\n\n\n\n<p><strong>Uno de los fines y objetivos del PAHEGLOCIDOM es procurar que los conductores sean m\u00e1s conscientes al rebasar a los ciclistas con la distancia m\u00ednima de 1,5 metro en las v\u00edas.<\/strong><strong><br><\/strong><\/p>\n","protected":false},"excerpt":{"rendered":"<p>Los veteranos pedalistas y dirigentes ciclistas Mart\u00edn Olivo y Manol\u00edn Fern\u00e1ndez han sido dos de los gestores de la Fundaci\u00f3n Patronato H\u00e9roes y Glorias del Ciclismo Dominicano (PAHEGLOCIDOM). En la foto son acompa\u00f1ados por los ciclistas Mart\u00edn Ismael y Marcos Antonio Olivo Valenzuela, as\u00ed como por el t\u00e9cnico John Andr\u00e9s P\u00e9rez y Pesa\u00edto. (Foto: Ronny [&hellip;]<\/p>\n","protected":false},"author":28,"featured_media":470398,"comment_status":"closed","ping_status":"","sticky":true,"template":"","format":"standard","meta":{"footnotes":""},"categories":[17,27,32],"tags":[],"class_list":["post-470397","post","type-post","status-publish","format-standard","has-post-thumbnail","hentry","category-deportes","category-portada","category-turismo"],"_links":{"self":[{"href":"https:\/\/diariodominicano.com\/index.php?rest_route=\/wp\/v2\/posts\/470397","targetHints":{"allow":["GET"]}}],"collection":[{"href":"https:\/\/diariodominicano.com\/index.php?rest_route=\/wp\/v2\/posts"}],"about":[{"href":"https:\/\/diariodominicano.com\/index.php?rest_route=\/wp\/v2\/types\/post"}],"author":[{"embeddable":true,"href":"https:\/\/diariodominicano.com\/index.php?rest_route=\/wp\/v2\/users\/28"}],"replies":[{"embeddable":true,"href":"https:\/\/diariodominicano.com\/index.php?rest_route=%2Fwp%2Fv2%2Fcomments&post=470397"}],"version-history":[{"count":5,"href":"https:\/\/diariodominicano.com\/index.php?rest_route=\/wp\/v2\/posts\/470397\/revisions"}],"predecessor-version":[{"id":470407,"href":"https:\/\/diariodominicano.com\/index.php?rest_route=\/wp\/v2\/posts\/470397\/revisions\/470407"}],"wp:featuredmedia":[{"embeddable":true,"href":"https:\/\/diariodominicano.com\/index.php?rest_route=\/wp\/v2\/media\/470398"}],"wp:attachment":[{"href":"https:\/\/diariodominicano.com\/index.php?rest_route=%2Fwp%2Fv2%2Fmedia&parent=470397"}],"wp:term":[{"taxonomy":"category","embeddable":true,"href":"https:\/\/diariodominicano.com\/index.php?rest_route=%2Fwp%2Fv2%2Fcategories&post=470397"},{"taxonomy":"post_tag","embeddable":true,"href":"https:\/\/diariodominicano.com\/index.php?rest_route=%2Fwp%2Fv2%2Ftags&post=470397"}],"curies":[{"name":"wp","href":"https:\/\/api.w.org\/{rel}","templated":true}]}}