{"id":47036,"date":"2018-12-21T23:03:22","date_gmt":"2018-12-21T23:03:22","guid":{"rendered":"http:\/\/diariodominicano.ddns.net\/?p=47036"},"modified":"2018-12-21T23:03:22","modified_gmt":"2018-12-21T23:03:22","slug":"brasil-epicentro-de-la-historia-2","status":"publish","type":"post","link":"https:\/\/diariodominicano.com\/?p=47036","title":{"rendered":"Brasil, epicentro de la historia&#13;"},"content":{"rendered":"<p><body><\/p>\n<p><strong> (1 de 6)    <\/strong><\/p>\n<p><strong>Manuel D\u00edaz Aponte<\/strong><\/p>\n<\/p>\n<p>El primer d\u00eda del a\u00f1o 2019, justo el martes 1 de  enero, la Rep\u00fablica Federativa de Brasil inicia un nuevo cap\u00edtulo de su accidentada historia. Se juramenta como presidente constitucional Jair Messias Bolsonaro, ex capit\u00e1n del Ej\u00e9rcito que    asegura liberar\u00e1 a su pa\u00eds del \u00abcomunismo y de los ladrones\u00bb.<\/p>\n<\/p>\n<p>Un pol\u00edtico ultraderechista y at\u00edpico que ve la figura de Adolfo Hitler como su fuente inspiradora y que despierta serias interrogantes al frente de la mayor econom\u00eda de Am\u00e9rica Latina.     <\/p>\n<\/p>\n<p>Tiene en agenda asumir un nuevo liderazgo en la regi\u00f3n, sin embargo, surgen muchas inquietudes entre ellas, la siguiente: \u00bfc\u00f3mo lograrlo en un escenario pol\u00edtico tan complejo, dividido y dominado por dos superpotencias?<\/p>\n<\/p>\n<p>Bolsonaro, del Partido Social Liberal (PSL), tendr\u00e1 que definir si se entrega a los brazos de Washington deslig\u00e1ndose de Beijing o en cambio, asume una pol\u00edtica exterior abierta y acorde con la geopol\u00edtica actual.<\/p>\n<\/p>\n<p>Adem\u00e1s, \u00bfc\u00f3mo ser\u00e1n sus relaciones con la Rep\u00fablica Federativa de Rusia y la propia Uni\u00f3n Europea?<\/p>\n<\/p>\n<p>Observadores internacionales anticipan que habr\u00e1 un \u00abnuevo renacer\u00bb en las relaciones de Estado entre Estados Unidos de Norteam\u00e9rica y la Rep\u00fablica Federativa de Brasil, tan cercana como en aquella \u00e9poca de las dictaduras militares en el Cono Sur, espec\u00edficamente hacia las d\u00e9cadas de los sesenta y setenta.<\/p>\n<\/p>\n<p>Se convertir\u00e1 en el presidente n\u00famero 38 en dirigir los destinos de Brasil, que tiene 214 millones 543 mil habitantes y 8.5 millones de kms2 de extensi\u00f3n territorial.<\/p>\n<p><strong>Primer Presidente<\/strong><\/p>\n<\/p>\n<p>El primer mandatario brasile\u00f1o elegido por el sufragio fue el militar Deodoro da Fonseca (1889-1891), tras cesar el dominio absoluto de la monarqu\u00eda portuguesa. <\/p>\n<\/p>\n<p>Brasil sigue siendo una naci\u00f3n con grandes riquezas, desigualdades sociales, exclusiones y mucha pobreza pese a los innumerables recursos econ\u00f3micos que posee. <\/p>\n<\/p>\n<p>\u00bfPodr\u00e1 revertirse esa realidad a partir de la asunci\u00f3n al poder de Jair Bolsonaro?<\/p>\n<\/p>\n<p>Antes de profundizar en el an\u00e1lisis veamos esta panor\u00e1mica hist\u00f3rica del quinto pa\u00eds m\u00e1s grande del planeta.<\/p>\n<p><strong>500 a\u00f1os despu\u00e9s<\/strong><\/p>\n<\/p>\n<p>El 22 de abril del 2000, los brasile\u00f1os -como era de esperarse- celebraron los 500 a\u00f1os del Descubrimiento o Civilizaci\u00f3n de esa naci\u00f3n, ubicada en el Sur de Am\u00e9rica.<\/p>\n<\/p>\n<p>Ahora se acerca la recordaci\u00f3n del 519 aniversario de la presencia portuguesa en la naci\u00f3n con mayor densidad poblacional de Am\u00e9rica Latina.<\/p>\n<\/p>\n<p>La pregunta que se formulan algunos historiadores brasile\u00f1os es \u00bfsi existe realmente motivo para festejar?, partiendo de la hip\u00f3tesis de que con la llegada de los portugueses se produjo una \u00abinvasi\u00f3n o un descubrimiento\u00bb. Lo cierto es que las tropas europeas cambiaron para siempre el destino de la hoy Rep\u00fablica Federativa de Brasil.<\/p>\n<\/p>\n<p>Hay coincidencia entre los estudiosos de la historia de Brasil de que el 22 de abril del a\u00f1o 1500 se origina el arribo de los portugueses a este territorio. El navegante Pedro Alvares Cabral zarp\u00f3 de Portugal el d\u00eda 9 de marzo, acompa\u00f1ado de mil 600 tripulantes y trece embarcaciones.<\/p>\n<\/p>\n<p>Junto a Cabral, hicieron el viaje el tambi\u00e9n portugu\u00e9s Duarte Pacheco Pereira y los espa\u00f1oles Vicente Pinz\u00f3n y Diego de Lepe.<\/p>\n<\/p>\n<p>Cabral, es considerado protagonista y h\u00e9roe de la acci\u00f3n conquistadora del vasto territorio brasile\u00f1o que auspici\u00f3 y emprendi\u00f3 el otrora poderoso reinado de Portugal.<\/p>\n<\/p>\n<p>Brasil pas\u00f3 entonces a convertirse en una colonia portuguesa, recibiendo de ella no solamente parte de su legado hist\u00f3rico-cultural sino adem\u00e1s, su lengua.<\/p>\n<\/p>\n<p>Los portugueses encontraron en Brasil aproximadamente unos 6 millones de ind\u00edgenas, pero el exterminio de esa poblaci\u00f3n fue tan intenso y brutal que al final del per\u00edodo colonial, es decir, en 1822 exist\u00edan apenas 600 mil.<\/p>\n<\/p>\n<p>Y en 1960, los investigadores y analistas sociales estimaban la poblaci\u00f3n de indios en s\u00f3lo cien mil habitantes.<\/p>\n<\/p>\n<p>Directivos de la Fundaci\u00f3n Nacional del Indio (FUNAI) de Brasil, establecieron en 1997, que la poblaci\u00f3n ind\u00edgena era de 326 mil personas. Por consiguiente, la raza ind\u00edgena apenas representa el 0.2% de la poblaci\u00f3n general del pa\u00eds, que es de 162 millones de habitantes.<\/p>\n<\/p>\n<p>Actualmente, viven en Brasil 214 millones de ciudadanos congregados en su mayor\u00eda en los principales centros urbanos como su capital, Brasilia; Sao Paulo, Rio de Janeiro y  Salvador de Bah\u00eda.<\/p>\n<p><strong>Independencia<\/strong><\/p>\n<\/p>\n<p>El inicio del proceso independentista de Brasil materializado a partir del famoso y epop\u00e9yico grito de lpiranga, impulsado por Pedro de Braganza anticipaba la manera tan peculiar en que el pa\u00eds suramericano comenzarla a separarse del predominio de Europa.<\/p>\n<\/p>\n<p>Tal como lo expresa el periodista argentino Juan Carlos Casas en su libro: \u00abNuevos Pol\u00edticos y Nuevas Pol\u00edticas en Am\u00e9rica Latina\u00bb, la independencia de Brasil fue un acontecimiento sui g\u00e9neris, que incluso ni siquiera gener\u00f3 en guerra con el imperio colonial que tenla su centro hegem\u00f3nico en Lisboa, capital de Portugal.<\/p>\n<\/p>\n<p>El grito de Ipiranga, fue en la pr\u00e1ctica un acto administrativo en el que las partes lograron armonizar y conciliarse sin apelar al uso de la fuerza militar.<\/p>\n<\/p>\n<p>Casas dice en relaci\u00f3n a la Independencia de Brasil que: \u00abes del caso recordar que huyendo del invasor franc\u00e9s el regente Juan VI (su madre, la reina Mar\u00eda, estaba loca) se traslada a R\u00edo de Janeiro con una inmensa comitiva de 10,000 personas que inclu\u00eda la nobleza, el funcionariado y sus familias. El traslado se hace en 1807 bajo la protecci\u00f3n de la flota inglesa. Al morir la reina en 1816, pese a estar ya liberado Portugal del dominio franc\u00e9s desde seis a\u00f1os atr\u00e1s, Juan, es coronado en R\u00edo de Janeiro con el titulo de Portugal y Brasil, lo que ponla a la ex-colonia en paridad con la madre patria. Gozoso de los atractivos cariocas, el nuevo rey prolongar\u00eda otros cinco a\u00f1os su estad\u00eda all\u00ed pues en 1821 retomar\u00eda a Lisboa, obligado por el desorden pol\u00edtico en Portugal, dejando a su hijo Pedro como regente de Brasil&#8217;.<\/p>\n<\/p>\n<p>Desde entonces, Brasil, como el resto de Latinoam\u00e9rica qued\u00f3 marcado por la influencia y dominio imperial europeo que decidi\u00f3 salir -sin importar las consecuencias- a conquistar nuevos territorios en el hermoso y todav\u00eda virgen Continente Americano.   <\/p>\n<\/p>\n<p><strong>Art\u00edculo de Manuel D\u00edaz Aponte<\/strong><\/p>\n<\/p>\n<h6> 2018-12-21 23:03:22 <\/h6>\n<p><!--\n<link rel=\"stylesheet\" href=\"css\/bootstrap.min.css\">\n\n\n<ul class=\"pagination\">\n\t    \n\t\n\n<li >\n\t<a href='?page_no=958'>Previous<\/a>\n\t<\/li>\n\n\n       \n    \n\n<li><a href='?page_no=1'>1<\/a><\/li>\n\n\n\n<li><a href='?page_no=2'>2<\/a><\/li>\n\n\n\n<li><a>...<\/a><\/li>\n\n\n\n<li><a href='?page_no=957'>957<\/a><\/li>\n\n\n\n<li><a href='?page_no=958'>958<\/a><\/li>\n\n\n\n<li class='active'><a>959<\/a><\/li>\n\n\n\n<li><a href='?page_no=960'>960<\/a><\/li>\n\n\n\n<li><a href='?page_no=961'>961<\/a><\/li>\n\n\n\n<li><a>...<\/a><\/li>\n\n\n\n<li><a href='?page_no=13611'>13611<\/a><\/li>\n\n\n\n<li><a href='?page_no=13612'>13612<\/a><\/li>\n\n    \n\t\n\n<li >\n\t<a href='?page_no=960'>Next<\/a>\n\t<\/li>\n\n\n    \n\n<li><a href='?page_no=13612'>Last &rsaquo;&rsaquo;<\/a><\/li>\n\n<\/ul>\n\n\n--><br \/>\n<\/body><\/p>\n","protected":false},"excerpt":{"rendered":"<p>(1 de 6) Manuel D\u00edaz Aponte El primer d\u00eda del a\u00f1o 2019, justo el martes 1 de enero, la Rep\u00fablica Federativa de Brasil inicia un nuevo cap\u00edtulo de su accidentada historia. Se juramenta como presidente constitucional Jair Messias Bolsonaro, ex capit\u00e1n del Ej\u00e9rcito que asegura liberar\u00e1 a su pa\u00eds del \u00abcomunismo y de los ladrones\u00bb. [&hellip;]<\/p>\n","protected":false},"author":3,"featured_media":0,"comment_status":"open","ping_status":"open","sticky":false,"template":"","format":"standard","meta":{"footnotes":""},"categories":[16],"tags":[],"class_list":["post-47036","post","type-post","status-publish","format-standard","hentry","category-opiniones"],"_links":{"self":[{"href":"https:\/\/diariodominicano.com\/index.php?rest_route=\/wp\/v2\/posts\/47036","targetHints":{"allow":["GET"]}}],"collection":[{"href":"https:\/\/diariodominicano.com\/index.php?rest_route=\/wp\/v2\/posts"}],"about":[{"href":"https:\/\/diariodominicano.com\/index.php?rest_route=\/wp\/v2\/types\/post"}],"author":[{"embeddable":true,"href":"https:\/\/diariodominicano.com\/index.php?rest_route=\/wp\/v2\/users\/3"}],"replies":[{"embeddable":true,"href":"https:\/\/diariodominicano.com\/index.php?rest_route=%2Fwp%2Fv2%2Fcomments&post=47036"}],"version-history":[{"count":0,"href":"https:\/\/diariodominicano.com\/index.php?rest_route=\/wp\/v2\/posts\/47036\/revisions"}],"wp:attachment":[{"href":"https:\/\/diariodominicano.com\/index.php?rest_route=%2Fwp%2Fv2%2Fmedia&parent=47036"}],"wp:term":[{"taxonomy":"category","embeddable":true,"href":"https:\/\/diariodominicano.com\/index.php?rest_route=%2Fwp%2Fv2%2Fcategories&post=47036"},{"taxonomy":"post_tag","embeddable":true,"href":"https:\/\/diariodominicano.com\/index.php?rest_route=%2Fwp%2Fv2%2Ftags&post=47036"}],"curies":[{"name":"wp","href":"https:\/\/api.w.org\/{rel}","templated":true}]}}