{"id":470338,"date":"2023-09-08T20:51:51","date_gmt":"2023-09-09T00:51:51","guid":{"rendered":"http:\/\/diariodominicano.com\/?p=470338"},"modified":"2023-09-08T21:29:47","modified_gmt":"2023-09-09T01:29:47","slug":"haiti-aun-sin-acuerdo-politico-pese-a-grave-crisis","status":"publish","type":"post","link":"https:\/\/diariodominicano.com\/?p=470338","title":{"rendered":"Hait\u00ed a\u00fan sin acuerdo pol\u00edtico pese a grave crisis"},"content":{"rendered":"\n<p>Puerto Pr\u00edncipe, 8 sep (Prensa Latina) Los actores pol\u00edticos y de la sociedad civil de Hait\u00ed contin\u00faan hoy sin alcanzar un acuerdo, pese a la crisis cada vez m\u00e1s grave que enfrenta el pa\u00eds.&nbsp;&nbsp;&nbsp;&nbsp;<\/p>\n\n\n\n<ul class=\"wp-block-list\"><li>septiembre 8, 2023<\/li><li>CDT20:15 (GMT) -0400<\/li><\/ul>\n\n\n\n<p>Tras cinco d\u00edas, la delegaci\u00f3n de la Comunidad de Caribe que lleg\u00f3 a mediar en la crisis pol\u00edtica y tratar de alcanzar un consenso, ha encontrado traspi\u00e9s luego que un grupo amplio de la oposici\u00f3n pusiera condiciones a las negociaciones.<\/p>\n\n\n\n<p>El Grupo de Eminentes Personalidades designado por el organismo regional ya se reuni\u00f3 con el primer ministro Ariel Henry y ten\u00eda previsto un encuentro con los firmantes del acuerdo gubernamental conocido como 21 de diciembre, as\u00ed como con estructuras de la oposici\u00f3n y representantes de plataformas sociales.<\/p>\n\n\n\n<p>Estos \u00faltimos rechazaron participar de los debates sin la presencia del jefe de Gobierno y d\u00edas antes tambi\u00e9n declinaron la invitaci\u00f3n de la delegaci\u00f3n, alegando que no fueron informados con suficiente antelaci\u00f3n.<\/p>\n\n\n\n<p>Adem\u00e1s, partidos como Comprometidos con el Cambio, Tet Kale, Organizaci\u00f3n del Pueblo en Lucha y Fanmi Lavalas exigieron la renuncia de Henry a quien culpan por el deterioro de la situaci\u00f3n nacional.<\/p>\n\n\n\n<p>Por el momento, las negociaciones se encuentran estancadas y algunas voces ya califican de fracaso el segundo intento del comit\u00e9 de Caricom.<\/p>\n\n\n\n<p>En julio, el Grupo de Eminentes Personalidades tampoco pudo llegar a un acuerdo luego de cinco d\u00edas de reuniones y un resultado similar tuvo la cumbre de Jamaica que un mes antes reuni\u00f3 a m\u00e1s de 50 actores pol\u00edticos y de la sociedad civil de Hait\u00ed en Kingston.<\/p>\n\n\n\n<p>Mientras, la violencia se agudiza en el pa\u00eds caribe\u00f1o por las acciones de las pandillas que solo en agosto asesinaron a 74 personas en Carrefour Feuilles y Artibonite, y otras 10 mil fueron obligadas a abandonar sus viviendas, de acuerdo con organizaciones de derechos humanos.<\/p>\n\n\n\n<p>oda\/ane<\/p>\n","protected":false},"excerpt":{"rendered":"<p>Puerto Pr\u00edncipe, 8 sep (Prensa Latina) Los actores pol\u00edticos y de la sociedad civil de Hait\u00ed contin\u00faan hoy sin alcanzar un acuerdo, pese a la crisis cada vez m\u00e1s grave que enfrenta el pa\u00eds.&nbsp;&nbsp;&nbsp;&nbsp; septiembre 8, 2023 CDT20:15 (GMT) -0400 Tras cinco d\u00edas, la delegaci\u00f3n de la Comunidad de Caribe que lleg\u00f3 a mediar en [&hellip;]<\/p>\n","protected":false},"author":28,"featured_media":287910,"comment_status":"closed","ping_status":"","sticky":true,"template":"","format":"standard","meta":{"footnotes":""},"categories":[112,23,27],"tags":[],"class_list":["post-470338","post","type-post","status-publish","format-standard","has-post-thumbnail","hentry","category-haiti","category-internacional","category-portada"],"_links":{"self":[{"href":"https:\/\/diariodominicano.com\/index.php?rest_route=\/wp\/v2\/posts\/470338","targetHints":{"allow":["GET"]}}],"collection":[{"href":"https:\/\/diariodominicano.com\/index.php?rest_route=\/wp\/v2\/posts"}],"about":[{"href":"https:\/\/diariodominicano.com\/index.php?rest_route=\/wp\/v2\/types\/post"}],"author":[{"embeddable":true,"href":"https:\/\/diariodominicano.com\/index.php?rest_route=\/wp\/v2\/users\/28"}],"replies":[{"embeddable":true,"href":"https:\/\/diariodominicano.com\/index.php?rest_route=%2Fwp%2Fv2%2Fcomments&post=470338"}],"version-history":[{"count":1,"href":"https:\/\/diariodominicano.com\/index.php?rest_route=\/wp\/v2\/posts\/470338\/revisions"}],"predecessor-version":[{"id":470339,"href":"https:\/\/diariodominicano.com\/index.php?rest_route=\/wp\/v2\/posts\/470338\/revisions\/470339"}],"wp:featuredmedia":[{"embeddable":true,"href":"https:\/\/diariodominicano.com\/index.php?rest_route=\/wp\/v2\/media\/287910"}],"wp:attachment":[{"href":"https:\/\/diariodominicano.com\/index.php?rest_route=%2Fwp%2Fv2%2Fmedia&parent=470338"}],"wp:term":[{"taxonomy":"category","embeddable":true,"href":"https:\/\/diariodominicano.com\/index.php?rest_route=%2Fwp%2Fv2%2Fcategories&post=470338"},{"taxonomy":"post_tag","embeddable":true,"href":"https:\/\/diariodominicano.com\/index.php?rest_route=%2Fwp%2Fv2%2Ftags&post=470338"}],"curies":[{"name":"wp","href":"https:\/\/api.w.org\/{rel}","templated":true}]}}