{"id":470215,"date":"2023-09-08T01:45:32","date_gmt":"2023-09-08T05:45:32","guid":{"rendered":"http:\/\/diariodominicano.com\/?p=470215"},"modified":"2023-09-08T01:45:44","modified_gmt":"2023-09-08T05:45:44","slug":"alianza-mundial-de-bebidas-espirituosas-casa-brugal-firma-acuerdo-con-el-micm-para-fortalecer-las-capacidades-de-rd","status":"publish","type":"post","link":"https:\/\/diariodominicano.com\/?p=470215","title":{"rendered":"Alianza Mundial de Bebidas Espirituosas Casa Brugal firma acuerdo con el MICM para fortalecer las capacidades de RD"},"content":{"rendered":"\n<p>Augusto Rami\u0301rez y Vi\u0301ctor Bisono\u0301 firman acuerdo<\/p>\n\n\n\n<p><strong><em>La colaboraci\u00f3n incluye la contrataci\u00f3n de una firma consultora especializada y la donaci\u00f3n de un cromat\u00f3grafo de gases<\/em><\/strong><\/p>\n\n\n\n<figure class=\"wp-block-image size-large\"><img loading=\"lazy\" decoding=\"async\" width=\"1024\" height=\"683\" src=\"https:\/\/diariodominicano.com\/wp-content\/uploads\/2023\/09\/Augusto-Rami\u0301rez-y-Vi\u0301ctor-Bisono\u0301-1024x683.jpg\" alt=\"\" class=\"wp-image-470217\" srcset=\"https:\/\/diariodominicano.com\/wp-content\/uploads\/2023\/09\/Augusto-Rami\u0301rez-y-Vi\u0301ctor-Bisono\u0301-1024x683.jpg 1024w, https:\/\/diariodominicano.com\/wp-content\/uploads\/2023\/09\/Augusto-Rami\u0301rez-y-Vi\u0301ctor-Bisono\u0301-300x200.jpg 300w, https:\/\/diariodominicano.com\/wp-content\/uploads\/2023\/09\/Augusto-Rami\u0301rez-y-Vi\u0301ctor-Bisono\u0301-768x512.jpg 768w, https:\/\/diariodominicano.com\/wp-content\/uploads\/2023\/09\/Augusto-Rami\u0301rez-y-Vi\u0301ctor-Bisono\u0301-1536x1025.jpg 1536w, https:\/\/diariodominicano.com\/wp-content\/uploads\/2023\/09\/Augusto-Rami\u0301rez-y-Vi\u0301ctor-Bisono\u0301-816x544.jpg 816w, https:\/\/diariodominicano.com\/wp-content\/uploads\/2023\/09\/Augusto-Rami\u0301rez-y-Vi\u0301ctor-Bisono\u0301.jpg 2000w\" sizes=\"auto, (max-width: 1024px) 100vw, 1024px\" \/><figcaption>Augusto Rami\u0301rez y Vi\u0301ctor Bisono\u0301<\/figcaption><\/figure>\n\n\n\n<p><strong><em>Santo Domingo, RD.-&nbsp;<\/em><\/strong>Casa Brugal firm\u00f3 un acuerdo con el Ministerio de Industria, Comercio y Mipymes (MICM), en su calidad de secretario general del Consejo Interinstitucional P\u00fablico-Privado de Prevenci\u00f3n, para fortalecer las capacidades t\u00e9cnicas del Estado. A trav\u00e9s del acuerdo, la empresa ofreci\u00f3 una cooperaci\u00f3n t\u00e9cnica para acreditar los m\u00e9todos de ensayo que eval\u00faan la conformidad del alcohol y las bebidas alcoh\u00f3licas de un laboratorio oficial del pa\u00eds, bajo la Norma ISO\/IEC 17025:2017.<\/p>\n\n\n\n<p>El proyecto de asistencia tambi\u00e9n incluye la donaci\u00f3n de un cromat\u00f3grafo de gases para asegurar la disponibilidad del instrumento. Augusto Ram\u00edrez, presidente de Casa Brugal, afirm\u00f3 que contar en Rep\u00fablica Dominicana con m\u00e9todos de ensayo de alcohol certificados y con equipos de \u00faltima generaci\u00f3n dedicados espec\u00edficamente a ofrecer soporte a la lucha contra el comercio il\u00edcito en los laboratorios oficiales, es fundamental para lograr erradicar del todo esa criminal pr\u00e1ctica en nuestro pa\u00eds.<\/p>\n\n\n\n<p>El acuerdo, seg\u00fan Augusto Ram\u00edrez, reafirma el compromiso de Casa Brugal de seguir aportando, junto al Gobierno, a la estabilidad y crecimiento de la industria del ron dominicano y con \u00e9l al desarrollo del pa\u00eds.&nbsp;<\/p>\n\n\n\n<p>V\u00edctor Bison\u00f3, ministro de Industria, Comercio y Mipymes, destac\u00f3 que Casa Brugal sigue haciendo importantes aportes al desarrollo de la Rep\u00fablica Dominicana y agradeci\u00f3 su colaboraci\u00f3n en la lucha contra los productos ilegales que han tenido un impacto negativo en la poblaci\u00f3n.<\/p>\n\n\n\n<p>Laurelis Montero<a target=\"_blank\" href=\"mailto:laurelis@mediaticos.com.do\" rel=\"noreferrer noopener\">laurelis@mediaticos.com.do<\/a><\/p>\n\n\n\n<p>&#8212;<\/p>\n","protected":false},"excerpt":{"rendered":"<p>Augusto Rami\u0301rez y Vi\u0301ctor Bisono\u0301 firman acuerdo La colaboraci\u00f3n incluye la contrataci\u00f3n de una firma consultora especializada y la donaci\u00f3n de un cromat\u00f3grafo de gases Santo Domingo, RD.-&nbsp;Casa Brugal firm\u00f3 un acuerdo con el Ministerio de Industria, Comercio y Mipymes (MICM), en su calidad de secretario general del Consejo Interinstitucional P\u00fablico-Privado de Prevenci\u00f3n, para fortalecer [&hellip;]<\/p>\n","protected":false},"author":28,"featured_media":470216,"comment_status":"closed","ping_status":"","sticky":true,"template":"","format":"standard","meta":{"footnotes":""},"categories":[36,20,25,27,32],"tags":[],"class_list":["post-470215","post","type-post","status-publish","format-standard","has-post-thumbnail","hentry","category-hombresmujeresycosas","category-dominicana-hoy","category-gente","category-portada","category-turismo"],"_links":{"self":[{"href":"https:\/\/diariodominicano.com\/index.php?rest_route=\/wp\/v2\/posts\/470215","targetHints":{"allow":["GET"]}}],"collection":[{"href":"https:\/\/diariodominicano.com\/index.php?rest_route=\/wp\/v2\/posts"}],"about":[{"href":"https:\/\/diariodominicano.com\/index.php?rest_route=\/wp\/v2\/types\/post"}],"author":[{"embeddable":true,"href":"https:\/\/diariodominicano.com\/index.php?rest_route=\/wp\/v2\/users\/28"}],"replies":[{"embeddable":true,"href":"https:\/\/diariodominicano.com\/index.php?rest_route=%2Fwp%2Fv2%2Fcomments&post=470215"}],"version-history":[{"count":2,"href":"https:\/\/diariodominicano.com\/index.php?rest_route=\/wp\/v2\/posts\/470215\/revisions"}],"predecessor-version":[{"id":470219,"href":"https:\/\/diariodominicano.com\/index.php?rest_route=\/wp\/v2\/posts\/470215\/revisions\/470219"}],"wp:featuredmedia":[{"embeddable":true,"href":"https:\/\/diariodominicano.com\/index.php?rest_route=\/wp\/v2\/media\/470216"}],"wp:attachment":[{"href":"https:\/\/diariodominicano.com\/index.php?rest_route=%2Fwp%2Fv2%2Fmedia&parent=470215"}],"wp:term":[{"taxonomy":"category","embeddable":true,"href":"https:\/\/diariodominicano.com\/index.php?rest_route=%2Fwp%2Fv2%2Fcategories&post=470215"},{"taxonomy":"post_tag","embeddable":true,"href":"https:\/\/diariodominicano.com\/index.php?rest_route=%2Fwp%2Fv2%2Ftags&post=470215"}],"curies":[{"name":"wp","href":"https:\/\/api.w.org\/{rel}","templated":true}]}}