{"id":470197,"date":"2023-09-08T01:28:19","date_gmt":"2023-09-08T05:28:19","guid":{"rendered":"http:\/\/diariodominicano.com\/?p=470197"},"modified":"2023-09-08T01:39:34","modified_gmt":"2023-09-08T05:39:34","slug":"e-leon-jimenes-dona-un-nuevo-piano-al-teatro-nacional","status":"publish","type":"post","link":"https:\/\/diariodominicano.com\/?p=470197","title":{"rendered":"E. Le\u00f3n Jimenes dona un nuevo piano al Teatro Nacional"},"content":{"rendered":"\n<p>Maria Elena Aguayo, Marisol Rodriguez, Jose Antonio Molina, Maria Amalia Le\u00f3n, Carlos Veitia, Jorge Aguayo, Margarita Miranda y Rafael Solano<\/p>\n\n\n\n<p><\/p>\n\n\n\n<figure class=\"wp-block-image size-large\"><img loading=\"lazy\" decoding=\"async\" width=\"1024\" height=\"683\" src=\"https:\/\/diariodominicano.com\/wp-content\/uploads\/2023\/09\/Franklin-Leon-Silvia-Corrie-Fernando-Arturo-Leon-Maria-Amalia-Leon-Alfonso-Aguayo-Isabel-Leon-1-1024x683.jpg\" alt=\"\" class=\"wp-image-470201\" srcset=\"https:\/\/diariodominicano.com\/wp-content\/uploads\/2023\/09\/Franklin-Leon-Silvia-Corrie-Fernando-Arturo-Leon-Maria-Amalia-Leon-Alfonso-Aguayo-Isabel-Leon-1-1024x683.jpg 1024w, https:\/\/diariodominicano.com\/wp-content\/uploads\/2023\/09\/Franklin-Leon-Silvia-Corrie-Fernando-Arturo-Leon-Maria-Amalia-Leon-Alfonso-Aguayo-Isabel-Leon-1-300x200.jpg 300w, https:\/\/diariodominicano.com\/wp-content\/uploads\/2023\/09\/Franklin-Leon-Silvia-Corrie-Fernando-Arturo-Leon-Maria-Amalia-Leon-Alfonso-Aguayo-Isabel-Leon-1-768x512.jpg 768w, https:\/\/diariodominicano.com\/wp-content\/uploads\/2023\/09\/Franklin-Leon-Silvia-Corrie-Fernando-Arturo-Leon-Maria-Amalia-Leon-Alfonso-Aguayo-Isabel-Leon-1-1536x1024.jpg 1536w, https:\/\/diariodominicano.com\/wp-content\/uploads\/2023\/09\/Franklin-Leon-Silvia-Corrie-Fernando-Arturo-Leon-Maria-Amalia-Leon-Alfonso-Aguayo-Isabel-Leon-1-816x544.jpg 816w, https:\/\/diariodominicano.com\/wp-content\/uploads\/2023\/09\/Franklin-Leon-Silvia-Corrie-Fernando-Arturo-Leon-Maria-Amalia-Leon-Alfonso-Aguayo-Isabel-Leon-1.jpg 1600w\" sizes=\"auto, (max-width: 1024px) 100vw, 1024px\" \/><figcaption> Franklin Le\u00f3n, Silvia Corrie, Fernando Arturo Le\u00f3n, Maria Amalia Le\u00f3n, Alfonso Aguayo, Isabel Le\u00f3n <\/figcaption><\/figure>\n\n\n\n<p><em>El aporte, que supera los 200 mil d\u00f3lares, reafirma el compromiso<\/em><\/p>\n\n\n\n<p><em>de esta instituci\u00f3n con el arte y la cultura del pa\u00eds.<\/em><\/p>\n\n\n\n<figure class=\"wp-block-image size-large\"><img loading=\"lazy\" decoding=\"async\" width=\"1024\" height=\"683\" src=\"https:\/\/diariodominicano.com\/wp-content\/uploads\/2023\/09\/Gran-piano-de-concierto-modelo-D-de-la-casa-Steinway-Sons.-1024x683.jpg\" alt=\"\" class=\"wp-image-470207\" srcset=\"https:\/\/diariodominicano.com\/wp-content\/uploads\/2023\/09\/Gran-piano-de-concierto-modelo-D-de-la-casa-Steinway-Sons.-1024x683.jpg 1024w, https:\/\/diariodominicano.com\/wp-content\/uploads\/2023\/09\/Gran-piano-de-concierto-modelo-D-de-la-casa-Steinway-Sons.-300x200.jpg 300w, https:\/\/diariodominicano.com\/wp-content\/uploads\/2023\/09\/Gran-piano-de-concierto-modelo-D-de-la-casa-Steinway-Sons.-768x512.jpg 768w, https:\/\/diariodominicano.com\/wp-content\/uploads\/2023\/09\/Gran-piano-de-concierto-modelo-D-de-la-casa-Steinway-Sons.-1536x1024.jpg 1536w, https:\/\/diariodominicano.com\/wp-content\/uploads\/2023\/09\/Gran-piano-de-concierto-modelo-D-de-la-casa-Steinway-Sons.-816x544.jpg 816w, https:\/\/diariodominicano.com\/wp-content\/uploads\/2023\/09\/Gran-piano-de-concierto-modelo-D-de-la-casa-Steinway-Sons..jpg 1600w\" sizes=\"auto, (max-width: 1024px) 100vw, 1024px\" \/><figcaption>Gran piano de concierto modelo D de la casa Steinway &amp; Sons.<\/figcaption><\/figure>\n\n\n\n<p><strong>SANTO DOMINGO<\/strong>.- Fiel a la misi\u00f3n de contribuir al desarrollo social y cultural de la Rep\u00fablica Dominicana y de construir juntos una mejor naci\u00f3n, E. Le\u00f3n Jimenes entreg\u00f3 de manera oficial a las autoridades del Ministerio de Cultura y del Teatro Nacional Eduardo Brito un gran piano de concierto para la celebraci\u00f3n de espect\u00e1culos de m\u00fasica cl\u00e1sica en la Sala Carlos Piantini del citado recinto art\u00edstico.&nbsp;<\/p>\n\n\n\n<figure class=\"wp-block-image size-large\"><img loading=\"lazy\" decoding=\"async\" width=\"1024\" height=\"683\" src=\"https:\/\/diariodominicano.com\/wp-content\/uploads\/2023\/09\/Carlos-Veitia-Milagros-German-Maria-Amalia-Leon-y-Maria-Elena-Aguayo-1024x683.jpg\" alt=\"\" class=\"wp-image-470205\" srcset=\"https:\/\/diariodominicano.com\/wp-content\/uploads\/2023\/09\/Carlos-Veitia-Milagros-German-Maria-Amalia-Leon-y-Maria-Elena-Aguayo-1024x683.jpg 1024w, https:\/\/diariodominicano.com\/wp-content\/uploads\/2023\/09\/Carlos-Veitia-Milagros-German-Maria-Amalia-Leon-y-Maria-Elena-Aguayo-300x200.jpg 300w, https:\/\/diariodominicano.com\/wp-content\/uploads\/2023\/09\/Carlos-Veitia-Milagros-German-Maria-Amalia-Leon-y-Maria-Elena-Aguayo-768x512.jpg 768w, https:\/\/diariodominicano.com\/wp-content\/uploads\/2023\/09\/Carlos-Veitia-Milagros-German-Maria-Amalia-Leon-y-Maria-Elena-Aguayo-1536x1024.jpg 1536w, https:\/\/diariodominicano.com\/wp-content\/uploads\/2023\/09\/Carlos-Veitia-Milagros-German-Maria-Amalia-Leon-y-Maria-Elena-Aguayo-816x544.jpg 816w, https:\/\/diariodominicano.com\/wp-content\/uploads\/2023\/09\/Carlos-Veitia-Milagros-German-Maria-Amalia-Leon-y-Maria-Elena-Aguayo.jpg 1600w\" sizes=\"auto, (max-width: 1024px) 100vw, 1024px\" \/><figcaption>Carlos Veitia, Milagros German, Maria Amalia Le\u00f3n y Maria Elena Aguayo<\/figcaption><\/figure>\n\n\n\n<p>El acto de entrega cont\u00f3 con la presencia de Milagros Germ\u00e1n, ministra de Cultura; Jorge Aguayo, presidente del consejo directivo de E. Le\u00f3n Jimenes; Mar\u00eda Amalia Le\u00f3n, presidente de la Fundaci\u00f3n Eduardo Le\u00f3n Jimenes; Margarita Miranda de Mitrov, presidente de la Fundaci\u00f3n Sinfon\u00eda;&nbsp;Marisol Rodr\u00edguez Copello, co-presidente de la Fundaci\u00f3n Sinfon\u00eda;&nbsp;Jos\u00e9 Antonio Molina, director titular de la Orquesta Sinf\u00f3nica Nacional, y Carlos Veit\u00eda, director general del Teatro Nacional, quienes suscribieron un acuerdo de colaboraci\u00f3n interinstitucional sobre el buen uso y cuidado del instrumento.<\/p>\n\n\n\n<figure class=\"wp-block-image size-large\"><img loading=\"lazy\" decoding=\"async\" width=\"1024\" height=\"683\" src=\"https:\/\/diariodominicano.com\/wp-content\/uploads\/2023\/09\/Carlos-Veitia-Margarita-Miranda-Maria-Amalia-Leon-y-Jose-Antonio-Molina-1024x683.jpg\" alt=\"\" class=\"wp-image-470211\" srcset=\"https:\/\/diariodominicano.com\/wp-content\/uploads\/2023\/09\/Carlos-Veitia-Margarita-Miranda-Maria-Amalia-Leon-y-Jose-Antonio-Molina-1024x683.jpg 1024w, https:\/\/diariodominicano.com\/wp-content\/uploads\/2023\/09\/Carlos-Veitia-Margarita-Miranda-Maria-Amalia-Leon-y-Jose-Antonio-Molina-300x200.jpg 300w, https:\/\/diariodominicano.com\/wp-content\/uploads\/2023\/09\/Carlos-Veitia-Margarita-Miranda-Maria-Amalia-Leon-y-Jose-Antonio-Molina-768x512.jpg 768w, https:\/\/diariodominicano.com\/wp-content\/uploads\/2023\/09\/Carlos-Veitia-Margarita-Miranda-Maria-Amalia-Leon-y-Jose-Antonio-Molina-1536x1024.jpg 1536w, https:\/\/diariodominicano.com\/wp-content\/uploads\/2023\/09\/Carlos-Veitia-Margarita-Miranda-Maria-Amalia-Leon-y-Jose-Antonio-Molina-2048x1365.jpg 2048w, https:\/\/diariodominicano.com\/wp-content\/uploads\/2023\/09\/Carlos-Veitia-Margarita-Miranda-Maria-Amalia-Leon-y-Jose-Antonio-Molina-816x544.jpg 816w\" sizes=\"auto, (max-width: 1024px) 100vw, 1024px\" \/><figcaption>Carlos Veitia, Margarita Miranda, Maria Amalia Le\u00f3n y Jose Antonio Molina<\/figcaption><\/figure>\n\n\n\n<p>El aporte consiste en un gran piano de concierto modelo D de la casa Steinway &amp; Sons, una firma que es sin\u00f3nimo de tradici\u00f3n gracias a sus m\u00e1s de 170 a\u00f1os de existencia. Este representa el est\u00e1ndar internacional de las principales salas del mundo por su alta calidad,&nbsp;incomparable sonido y proceso de fabricaci\u00f3n artesanal.&nbsp;En palabras propias del fabricante, \u201ces el pin\u00e1culo de los pianos de concierto, la opci\u00f3n de los grandes pianistas\u201d.<\/p>\n\n\n\n<p>Su selecci\u00f3n estuvo a cargo del aclamado pianista ruso Daniil Trifonov, quien viaj\u00f3 de manera exclusiva a la f\u00e1brica ubicada en Astoria, Nueva York, y eligi\u00f3 especialmente para la Rep\u00fablica Dominicana este modelo, adquirido por un monto superior a los 200 mil d\u00f3lares.<\/p>\n\n\n\n<p>Durante la firma del acuerdo, Jorge Aguayo, en nombre de E. Le\u00f3n Jimenes, reafirm\u00f3 el compromiso de la instituci\u00f3n con la cultura dominicana. \u201cEn nuestro 120 aniversario reafirmamos el compromiso con el desarrollo y la cultura de nuestro pa\u00eds, que ya forma parte de nuestro ADN familiar y empresarial. Y lo hacemos donando al Teatro Nacional, junto a la Fundaci\u00f3n Eduardo Le\u00f3n Jimenes, este nuevo piano de concierto\u201d, sostuvo Aguayo.<\/p>\n\n\n\n<p>En el acto de donaci\u00f3n, Mar\u00eda Amalia Le\u00f3n, presidente de la Fundaci\u00f3n Eduardo Le\u00f3n Jimenes, destac\u00f3 la importancia de este significativo aporte&nbsp;para la clase art\u00edstica dominicana, y de manera especial para la m\u00fasica cl\u00e1sica:&nbsp;\u201cDesde la Fundaci\u00f3n nos sentimos altamente honrados de poder contribuir al enriquecimiento cultural de nuestro pa\u00eds. Este nuevo gran piano, que desde ya se convierte en un legado para esta sala magna que es nuestro Teatro Nacional, da continuidad a los esfuerzos de seguir trabajando juntos por una mejor naci\u00f3n\u201d, se\u00f1al\u00f3.<\/p>\n\n\n\n<figure class=\"wp-block-image size-large\"><img loading=\"lazy\" decoding=\"async\" width=\"1024\" height=\"683\" src=\"https:\/\/diariodominicano.com\/wp-content\/uploads\/2023\/09\/Rafael-Solano-estreno-el-gran-piano-de-concierto.-1024x683.jpg\" alt=\"\" class=\"wp-image-470209\" srcset=\"https:\/\/diariodominicano.com\/wp-content\/uploads\/2023\/09\/Rafael-Solano-estreno-el-gran-piano-de-concierto.-1024x683.jpg 1024w, https:\/\/diariodominicano.com\/wp-content\/uploads\/2023\/09\/Rafael-Solano-estreno-el-gran-piano-de-concierto.-300x200.jpg 300w, https:\/\/diariodominicano.com\/wp-content\/uploads\/2023\/09\/Rafael-Solano-estreno-el-gran-piano-de-concierto.-768x512.jpg 768w, https:\/\/diariodominicano.com\/wp-content\/uploads\/2023\/09\/Rafael-Solano-estreno-el-gran-piano-de-concierto.-1536x1024.jpg 1536w, https:\/\/diariodominicano.com\/wp-content\/uploads\/2023\/09\/Rafael-Solano-estreno-el-gran-piano-de-concierto.-816x544.jpg 816w, https:\/\/diariodominicano.com\/wp-content\/uploads\/2023\/09\/Rafael-Solano-estreno-el-gran-piano-de-concierto..jpg 1600w\" sizes=\"auto, (max-width: 1024px) 100vw, 1024px\" \/><figcaption>Rafael Solano estren\u00f3 el gran piano de concierto.<\/figcaption><\/figure>\n\n\n\n<p>Durante la actividad, el maestro dominicano Rafael Solano estren\u00f3 las teclas del virtuoso instrumento y deleit\u00f3 a los presentes interpretando la pieza \u201cUna primavera para el mundo\u201d.<\/p>\n\n\n\n<p>El nuevo piano ser\u00e1 protagonista de la octava edici\u00f3n de la Gala de Ganadores Van Cliburn, a celebrarse el pr\u00f3ximo mi\u00e9rcoles 13 de septiembre, a las 8:00 p.m., en la Sala Carlos Piantini del Teatro Nacional Eduardo Brito, que contar\u00e1 con la participaci\u00f3n de los destacados: Yunchan Lim (Corea del Sur, medalla de oro), Anna Geniushene (Rusia, medalla de plata) y Dmytro Choni (Ucrania, medalla de bronce), acompa\u00f1ados por la Orquesta Sinf\u00f3nica Nacional, bajo la direcci\u00f3n del maestro Jos\u00e9 Antonio Molina.<\/p>\n\n\n\n<h1 class=\"wp-block-heading\">Organizada por la Fundaci\u00f3n Eduardo Le\u00f3n Jimenes y la Fundaci\u00f3n Sinfon\u00eda, en esta edici\u00f3n de la Gala se conmemoran 30 a\u00f1os desde que ambas instituciones se unieran para ofrecer&nbsp;al p\u00fablico dominicano m\u00fasica de primera, de manera ininterrumpida, cada cuatro a\u00f1os, reafirmando su compromiso con el arte y la cultura.<\/h1>\n\n\n\n<p>Henry Coradin<a target=\"_blank\" href=\"mailto:henrycoradinrelacionespublicas@gmail.com\" rel=\"noreferrer noopener\">henrycoradinrelacionespublicas@gmail.com<\/a><\/p>\n","protected":false},"excerpt":{"rendered":"<p>Maria Elena Aguayo, Marisol Rodriguez, Jose Antonio Molina, Maria Amalia Le\u00f3n, Carlos Veitia, Jorge Aguayo, Margarita Miranda y Rafael Solano El aporte, que supera los 200 mil d\u00f3lares, reafirma el compromiso de esta instituci\u00f3n con el arte y la cultura del pa\u00eds. SANTO DOMINGO.- Fiel a la misi\u00f3n de contribuir al desarrollo social y cultural [&hellip;]<\/p>\n","protected":false},"author":28,"featured_media":470202,"comment_status":"closed","ping_status":"","sticky":true,"template":"","format":"standard","meta":{"footnotes":""},"categories":[21,36,25,27,32],"tags":[],"class_list":["post-470197","post","type-post","status-publish","format-standard","has-post-thumbnail","hentry","category-cultura","category-hombresmujeresycosas","category-gente","category-portada","category-turismo"],"_links":{"self":[{"href":"https:\/\/diariodominicano.com\/index.php?rest_route=\/wp\/v2\/posts\/470197","targetHints":{"allow":["GET"]}}],"collection":[{"href":"https:\/\/diariodominicano.com\/index.php?rest_route=\/wp\/v2\/posts"}],"about":[{"href":"https:\/\/diariodominicano.com\/index.php?rest_route=\/wp\/v2\/types\/post"}],"author":[{"embeddable":true,"href":"https:\/\/diariodominicano.com\/index.php?rest_route=\/wp\/v2\/users\/28"}],"replies":[{"embeddable":true,"href":"https:\/\/diariodominicano.com\/index.php?rest_route=%2Fwp%2Fv2%2Fcomments&post=470197"}],"version-history":[{"count":9,"href":"https:\/\/diariodominicano.com\/index.php?rest_route=\/wp\/v2\/posts\/470197\/revisions"}],"predecessor-version":[{"id":470214,"href":"https:\/\/diariodominicano.com\/index.php?rest_route=\/wp\/v2\/posts\/470197\/revisions\/470214"}],"wp:featuredmedia":[{"embeddable":true,"href":"https:\/\/diariodominicano.com\/index.php?rest_route=\/wp\/v2\/media\/470202"}],"wp:attachment":[{"href":"https:\/\/diariodominicano.com\/index.php?rest_route=%2Fwp%2Fv2%2Fmedia&parent=470197"}],"wp:term":[{"taxonomy":"category","embeddable":true,"href":"https:\/\/diariodominicano.com\/index.php?rest_route=%2Fwp%2Fv2%2Fcategories&post=470197"},{"taxonomy":"post_tag","embeddable":true,"href":"https:\/\/diariodominicano.com\/index.php?rest_route=%2Fwp%2Fv2%2Ftags&post=470197"}],"curies":[{"name":"wp","href":"https:\/\/api.w.org\/{rel}","templated":true}]}}