{"id":470139,"date":"2023-09-08T00:21:26","date_gmt":"2023-09-08T04:21:26","guid":{"rendered":"http:\/\/diariodominicano.com\/?p=470139"},"modified":"2023-09-08T00:21:26","modified_gmt":"2023-09-08T04:21:26","slug":"detienen-a-17-personas-en-cuba-por-delito-de-trata-para-reclutamiento","status":"publish","type":"post","link":"https:\/\/diariodominicano.com\/?p=470139","title":{"rendered":"Detienen a 17 personas en Cuba por delito de trata para reclutamiento"},"content":{"rendered":"\n<p>La Habana, 7 sep (Prensa Latina) Autoridades de Cuba informaron hoy la detenci\u00f3n de 17 individuos durante el proceso de desarticulaci\u00f3n de una red de tr\u00e1fico de personas que opera para incorporar a ciudadanos cubanos a operaciones b\u00e9licas en Ucrania.&nbsp;&nbsp;&nbsp;&nbsp;<\/p>\n\n\n\n<ul class=\"wp-block-list\"><li>septiembre 7, 2023<\/li><li>CDT21:37 (GMT) -0400<\/li><\/ul>\n\n\n\n<p>Especialistas de la Direcci\u00f3n General de Investigaci\u00f3n Criminal del Ministerio del Interior detallaron en el espacio televisivo del Noticiero Estelar que en la actualidad se investiga la responsabilidad de los involucrados en esta red delictiva en la isla.<\/p>\n\n\n\n<p>De ellas, ampliaron, tres pertenec\u00edan al esquema de reclutamiento dentro de la naci\u00f3n caribe\u00f1a, dirigido desde el exterior.<\/p>\n\n\n\n<p>Las 14 personas restantes confesaron haberse incorporado por decisi\u00f3n individual y voluntaria a la operaci\u00f3n, a cambio de la residencia en Rusia y una sustancial retribuci\u00f3n monetaria.<\/p>\n\n\n\n<p>Los organizadores potenciaban la identificaci\u00f3n de individuos con antecedentes penales, provenientes de familias disfuncionales, para incorporarlos al sistema mercenario. Las principales pruebas penales son las confesiones realizadas por los detenidos y las comunicaciones establecidas por la cabecilla a nivel interno de la red con el resto de los implicados, explicaron.<\/p>\n\n\n\n<p>Actualmente se contin\u00faan las indagaciones de estos acontecimientos lesivos para la seguridad nacional.<\/p>\n\n\n\n<p>El fiscal jefe del Departamento de Supervisi\u00f3n de la Direcci\u00f3n de Procesos Penales de la Fiscal\u00eda General de la Rep\u00fablica, Jos\u00e9 Luis Reyes, explic\u00f3 que durante el avance y la culminaci\u00f3n de las investigaciones quedar\u00e1 determinado el delito imputable para cada caso, en correspondencia con las acciones y la voluntad de los involucrados.<\/p>\n\n\n\n<p>Agreg\u00f3 que de acuerdo al C\u00f3digo Penal, los implicados pueden ser imputados por delitos de trata o tr\u00e1fico de personas, as\u00ed como por mercenarismo, este \u00faltimo comprende sanciones de privaci\u00f3n de libertad de 10 a 30 a\u00f1os, privaci\u00f3n perpetua de libertad o muerte.<\/p>\n\n\n\n<p>Por su parte, la directora de Derecho Internacional del Ministerio de Relaciones Exteriores, Yelina Silva, ratific\u00f3 la hist\u00f3rica posici\u00f3n de Cuba contra el mercenarismo, del cual ha sido blanco en varias ocasiones la naci\u00f3n caribe\u00f1a.<\/p>\n\n\n\n<p>La diplom\u00e1tica manifest\u00f3 que su pa\u00eds suscribe varios tratados internacionales contra este flagelo y ha sido autor de iniciativas aprobadas en la Organizaci\u00f3n de Naciones Unidas acerca del tema.<\/p>\n\n\n\n<p>Hace algunos d\u00edas, la canciller\u00eda cubana emiti\u00f3 una declaraci\u00f3n en la que denunciaba que el pa\u00eds enfrentaba operaciones de trata de personas con fines de reclutamiento militar.<\/p>\n\n\n\n<p>En ese texto, se ratific\u00f3 que Cuba no forma parte del conflicto b\u00e9lico en Ucrania y que actuar\u00e1 de manera en\u00e9rgica contra quien, desde el territorio nacional, participe en cualquier forma de trata de personas con fines de reclutamiento o mercenarismo para que ciudadanos cubanos hagan uso de las armas contra cualquier pa\u00eds.<\/p>\n\n\n\n<p>rgh\/mpp<\/p>\n","protected":false},"excerpt":{"rendered":"<p>La Habana, 7 sep (Prensa Latina) Autoridades de Cuba informaron hoy la detenci\u00f3n de 17 individuos durante el proceso de desarticulaci\u00f3n de una red de tr\u00e1fico de personas que opera para incorporar a ciudadanos cubanos a operaciones b\u00e9licas en Ucrania.&nbsp;&nbsp;&nbsp;&nbsp; septiembre 7, 2023 CDT21:37 (GMT) -0400 Especialistas de la Direcci\u00f3n General de Investigaci\u00f3n Criminal del [&hellip;]<\/p>\n","protected":false},"author":28,"featured_media":470140,"comment_status":"closed","ping_status":"","sticky":true,"template":"","format":"standard","meta":{"footnotes":""},"categories":[23,27,32],"tags":[],"class_list":["post-470139","post","type-post","status-publish","format-standard","has-post-thumbnail","hentry","category-internacional","category-portada","category-turismo"],"_links":{"self":[{"href":"https:\/\/diariodominicano.com\/index.php?rest_route=\/wp\/v2\/posts\/470139","targetHints":{"allow":["GET"]}}],"collection":[{"href":"https:\/\/diariodominicano.com\/index.php?rest_route=\/wp\/v2\/posts"}],"about":[{"href":"https:\/\/diariodominicano.com\/index.php?rest_route=\/wp\/v2\/types\/post"}],"author":[{"embeddable":true,"href":"https:\/\/diariodominicano.com\/index.php?rest_route=\/wp\/v2\/users\/28"}],"replies":[{"embeddable":true,"href":"https:\/\/diariodominicano.com\/index.php?rest_route=%2Fwp%2Fv2%2Fcomments&post=470139"}],"version-history":[{"count":1,"href":"https:\/\/diariodominicano.com\/index.php?rest_route=\/wp\/v2\/posts\/470139\/revisions"}],"predecessor-version":[{"id":470141,"href":"https:\/\/diariodominicano.com\/index.php?rest_route=\/wp\/v2\/posts\/470139\/revisions\/470141"}],"wp:featuredmedia":[{"embeddable":true,"href":"https:\/\/diariodominicano.com\/index.php?rest_route=\/wp\/v2\/media\/470140"}],"wp:attachment":[{"href":"https:\/\/diariodominicano.com\/index.php?rest_route=%2Fwp%2Fv2%2Fmedia&parent=470139"}],"wp:term":[{"taxonomy":"category","embeddable":true,"href":"https:\/\/diariodominicano.com\/index.php?rest_route=%2Fwp%2Fv2%2Fcategories&post=470139"},{"taxonomy":"post_tag","embeddable":true,"href":"https:\/\/diariodominicano.com\/index.php?rest_route=%2Fwp%2Fv2%2Ftags&post=470139"}],"curies":[{"name":"wp","href":"https:\/\/api.w.org\/{rel}","templated":true}]}}