{"id":470134,"date":"2023-09-07T15:56:15","date_gmt":"2023-09-07T19:56:15","guid":{"rendered":"https:\/\/diariodominicano.com\/?p=470134"},"modified":"2023-09-07T15:56:15","modified_gmt":"2023-09-07T19:56:15","slug":"haiti-contrata-entrenador-franco-portugues-para-seleccion-femenina-de-futbol","status":"publish","type":"post","link":"https:\/\/diariodominicano.com\/?p=470134","title":{"rendered":"Hait\u00ed contrata entrenador franco portugu\u00e9s para selecci\u00f3n femenina de f\u00fatbol"},"content":{"rendered":"\n<p>diariodominicano.com<\/p>\n\n\n\n<p>Puerto Pr\u00edncipe, 7 sep (Prensa Latina) El franco portugu\u00e9s Fr\u00e9d\u00e9ric Gon\u00e7alves es el nuevo entrenador de la selecci\u00f3n nacional femenina de f\u00fatbol, anunci\u00f3 hoy la federaci\u00f3n que rige el deporte en el pa\u00eds caribe\u00f1o.<\/p>\n\n\n\n<p>Gon\u00e7alves de 41 a\u00f1os posee una licencia A de la Uni\u00f3n de Asociaciones Europeas de F\u00fatbol y fue instructor del Club Atl\u00e9tico Le Havre de Francia que se mantuvo en la m\u00e1xima categor\u00eda de la disciplina.<\/p>\n\n\n\n<p>El entrenador trabajar\u00e1 con las granadinas durante la actual fase clasificatoria a la Copa de Oro de la Federaci\u00f3n de Norteam\u00e9rica, Centroam\u00e9rica y el Caribe de F\u00fatbol (Concacaf) hasta su final, de acuerdo con la nota de la Federaci\u00f3n Haitiana de F\u00fatbol.<\/p>\n\n\n\n<p>Gon\u00e7alves sustituy\u00f3 a Nicolas Del\u00e9pine, quien dimiti\u00f3 tras las derrotas del equipo durante su primera participaci\u00f3n en el mundial celebrado en Australia y Nueva Zelanda.<\/p>\n\n\n\n<p>Las haitianas debutaron en la Copa del Mundo y concluyeron con tres reveses contra Inglaterra (1-0), China (1-0) y Dinamarca (0-2) sin poder marcar ning\u00fan gol.<\/p>\n\n\n\n<p>Con el equipo femenino, Hait\u00ed particip\u00f3 por segunda ocasi\u00f3n en un mundial de f\u00fatbol, luego que la selecci\u00f3n masculina debutara en 1974 en el Estadio Ol\u00edmpico de M\u00fanich ante Italia.<\/p>\n\n\n\n<p>mem\/ane<\/p>\n","protected":false},"excerpt":{"rendered":"<p>diariodominicano.com Puerto Pr\u00edncipe, 7 sep (Prensa Latina) El franco portugu\u00e9s Fr\u00e9d\u00e9ric Gon\u00e7alves es el nuevo entrenador de la selecci\u00f3n nacional femenina de f\u00fatbol, anunci\u00f3 hoy la federaci\u00f3n que rige el deporte en el pa\u00eds caribe\u00f1o. Gon\u00e7alves de 41 a\u00f1os posee una licencia A de la Uni\u00f3n de Asociaciones Europeas de F\u00fatbol y fue instructor del [&hellip;]<\/p>\n","protected":false},"author":5,"featured_media":470135,"comment_status":"closed","ping_status":"","sticky":true,"template":"","format":"standard","meta":{"footnotes":""},"categories":[112,23],"tags":[],"class_list":["post-470134","post","type-post","status-publish","format-standard","has-post-thumbnail","hentry","category-haiti","category-internacional"],"_links":{"self":[{"href":"https:\/\/diariodominicano.com\/index.php?rest_route=\/wp\/v2\/posts\/470134","targetHints":{"allow":["GET"]}}],"collection":[{"href":"https:\/\/diariodominicano.com\/index.php?rest_route=\/wp\/v2\/posts"}],"about":[{"href":"https:\/\/diariodominicano.com\/index.php?rest_route=\/wp\/v2\/types\/post"}],"author":[{"embeddable":true,"href":"https:\/\/diariodominicano.com\/index.php?rest_route=\/wp\/v2\/users\/5"}],"replies":[{"embeddable":true,"href":"https:\/\/diariodominicano.com\/index.php?rest_route=%2Fwp%2Fv2%2Fcomments&post=470134"}],"version-history":[{"count":1,"href":"https:\/\/diariodominicano.com\/index.php?rest_route=\/wp\/v2\/posts\/470134\/revisions"}],"predecessor-version":[{"id":470136,"href":"https:\/\/diariodominicano.com\/index.php?rest_route=\/wp\/v2\/posts\/470134\/revisions\/470136"}],"wp:featuredmedia":[{"embeddable":true,"href":"https:\/\/diariodominicano.com\/index.php?rest_route=\/wp\/v2\/media\/470135"}],"wp:attachment":[{"href":"https:\/\/diariodominicano.com\/index.php?rest_route=%2Fwp%2Fv2%2Fmedia&parent=470134"}],"wp:term":[{"taxonomy":"category","embeddable":true,"href":"https:\/\/diariodominicano.com\/index.php?rest_route=%2Fwp%2Fv2%2Fcategories&post=470134"},{"taxonomy":"post_tag","embeddable":true,"href":"https:\/\/diariodominicano.com\/index.php?rest_route=%2Fwp%2Fv2%2Ftags&post=470134"}],"curies":[{"name":"wp","href":"https:\/\/api.w.org\/{rel}","templated":true}]}}