{"id":470074,"date":"2023-09-06T23:29:05","date_gmt":"2023-09-07T03:29:05","guid":{"rendered":"http:\/\/diariodominicano.com\/?p=470074"},"modified":"2023-09-06T23:29:24","modified_gmt":"2023-09-07T03:29:24","slug":"andres-marranzini-grullon-concluye-su-gestion-como-principal-ejecutivo-de-asonahores","status":"publish","type":"post","link":"https:\/\/diariodominicano.com\/?p=470074","title":{"rendered":"Andr\u00e9s Marranzini Grull\u00f3n concluye su gesti\u00f3n como principal ejecutivo de Asonahores"},"content":{"rendered":"\n<p>Andr\u00e9s Marranzini<\/p>\n\n\n\n<p><br><strong>Santo Domingo<\/strong>, RD. &#8211;\u00a0La Asociaci\u00f3n de Hoteles y Turismo de la Rep\u00fablica Dominicana (ASONAHORES) inform\u00f3 el t\u00e9rmino del per\u00edodo de Andr\u00e9s Marranzini Grull\u00f3n como vicepresidente ejecutivo de la instituci\u00f3n quien desempe\u00f1\u00f3 la posici\u00f3n desde el 2016 y, quien recibi\u00f3 un reconocimiento de los pasados presidente de la entidad por su invaluable contribuci\u00f3n al crecimiento y fortalecimiento durante su gesti\u00f3n.<\/p>\n\n\n\n<p>En un comunicado de prensa la entidad agradeci\u00f3 los aportes de Marranzini Grull\u00f3n al fortalecimiento y modernizaci\u00f3n de la instituci\u00f3n en los 7 a\u00f1os que ha servido como su principal ejecutivo.<\/p>\n\n\n\n<p><br>\u201cEn Asonahores destacamos su dedicaci\u00f3n y contribuci\u00f3n para mejorar la gesti\u00f3n de la organizaci\u00f3n, reflejados en importantes logros alcanzados en los a\u00f1os que sirvi\u00f3 como vicepresidente ejecutivo. Es definitivamente apreciable el posicionamiento que exhibe hoy la instituci\u00f3n y el rol destacado de liderazgo durante las situaciones que afectaron al sector turismo en el 2019 y de la pandemia.\u201d<\/p>\n\n\n\n<p><br>Marranzini Grull\u00f3n explic\u00f3 que decide culminar esta etapa de su carrera profesional, pero seguir\u00e1 en el sector turismo aportando su experiencia en otros proyectos a partir de su partida de ASONAHORES y agradeci\u00f3 la confianza que han tenido en sus ejecutorias los dirigentes de la instituci\u00f3n.<\/p>\n\n\n\n<p><br>Asonahores indic\u00f3 que la salida de Marranzini Grull\u00f3n ser\u00e1 efectiva el 30 de septiembre posterior a celebrar la Exposici\u00f3n Comercial 2023, evento que durante su gesti\u00f3n ha duplicado su tama\u00f1o convirti\u00e9ndola en la feria comercial bajo techo m\u00e1s grande del pa\u00eds.<br><br>Marranzini Grull\u00f3n es Abogado de profesi\u00f3n con experiencia en temas regulatorios de turismo, medioambiente, asuntos laborales y gesti\u00f3n de asuntos p\u00fablicos, fue seleccionado para el cargo en el 2016 de una serie de candidatos seleccionados por una firma especializada en reclutamiento de altos ejecutivos de instituciones.<\/p>\n\n\n\n<p>alexis antonio roa Roa<a target=\"_blank\" href=\"mailto:alexisrpdncd@gmail.com\" rel=\"noreferrer noopener\">alexisrpdncd@gmail.com<\/a><\/p>\n","protected":false},"excerpt":{"rendered":"<p>Andr\u00e9s Marranzini Santo Domingo, RD. &#8211;\u00a0La Asociaci\u00f3n de Hoteles y Turismo de la Rep\u00fablica Dominicana (ASONAHORES) inform\u00f3 el t\u00e9rmino del per\u00edodo de Andr\u00e9s Marranzini Grull\u00f3n como vicepresidente ejecutivo de la instituci\u00f3n quien desempe\u00f1\u00f3 la posici\u00f3n desde el 2016 y, quien recibi\u00f3 un reconocimiento de los pasados presidente de la entidad por su invaluable contribuci\u00f3n al [&hellip;]<\/p>\n","protected":false},"author":28,"featured_media":470075,"comment_status":"closed","ping_status":"","sticky":false,"template":"","format":"standard","meta":{"footnotes":""},"categories":[36,20,32],"tags":[],"class_list":["post-470074","post","type-post","status-publish","format-standard","has-post-thumbnail","hentry","category-hombresmujeresycosas","category-dominicana-hoy","category-turismo"],"_links":{"self":[{"href":"https:\/\/diariodominicano.com\/index.php?rest_route=\/wp\/v2\/posts\/470074","targetHints":{"allow":["GET"]}}],"collection":[{"href":"https:\/\/diariodominicano.com\/index.php?rest_route=\/wp\/v2\/posts"}],"about":[{"href":"https:\/\/diariodominicano.com\/index.php?rest_route=\/wp\/v2\/types\/post"}],"author":[{"embeddable":true,"href":"https:\/\/diariodominicano.com\/index.php?rest_route=\/wp\/v2\/users\/28"}],"replies":[{"embeddable":true,"href":"https:\/\/diariodominicano.com\/index.php?rest_route=%2Fwp%2Fv2%2Fcomments&post=470074"}],"version-history":[{"count":2,"href":"https:\/\/diariodominicano.com\/index.php?rest_route=\/wp\/v2\/posts\/470074\/revisions"}],"predecessor-version":[{"id":470077,"href":"https:\/\/diariodominicano.com\/index.php?rest_route=\/wp\/v2\/posts\/470074\/revisions\/470077"}],"wp:featuredmedia":[{"embeddable":true,"href":"https:\/\/diariodominicano.com\/index.php?rest_route=\/wp\/v2\/media\/470075"}],"wp:attachment":[{"href":"https:\/\/diariodominicano.com\/index.php?rest_route=%2Fwp%2Fv2%2Fmedia&parent=470074"}],"wp:term":[{"taxonomy":"category","embeddable":true,"href":"https:\/\/diariodominicano.com\/index.php?rest_route=%2Fwp%2Fv2%2Fcategories&post=470074"},{"taxonomy":"post_tag","embeddable":true,"href":"https:\/\/diariodominicano.com\/index.php?rest_route=%2Fwp%2Fv2%2Ftags&post=470074"}],"curies":[{"name":"wp","href":"https:\/\/api.w.org\/{rel}","templated":true}]}}