{"id":470060,"date":"2023-09-06T23:18:05","date_gmt":"2023-09-07T03:18:05","guid":{"rendered":"http:\/\/diariodominicano.com\/?p=470060"},"modified":"2023-09-06T23:24:38","modified_gmt":"2023-09-07T03:24:38","slug":"moca-fc-alcanza-victoria-en-inicio-semifinales-ldf-expansion","status":"publish","type":"post","link":"https:\/\/diariodominicano.com\/?p=470060","title":{"rendered":"MOCA FC alcanza victoria en inicio semifinales LDF Expansi\u00f3n"},"content":{"rendered":"\n<p> Ronald de Pe\u00f1a celebra <\/p>\n\n\n\n<p><strong>MOCA. \u2013<\/strong>&nbsp;Un gol de Ronald de Pe\u00f1a defini\u00f3 el primer duelo de la semifinal, al ganar MOCA FC 2-1 sobre el Santa Fe, en la jornada de la LDF Expansi\u00f3n 2023, en el estadio Ol\u00edmpico de Moca.<\/p>\n\n\n\n<figure class=\"wp-block-image size-large\"><img loading=\"lazy\" decoding=\"async\" width=\"1024\" height=\"633\" src=\"https:\/\/diariodominicano.com\/wp-content\/uploads\/2023\/09\/Yauvens-Jeantilus-MOCA-FC-celebra-el-gol-al-minuto-18-del-equipo-aurinegro-1024x633.jpg\" alt=\"\" class=\"wp-image-470065\" srcset=\"https:\/\/diariodominicano.com\/wp-content\/uploads\/2023\/09\/Yauvens-Jeantilus-MOCA-FC-celebra-el-gol-al-minuto-18-del-equipo-aurinegro-1024x633.jpg 1024w, https:\/\/diariodominicano.com\/wp-content\/uploads\/2023\/09\/Yauvens-Jeantilus-MOCA-FC-celebra-el-gol-al-minuto-18-del-equipo-aurinegro-300x186.jpg 300w, https:\/\/diariodominicano.com\/wp-content\/uploads\/2023\/09\/Yauvens-Jeantilus-MOCA-FC-celebra-el-gol-al-minuto-18-del-equipo-aurinegro-768x475.jpg 768w, https:\/\/diariodominicano.com\/wp-content\/uploads\/2023\/09\/Yauvens-Jeantilus-MOCA-FC-celebra-el-gol-al-minuto-18-del-equipo-aurinegro-1536x950.jpg 1536w, https:\/\/diariodominicano.com\/wp-content\/uploads\/2023\/09\/Yauvens-Jeantilus-MOCA-FC-celebra-el-gol-al-minuto-18-del-equipo-aurinegro-2048x1267.jpg 2048w, https:\/\/diariodominicano.com\/wp-content\/uploads\/2023\/09\/Yauvens-Jeantilus-MOCA-FC-celebra-el-gol-al-minuto-18-del-equipo-aurinegro-816x505.jpg 816w\" sizes=\"auto, (max-width: 1024px) 100vw, 1024px\" \/><figcaption>Yauvens Jeantilus MOCA FC celebra el gol al minuto 18 del equipo aurinegro<\/figcaption><\/figure>\n\n\n\n<figure class=\"wp-block-image size-large\"><img loading=\"lazy\" decoding=\"async\" width=\"1024\" height=\"645\" src=\"https:\/\/diariodominicano.com\/wp-content\/uploads\/2023\/09\/Julio-Rosario-MOCA-FC-en-una-accion-frente-al-portero-del-Santa-Fe-1024x645.jpg\" alt=\"\" class=\"wp-image-470068\" srcset=\"https:\/\/diariodominicano.com\/wp-content\/uploads\/2023\/09\/Julio-Rosario-MOCA-FC-en-una-accion-frente-al-portero-del-Santa-Fe-1024x645.jpg 1024w, https:\/\/diariodominicano.com\/wp-content\/uploads\/2023\/09\/Julio-Rosario-MOCA-FC-en-una-accion-frente-al-portero-del-Santa-Fe-300x189.jpg 300w, https:\/\/diariodominicano.com\/wp-content\/uploads\/2023\/09\/Julio-Rosario-MOCA-FC-en-una-accion-frente-al-portero-del-Santa-Fe-768x484.jpg 768w, https:\/\/diariodominicano.com\/wp-content\/uploads\/2023\/09\/Julio-Rosario-MOCA-FC-en-una-accion-frente-al-portero-del-Santa-Fe-1536x967.jpg 1536w, https:\/\/diariodominicano.com\/wp-content\/uploads\/2023\/09\/Julio-Rosario-MOCA-FC-en-una-accion-frente-al-portero-del-Santa-Fe-2048x1290.jpg 2048w, https:\/\/diariodominicano.com\/wp-content\/uploads\/2023\/09\/Julio-Rosario-MOCA-FC-en-una-accion-frente-al-portero-del-Santa-Fe-816x514.jpg 816w\" sizes=\"auto, (max-width: 1024px) 100vw, 1024px\" \/><figcaption>Julio Rosario MOCA FC en una acci\u00f3n frente al portero del Santa Fe<\/figcaption><\/figure>\n\n\n\n<figure class=\"wp-block-image size-large\"><img loading=\"lazy\" decoding=\"async\" width=\"1024\" height=\"647\" src=\"https:\/\/diariodominicano.com\/wp-content\/uploads\/2023\/09\/Ronaldo-de-Pena-del-MOCA-FC-en-una-accion-del-encuentro-ante-el-Santa-Fe-Expansion-Sub23-1024x647.jpg\" alt=\"\" class=\"wp-image-470071\" srcset=\"https:\/\/diariodominicano.com\/wp-content\/uploads\/2023\/09\/Ronaldo-de-Pena-del-MOCA-FC-en-una-accion-del-encuentro-ante-el-Santa-Fe-Expansion-Sub23-1024x647.jpg 1024w, https:\/\/diariodominicano.com\/wp-content\/uploads\/2023\/09\/Ronaldo-de-Pena-del-MOCA-FC-en-una-accion-del-encuentro-ante-el-Santa-Fe-Expansion-Sub23-300x190.jpg 300w, https:\/\/diariodominicano.com\/wp-content\/uploads\/2023\/09\/Ronaldo-de-Pena-del-MOCA-FC-en-una-accion-del-encuentro-ante-el-Santa-Fe-Expansion-Sub23-768x485.jpg 768w, https:\/\/diariodominicano.com\/wp-content\/uploads\/2023\/09\/Ronaldo-de-Pena-del-MOCA-FC-en-una-accion-del-encuentro-ante-el-Santa-Fe-Expansion-Sub23-1536x971.jpg 1536w, https:\/\/diariodominicano.com\/wp-content\/uploads\/2023\/09\/Ronaldo-de-Pena-del-MOCA-FC-en-una-accion-del-encuentro-ante-el-Santa-Fe-Expansion-Sub23-2048x1294.jpg 2048w, https:\/\/diariodominicano.com\/wp-content\/uploads\/2023\/09\/Ronaldo-de-Pena-del-MOCA-FC-en-una-accion-del-encuentro-ante-el-Santa-Fe-Expansion-Sub23-816x516.jpg 816w\" sizes=\"auto, (max-width: 1024px) 100vw, 1024px\" \/><figcaption>Ronaldo de Pe\u00f1a del MOCA FC en una acci\u00f3n del encuentro ante el Santa Fe Expansi\u00f3n Sub23<\/figcaption><\/figure>\n\n\n\n<p>Con el partido empatado 1-1, una jugada dentro del \u00e1rea fue definida con un gran zapatazo de Ronaldo de Pe\u00f1a en el minuto 52, ante la alegr\u00eda de jugadores, fan\u00e1ticos y directivos del aurinegro en el inicio de las semifinales de la LDF Expansi\u00f3n.<\/p>\n\n\n\n<p>MOCA FC se adelant\u00f3 en el encuentro en el minuto 18, con un gol de&nbsp;Yauvens Jeantilus, que dejaba el marcador 1-0, con la celebraci\u00f3n de los fan\u00e1ticos mocanos.<\/p>\n\n\n\n<p>El jugador del Santa Fe, Gabriel Castillo empat\u00f3 las acciones en el minuto 43, y sell\u00f3 el empate para irse al descanso 1-1.<\/p>\n\n\n\n<p>Los aurinegros tuvieron varios ataques que no pudieron ser ejecutados y se adelantaron en la semifinal con este marcador 2-1, para el 13 de septiembre jugar el segundo encuentro en Santo Domingo. \u00a0<\/p>\n\n\n\n<p>Jose Luis Paulino Reyes<a target=\"_blank\" href=\"mailto:josepaulinodeportesjp@gmail.com\" rel=\"noreferrer noopener\">josepaulinodeportesjp@gmail.com<\/a><\/p>\n\n\n\n<p><strong>Prensa y Relaciones P\u00fablicas MOCA FC<\/strong><\/p>\n","protected":false},"excerpt":{"rendered":"<p>Ronald de Pe\u00f1a celebra MOCA. \u2013&nbsp;Un gol de Ronald de Pe\u00f1a defini\u00f3 el primer duelo de la semifinal, al ganar MOCA FC 2-1 sobre el Santa Fe, en la jornada de la LDF Expansi\u00f3n 2023, en el estadio Ol\u00edmpico de Moca. Con el partido empatado 1-1, una jugada dentro del \u00e1rea fue definida con un [&hellip;]<\/p>\n","protected":false},"author":28,"featured_media":470061,"comment_status":"closed","ping_status":"","sticky":false,"template":"","format":"standard","meta":{"footnotes":""},"categories":[17,32],"tags":[],"class_list":["post-470060","post","type-post","status-publish","format-standard","has-post-thumbnail","hentry","category-deportes","category-turismo"],"_links":{"self":[{"href":"https:\/\/diariodominicano.com\/index.php?rest_route=\/wp\/v2\/posts\/470060","targetHints":{"allow":["GET"]}}],"collection":[{"href":"https:\/\/diariodominicano.com\/index.php?rest_route=\/wp\/v2\/posts"}],"about":[{"href":"https:\/\/diariodominicano.com\/index.php?rest_route=\/wp\/v2\/types\/post"}],"author":[{"embeddable":true,"href":"https:\/\/diariodominicano.com\/index.php?rest_route=\/wp\/v2\/users\/28"}],"replies":[{"embeddable":true,"href":"https:\/\/diariodominicano.com\/index.php?rest_route=%2Fwp%2Fv2%2Fcomments&post=470060"}],"version-history":[{"count":7,"href":"https:\/\/diariodominicano.com\/index.php?rest_route=\/wp\/v2\/posts\/470060\/revisions"}],"predecessor-version":[{"id":470073,"href":"https:\/\/diariodominicano.com\/index.php?rest_route=\/wp\/v2\/posts\/470060\/revisions\/470073"}],"wp:featuredmedia":[{"embeddable":true,"href":"https:\/\/diariodominicano.com\/index.php?rest_route=\/wp\/v2\/media\/470061"}],"wp:attachment":[{"href":"https:\/\/diariodominicano.com\/index.php?rest_route=%2Fwp%2Fv2%2Fmedia&parent=470060"}],"wp:term":[{"taxonomy":"category","embeddable":true,"href":"https:\/\/diariodominicano.com\/index.php?rest_route=%2Fwp%2Fv2%2Fcategories&post=470060"},{"taxonomy":"post_tag","embeddable":true,"href":"https:\/\/diariodominicano.com\/index.php?rest_route=%2Fwp%2Fv2%2Ftags&post=470060"}],"curies":[{"name":"wp","href":"https:\/\/api.w.org\/{rel}","templated":true}]}}