{"id":470041,"date":"2023-09-06T23:05:44","date_gmt":"2023-09-07T03:05:44","guid":{"rendered":"http:\/\/diariodominicano.com\/?p=470041"},"modified":"2023-09-06T23:15:15","modified_gmt":"2023-09-07T03:15:15","slug":"embajada-dominicana-celebra-mesa-redonda-con-prominentes-empresarios-de-jamaica","status":"publish","type":"post","link":"https:\/\/diariodominicano.com\/?p=470041","title":{"rendered":"Embajada Dominicana celebra Mesa Redonda con prominentes empresarios de Jamaica"},"content":{"rendered":"\n<p>Kingston, Jamaica.- La Embajada de la Rep\u00fablica Dominicana en Jamaica realiz\u00f3 el evento titulado \u00ab<strong>CENA DE LA MESA REDONDA DE LA REP\u00daBLICA DOMINICANA: FORJANDO CONEXIONES EMPRESARIALES EXITOSAS CON LA REP\u00daBLICA DOMINICANA<\/strong>, la cual cont\u00f3 con la asistencia de 25 due\u00f1os de importantes grupos econ\u00f3micos en Jamaica, autoridades gubernamentales y expertos de la industria, quienes se reunieron para conversar sobre c\u00f3mo seguir fortaleciendo las relaciones comerciales y de inversiones entre Jamaica y la Rep\u00fablica Dominicana, as\u00ed como para brindar claves sobre c\u00f3mo exportar hacia la Rep\u00fablica Dominicana y otros pa\u00edses de Am\u00e9rica Latina. <\/p>\n\n\n\n<figure class=\"wp-block-image size-large\"><img loading=\"lazy\" decoding=\"async\" width=\"1024\" height=\"683\" src=\"https:\/\/diariodominicano.com\/wp-content\/uploads\/2023\/09\/image_6483441-5-1024x683.jpg\" alt=\"\" class=\"wp-image-470046\" srcset=\"https:\/\/diariodominicano.com\/wp-content\/uploads\/2023\/09\/image_6483441-5-1024x683.jpg 1024w, https:\/\/diariodominicano.com\/wp-content\/uploads\/2023\/09\/image_6483441-5-300x200.jpg 300w, https:\/\/diariodominicano.com\/wp-content\/uploads\/2023\/09\/image_6483441-5-768x512.jpg 768w, https:\/\/diariodominicano.com\/wp-content\/uploads\/2023\/09\/image_6483441-5-816x544.jpg 816w, https:\/\/diariodominicano.com\/wp-content\/uploads\/2023\/09\/image_6483441-5.jpg 1500w\" sizes=\"auto, (max-width: 1024px) 100vw, 1024px\" \/><\/figure>\n\n\n\n<figure class=\"wp-block-image size-full\"><img loading=\"lazy\" decoding=\"async\" width=\"1024\" height=\"768\" src=\"https:\/\/diariodominicano.com\/wp-content\/uploads\/2023\/09\/image_6483441-6.jpg\" alt=\"\" class=\"wp-image-470045\" srcset=\"https:\/\/diariodominicano.com\/wp-content\/uploads\/2023\/09\/image_6483441-6.jpg 1024w, https:\/\/diariodominicano.com\/wp-content\/uploads\/2023\/09\/image_6483441-6-300x225.jpg 300w, https:\/\/diariodominicano.com\/wp-content\/uploads\/2023\/09\/image_6483441-6-768x576.jpg 768w, https:\/\/diariodominicano.com\/wp-content\/uploads\/2023\/09\/image_6483441-6-816x612.jpg 816w\" sizes=\"auto, (max-width: 1024px) 100vw, 1024px\" \/><\/figure>\n\n\n\n<p>La actividad se llev\u00f3 a cabo en la residencia oficial de la Rep\u00fablica Dominicana en Kingston y fue encabezada por la Embajadora Dominicana en Jamaica, Angie Mart\u00ednez, el Representante Permanente de la Rep\u00fablica Dominicana ante la Autoridad Internacional de los Fondos Marinos, Embajador Edward P\u00e9rez Reyes, el Ministro de Agricultura, Pesca y Minas de Jamaica, Congresista Floyd Green, el presidente del Sector Privado de Jamaica, Metry Seaga y el CEO de Adtelligent, Craig Powe.<\/p>\n\n\n\n<p>La cena sirvi\u00f3 prepar\u00f3 el escenario para el evento \u00abKeys to LATAM\u00bb, el cual se llevar\u00e1 durante esta semana en el Hotel Spanish Court y en donde los l\u00edderes empresariales se reunir\u00e1n para intercambiar conocimientos, estrategias y experiencias para fortalecer su presencia en el mercado latinoamericano. <\/p>\n\n\n\n<p>Su objetivo es empoderar a las empresas que buscan impulsar el crecimiento econ\u00f3mico de su pa\u00eds y ampliar sus relaciones comerciales con los pa\u00edses latinoamericanos, incluyendo notablemente a la Rep\u00fablica Dominicana. <\/p>\n\n\n\n<p>La conferencia internacional cuenta con la colaboraci\u00f3n de la Embajada dominicana en Kingston y fue organizada en conjunto con Adtelligent y la Organizaci\u00f3n del Sector Privado de Jamaica (PSOJ), la cual aglutina en su seno a m\u00e1s de 400 empresas relevantes de Jamaica.<\/p>\n\n\n\n<figure class=\"wp-block-image size-large\"><img loading=\"lazy\" decoding=\"async\" width=\"1024\" height=\"767\" src=\"https:\/\/diariodominicano.com\/wp-content\/uploads\/2023\/09\/image_6483441-8-1024x767.jpg\" alt=\"\" class=\"wp-image-470048\" srcset=\"https:\/\/diariodominicano.com\/wp-content\/uploads\/2023\/09\/image_6483441-8-1024x767.jpg 1024w, https:\/\/diariodominicano.com\/wp-content\/uploads\/2023\/09\/image_6483441-8-300x225.jpg 300w, https:\/\/diariodominicano.com\/wp-content\/uploads\/2023\/09\/image_6483441-8-768x575.jpg 768w, https:\/\/diariodominicano.com\/wp-content\/uploads\/2023\/09\/image_6483441-8-816x611.jpg 816w, https:\/\/diariodominicano.com\/wp-content\/uploads\/2023\/09\/image_6483441-8.jpg 1500w\" sizes=\"auto, (max-width: 1024px) 100vw, 1024px\" \/><figcaption> La Embajadora Angie Mart\u00ednez se dirige a los presentes<\/figcaption><\/figure>\n\n\n\n<p>En sus palabras de bienvenida, la Embajadora de Carrera Angie Mart\u00ednez, afirm\u00f3 que desde su llegada a Jamaica ha estado trabajando en desarrollar una relaci\u00f3n ganar-ganar entre ambos pa\u00edses, al tiempo que agradeci\u00f3 a las autoridades jamaicanas por el apoyo brindado, lo cual le ha permitido alcanzar hitos significativos y resultados extraordinarios, en muy corto tiempo, en beneficio de ambos pueblos.<\/p>\n\n\n\n<figure class=\"wp-block-image size-large\"><img loading=\"lazy\" decoding=\"async\" width=\"1024\" height=\"683\" src=\"https:\/\/diariodominicano.com\/wp-content\/uploads\/2023\/09\/image_6483441-9-1024x683.jpg\" alt=\"\" class=\"wp-image-470057\" srcset=\"https:\/\/diariodominicano.com\/wp-content\/uploads\/2023\/09\/image_6483441-9-1024x683.jpg 1024w, https:\/\/diariodominicano.com\/wp-content\/uploads\/2023\/09\/image_6483441-9-300x200.jpg 300w, https:\/\/diariodominicano.com\/wp-content\/uploads\/2023\/09\/image_6483441-9-768x512.jpg 768w, https:\/\/diariodominicano.com\/wp-content\/uploads\/2023\/09\/image_6483441-9-816x544.jpg 816w, https:\/\/diariodominicano.com\/wp-content\/uploads\/2023\/09\/image_6483441-9.jpg 1500w\" sizes=\"auto, (max-width: 1024px) 100vw, 1024px\" \/><\/figure>\n\n\n\n<p>Por otro lado, apunt\u00f3: \u201cQuiero destacar que la Rep\u00fablica Dominicana es una econom\u00eda abierta que, en el a\u00f1o 2022, import\u00f3 productos por m\u00e1s de $40 mil millones del mercado global. En 2020, las exportaciones jamaicanas a la Rep\u00fablica Dominicana ascendieron a $1.2 millones, una cifra que se dispar\u00f3 a $2.7 millones en 2022, luego de nuestro primer a\u00f1o de gesti\u00f3n. <\/p>\n\n\n\n<p>Al examinar las estad\u00edsticas, es evidente que, aunque estos n\u00fameros se han duplicado, las posibilidades siguen siendo en gran medida inexploradas. Dada nuestra proximidad estrat\u00e9gica, Jamaica deber\u00eda estar exportando m\u00e1s de $2.7 millones a la Rep\u00fablica Dominicana\u201d.<\/p>\n\n\n\n<p>El Ministro de Agricultura, Pesca y Minas, el Congresista Floyd Green, felicit\u00f3 a la diplom\u00e1tica dominicana por el excepcional trabajo que ha venido realizando para impulsar las relaciones bilaterales y expres\u00f3 su benepl\u00e1cito por este tipo de iniciativas que generan discusiones&nbsp;sobre temas relevantes \u00abEmbajadora, usted ha reunido a un grupo muy diverso de empresarios jamaicanos muy relevantes que sin duda pueden liderar la carga de exportaci\u00f3n al mercado latinoamericano. Es importante que en esta mesa reflexionemos sobre \u00bfc\u00f3mo aprovechar m\u00e1s nuestra posici\u00f3n estrat\u00e9gica de proximidad con vecinos como la Rep\u00fablica Dominicana y aprender mutuamente?; \u00bfc\u00f3mo podemos encontrar formas innovadoras que nos permitan aprovechar la demanda que pudiera existir para los servicios jamaicanos?\u00bb<\/p>\n\n\n\n<p>Metry Seaga, Presidente de la Organizaci\u00f3n del Sector Privado de Jamaica (PSOJ), proporcion\u00f3 una plataforma para discusiones fruct\u00edferas sobre la expansi\u00f3n empresarial y la colaboraci\u00f3n econ\u00f3mica con pa\u00edses como la Rep\u00fablica Dominicana. El presidente del sector privado agradeci\u00f3 a la Embajadora Mart\u00ednez por siempre generar plataformas para hacer avanzar las relaciones comerciales entre ambos pa\u00edses y se refiri\u00f3 a su importante papel en la reciente firma del acuerdo de colaboraci\u00f3n con el CONEP, entidad hom\u00f3loga en la Rep\u00fablica Dominicana. \u201cEs mucho lo que podemos avanzar con esta alianza estrat\u00e9gica con el sector privado dominicano. Estamos buscando seguir incrementando los negocios e impulsar m\u00e1s exportaciones y mayor valor agregado para las empresas jamaicanas\u201d.<\/p>\n\n\n\n<p>El creador de la conferencia \u2018Keys to LATAM\u2019, Craig Powe, CEO de Adtelligent destac\u00f3 que: \u00aba menudo escuchamos sobre los desaf\u00edos que se ciernen: barreras ling\u00fc\u00edsticas, costosos env\u00edos, regulaciones complejas e incluso la falta de conocimiento del ambiente de negocios. Pero como alguien que ha explorado a fondo el comercio latinoamericano, les aseguro que muchas de estas barreras no est\u00e1n hechas de ladrillos, sino de papel. Son l\u00edneas imaginarias dibujadas en un mapa, y es hora de borrarlas. La conferencia &#8216;Keys to LATAM&#8217; no es solo una reuni\u00f3n de datos y cifras; es un mapa para superar estos desaf\u00edos, respaldado por casos reales de empresas jamaicanas que prosperan en Am\u00e9rica Latina\u201d.&nbsp;<\/p>\n\n\n\n<p>Entre los asistentes se encontraban la presidenta de la C\u00e1mara Americana de Comercio, Jodi-Ann Quarrie; Brian Jardim, CEO de Rainforest Caribbean; Gassan Azan, CEO de Jamagro Tech Farms Ltd, MegaMart y Bashco Trading Company;&nbsp;Stephen Price, CEO de Flow Jamaica; Chris Williams, CEO de Proven Investments; Andrew Leo-Rhynie, Jefe de Fusiones y Adquisiciones de Grace Kennedy; Stephen McConnell, Gerente de Exportaciones de Tradewinds Citrus Limited; Sergio Gonz\u00e1lez L\u00f3pez, Director Ejecutivo de Operaciones del Grupo Unicomer; Danny Melville Jr., CEO de Tropical Batteries; Richard Coe, CEO de Fleetwood Jamaica; Sheldon Powe, Innovate 10X, Adrien Lemaire, Director de Doctor Bird Services; Anup Chandiram de Bijoux Jewelers, entre otros destacados l\u00edderes empresariales. Sydney Thwaites, CEO de Lubricating Specialties Company Jamaica Limited, comparti\u00f3 con los dem\u00e1s comensales su viaje de \u00e9xito en el mercado latinoamericano, ofreciendo valiosos conocimientos y experiencias sobre los desaf\u00edos y oportunidades de expandir las operaciones comerciales en esta din\u00e1mica regi\u00f3n.<\/p>\n\n\n\n<p>La iniciativa \u201cMesa Redonda de la Embajada Dominicana en Jamaica\u00bb, es un espacio a trav\u00e9s del cual se pretende promover di\u00e1logos de alto nivel con sectores relevantes de Jamaica y la Rep\u00fablica Dominicana, tales como el sector p\u00fablico, la empresa privada, el turismo, los agro negocios, la construcci\u00f3n, la cultura, la academia, entre otros.\u00a0<\/p>\n\n\n\n<p> La Embajadora dominicana en Kingston, Angie Mart\u00ednez, afirm\u00f3: \u00abla Mesa Redonda\u00a0\u00a0pretende convertirse en un espacio de di\u00e1logo permanente para debatir temas que nos permitan avanzar en nuestro objetivo de estrechar v\u00ednculos y de instaurar lo que hemos denominado la nueva era en las relaciones bilaterales entre Jamaica y la Rep\u00fablica Dominicana. Mediante estos encuentros sectoriales pretendemos lograr acciones concretas que contribuyan de forma efectiva a generar sinergias econ\u00f3micas y comerciales de beneficios rec\u00edprocos, estrechando a\u00fan m\u00e1s las relaciones bilaterales entre ambas naciones\u00bb.<\/p>\n\n\n\n<p>Angie Shakira Mart\u00ednez Tejera<a target=\"_blank\" href=\"mailto:amartinezdrembassy@gmail.com\" rel=\"noreferrer noopener\">amartinezdrembassy@gmail.com<\/a><\/p>\n","protected":false},"excerpt":{"rendered":"<p>Kingston, Jamaica.- La Embajada de la Rep\u00fablica Dominicana en Jamaica realiz\u00f3 el evento titulado \u00abCENA DE LA MESA REDONDA DE LA REP\u00daBLICA DOMINICANA: FORJANDO CONEXIONES EMPRESARIALES EXITOSAS CON LA REP\u00daBLICA DOMINICANA, la cual cont\u00f3 con la asistencia de 25 due\u00f1os de importantes grupos econ\u00f3micos en Jamaica, autoridades gubernamentales y expertos de la industria, quienes se [&hellip;]<\/p>\n","protected":false},"author":28,"featured_media":470042,"comment_status":"closed","ping_status":"","sticky":false,"template":"","format":"standard","meta":{"footnotes":""},"categories":[36,20,18,32],"tags":[],"class_list":["post-470041","post","type-post","status-publish","format-standard","has-post-thumbnail","hentry","category-hombresmujeresycosas","category-dominicana-hoy","category-economia","category-turismo"],"_links":{"self":[{"href":"https:\/\/diariodominicano.com\/index.php?rest_route=\/wp\/v2\/posts\/470041","targetHints":{"allow":["GET"]}}],"collection":[{"href":"https:\/\/diariodominicano.com\/index.php?rest_route=\/wp\/v2\/posts"}],"about":[{"href":"https:\/\/diariodominicano.com\/index.php?rest_route=\/wp\/v2\/types\/post"}],"author":[{"embeddable":true,"href":"https:\/\/diariodominicano.com\/index.php?rest_route=\/wp\/v2\/users\/28"}],"replies":[{"embeddable":true,"href":"https:\/\/diariodominicano.com\/index.php?rest_route=%2Fwp%2Fv2%2Fcomments&post=470041"}],"version-history":[{"count":5,"href":"https:\/\/diariodominicano.com\/index.php?rest_route=\/wp\/v2\/posts\/470041\/revisions"}],"predecessor-version":[{"id":470058,"href":"https:\/\/diariodominicano.com\/index.php?rest_route=\/wp\/v2\/posts\/470041\/revisions\/470058"}],"wp:featuredmedia":[{"embeddable":true,"href":"https:\/\/diariodominicano.com\/index.php?rest_route=\/wp\/v2\/media\/470042"}],"wp:attachment":[{"href":"https:\/\/diariodominicano.com\/index.php?rest_route=%2Fwp%2Fv2%2Fmedia&parent=470041"}],"wp:term":[{"taxonomy":"category","embeddable":true,"href":"https:\/\/diariodominicano.com\/index.php?rest_route=%2Fwp%2Fv2%2Fcategories&post=470041"},{"taxonomy":"post_tag","embeddable":true,"href":"https:\/\/diariodominicano.com\/index.php?rest_route=%2Fwp%2Fv2%2Ftags&post=470041"}],"curies":[{"name":"wp","href":"https:\/\/api.w.org\/{rel}","templated":true}]}}