{"id":470020,"date":"2023-09-06T22:27:11","date_gmt":"2023-09-07T02:27:11","guid":{"rendered":"http:\/\/diariodominicano.com\/?p=470020"},"modified":"2023-09-06T22:27:52","modified_gmt":"2023-09-07T02:27:52","slug":"la-segunda-sala-penal-de-la-corte-de-apelacion-del-distrito-nacional-ratifica-prision-preventiva-a-dos-imputados-de-operacion-gavilan","status":"publish","type":"post","link":"https:\/\/diariodominicano.com\/?p=470020","title":{"rendered":"La Segunda Sala Penal de la Corte de Apelaci\u00f3n del Distrito Nacional ratifica prisi\u00f3n preventiva a dos imputados de Operaci\u00f3n Gavil\u00e1n"},"content":{"rendered":"\n<p>SANTO DOMINGO, Rep\u00fablica Dominicana.- Tras acoger la solicitud del Ministerio P\u00fablico, la Segunda Sala Penal de la Corte de Apelaci\u00f3n del Distrito Nacional confirm\u00f3 este mi\u00e9rcoles la prisi\u00f3n preventiva impuesta a M\u00e1rtires Rosario Reyes y a Luis Alfredo Astacio Polanco, imputados de la red que borr\u00f3 y alter\u00f3 registros de antecedentes penales a m\u00e1s de 16,000 personas, la cual fue desmantelada con la Operaci\u00f3n Gavil\u00e1n.<\/p>\n\n\n\n<p>El tribunal de alzada rechaz\u00f3 el pedimento de variaci\u00f3n de medida de coerci\u00f3n que hicieran las barras de la defensa de Rosario Reyes y Astacio Polanco.<\/p>\n\n\n\n<p>La magistrada Isis Mu\u00f1iz, presidenta de la sala, y los tambi\u00e9n magistrados Te\u00f3filo And\u00fajar y Delio Germ\u00e1n, ratificaron la prisi\u00f3n preventiva por espacio de 18 meses que fue impuesta a los imputados por la&nbsp;Oficina Judicial de Servicios de Atenci\u00f3n Permanente del Distrito Nacional a principios del mes de agosto del a\u00f1o 2023.<\/p>\n\n\n\n<p>Con la Operaci\u00f3n Gavil\u00e1n, el \u00f3rgano acusador desmantel\u00f3 una red criminal, que, seg\u00fan la investigaci\u00f3n realizada, borr\u00f3 y alter\u00f3, a cambio del pago de sobornos, registros de antecedentes penales a 16,958 personas.<\/p>\n\n\n\n<figure class=\"wp-block-image size-large\"><img loading=\"lazy\" decoding=\"async\" width=\"1024\" height=\"683\" src=\"https:\/\/diariodominicano.com\/wp-content\/uploads\/2023\/09\/2023-09-06-Apelacion-Caso-Gavilan_006-1024x683.jpg\" alt=\"\" class=\"wp-image-470023\" srcset=\"https:\/\/diariodominicano.com\/wp-content\/uploads\/2023\/09\/2023-09-06-Apelacion-Caso-Gavilan_006-1024x683.jpg 1024w, https:\/\/diariodominicano.com\/wp-content\/uploads\/2023\/09\/2023-09-06-Apelacion-Caso-Gavilan_006-300x200.jpg 300w, https:\/\/diariodominicano.com\/wp-content\/uploads\/2023\/09\/2023-09-06-Apelacion-Caso-Gavilan_006-768x512.jpg 768w, https:\/\/diariodominicano.com\/wp-content\/uploads\/2023\/09\/2023-09-06-Apelacion-Caso-Gavilan_006-1536x1024.jpg 1536w, https:\/\/diariodominicano.com\/wp-content\/uploads\/2023\/09\/2023-09-06-Apelacion-Caso-Gavilan_006-2048x1365.jpg 2048w, https:\/\/diariodominicano.com\/wp-content\/uploads\/2023\/09\/2023-09-06-Apelacion-Caso-Gavilan_006-816x544.jpg 816w\" sizes=\"auto, (max-width: 1024px) 100vw, 1024px\" \/><\/figure>\n\n\n\n<p>En el borrado de antecedentes penales, ejecutado por esta red criminal, han sido beneficiados sicarios, narcotraficantes, violadores sexuales, imputados de violencia de g\u00e9nero y por adulteraci\u00f3n de bebidas alcoh\u00f3licas, as\u00ed como por secuestro, llegando esta estructura al extremo de que personas recluidas cumpliendo condena de hasta de 30 a\u00f1os de prisi\u00f3n figuren sin antecedentes penales en los registros oficiales.<\/p>\n\n\n\n<p>La directora general de Persecuci\u00f3n del Ministerio P\u00fablico, Yeni Berenice Reynoso, argument\u00f3 ante el pleno del tribunal que con su accionar ambos imputados provocaron graves da\u00f1os al sistema de justicia y a la sociedad dominicana.<\/p>\n\n\n\n<p>Adem\u00e1s de Yeni Berenice Reynoso, en esta audiencia el Ministerio P\u00fablico estuvo representado por el Procurador de Corte Jos\u00e9 Manuel Aguil\u00f3 y el fiscal investigador Andr\u00e9s Mena.<\/p>\n\n\n\n<p><strong>Direcci\u00f3n General de Comunicaci\u00f3n, Prensa, y RRPP<\/strong><strong><\/strong><\/p>\n\n\n\n<p>Ministerio P\u00fablico.&nbsp;R.D.<\/p>\n\n\n\n<p>Mi\u00e9rcoles, 6 de septiembre de 2023.<\/p>\n","protected":false},"excerpt":{"rendered":"<p>SANTO DOMINGO, Rep\u00fablica Dominicana.- Tras acoger la solicitud del Ministerio P\u00fablico, la Segunda Sala Penal de la Corte de Apelaci\u00f3n del Distrito Nacional confirm\u00f3 este mi\u00e9rcoles la prisi\u00f3n preventiva impuesta a M\u00e1rtires Rosario Reyes y a Luis Alfredo Astacio Polanco, imputados de la red que borr\u00f3 y alter\u00f3 registros de antecedentes penales a m\u00e1s de [&hellip;]<\/p>\n","protected":false},"author":28,"featured_media":470021,"comment_status":"closed","ping_status":"","sticky":true,"template":"","format":"standard","meta":{"footnotes":""},"categories":[24,29,27],"tags":[],"class_list":["post-470020","post","type-post","status-publish","format-standard","has-post-thumbnail","hentry","category-justicia-y-derecho","category-policiasucesos","category-portada"],"_links":{"self":[{"href":"https:\/\/diariodominicano.com\/index.php?rest_route=\/wp\/v2\/posts\/470020","targetHints":{"allow":["GET"]}}],"collection":[{"href":"https:\/\/diariodominicano.com\/index.php?rest_route=\/wp\/v2\/posts"}],"about":[{"href":"https:\/\/diariodominicano.com\/index.php?rest_route=\/wp\/v2\/types\/post"}],"author":[{"embeddable":true,"href":"https:\/\/diariodominicano.com\/index.php?rest_route=\/wp\/v2\/users\/28"}],"replies":[{"embeddable":true,"href":"https:\/\/diariodominicano.com\/index.php?rest_route=%2Fwp%2Fv2%2Fcomments&post=470020"}],"version-history":[{"count":3,"href":"https:\/\/diariodominicano.com\/index.php?rest_route=\/wp\/v2\/posts\/470020\/revisions"}],"predecessor-version":[{"id":470025,"href":"https:\/\/diariodominicano.com\/index.php?rest_route=\/wp\/v2\/posts\/470020\/revisions\/470025"}],"wp:featuredmedia":[{"embeddable":true,"href":"https:\/\/diariodominicano.com\/index.php?rest_route=\/wp\/v2\/media\/470021"}],"wp:attachment":[{"href":"https:\/\/diariodominicano.com\/index.php?rest_route=%2Fwp%2Fv2%2Fmedia&parent=470020"}],"wp:term":[{"taxonomy":"category","embeddable":true,"href":"https:\/\/diariodominicano.com\/index.php?rest_route=%2Fwp%2Fv2%2Fcategories&post=470020"},{"taxonomy":"post_tag","embeddable":true,"href":"https:\/\/diariodominicano.com\/index.php?rest_route=%2Fwp%2Fv2%2Ftags&post=470020"}],"curies":[{"name":"wp","href":"https:\/\/api.w.org\/{rel}","templated":true}]}}