{"id":470010,"date":"2023-09-06T22:16:46","date_gmt":"2023-09-07T02:16:46","guid":{"rendered":"http:\/\/diariodominicano.com\/?p=470010"},"modified":"2023-09-06T22:28:40","modified_gmt":"2023-09-07T02:28:40","slug":"cuatro-dominicanos-actuaran-en-cartelera-mundial-de-combates-en-altos-de-chavon","status":"publish","type":"post","link":"https:\/\/diariodominicano.com\/?p=470010","title":{"rendered":"Cuatro dominicanos actuar\u00e1n en Cartelera Mundial de Combates en Altos de Chav\u00f3n"},"content":{"rendered":"\n<p> El dominicano Deivis Ferreras protagonizar\u00e1 el combate coestelar de la noche.&nbsp; <\/p>\n\n\n\n<p><em>Los atletas criollos ser\u00e1n protagonistas en una velada de karate profesional de \u00edndole mundial, incluyendo un combate femenino.<\/em><\/p>\n\n\n\n<p>La Romana, Rep\u00fablica Dominicana.- La promotora global Karate Combat anunci\u00f3 su cartelera mundial n\u00famero 41 de combates de artes marciales bajo la modalidad de karate full-contact, a celebrarse el 16 de este mes en el anfiteatro Altos de Chav\u00f3n en Casa de Campo, La Romana.&nbsp;<\/p>\n\n\n\n<p>En la cartelera se destaca la participaci\u00f3n del atleta dominicano Deivis Ferreras, quien enfrentar\u00e1 al nacional checo, Tim Ha, en el combate coestelar de la noche. Ferreras, conocido por su forma jocosa dentro del &#8216;pit&#8217; de combates, se prepara para mostrar sus habilidades en su tierra natal y buscar una victoria espectacular.<\/p>\n\n\n\n<p>Otro dominicano que se destaca es M\u00e1ximo N\u00fa\u00f1ez, quien reside en la Florida, Estados Unidos, y vendr\u00e1 al pa\u00eds para enfrentar al franc\u00e9s Moulay Oudoud en lo que ser\u00eda su primer combate en la Rep\u00fablica Dominicana.&nbsp;<\/p>\n\n\n\n<p>Adem\u00e1s, el luchador criollo de alto rango Jorge P\u00e9rez, actualmente entre los cinco mejores de su categor\u00eda de peso, representar\u00e1 a la Rep\u00fablica Dominicana ante el italiano Gabriele Cera. Su impresionante ranking aumenta la emoci\u00f3n en torno al talento local.<\/p>\n\n\n\n<p>El evento contar\u00e1 con dos combates femeninos, entre los cuales la dominicana Ana Villanueva enfrentar\u00e1 a la brasilera Rafael Das Chagad Bernardo en un combate a 3 asaltos de karate profesional.&nbsp;<\/p>\n\n\n\n<p>La organizaci\u00f3n del evento internacional ha estado recibiendo el respaldo del promotor domincano de MMA Rodolfo Dauhajre, quien ha servido como la contraparte de Rep\u00fablica Dominicana.<\/p>\n\n\n\n<p>Invitados de Lujo<\/p>\n\n\n\n<p>Con la presencia legendaria de la superestrella Georges St-Pierre como comentarista invitado, Karate Combat 41 contar\u00e1 con una alineaci\u00f3n de atletas de clase mundial de todo el mundo. En el combate estelar se disputar\u00e1 el Campeonato Mundial de peso gallo, entre el irland\u00e9s Eoghan Chelmiah y el ruso Myrza-Bek Tebuev.<\/p>\n\n\n\n<p>Adem\u00e1s de St-Pierre, otras superestrellas confirmadas de las artes marciales estar\u00e1n presentes en este evento hist\u00f3rico, como el ex campe\u00f3n de pesos pesados de la UFC, Bas Rutten. Las entradas para este evento ya est\u00e1n a la venta en TuBoleta.com y Uepa Tickets.<\/p>\n\n\n\n<p>Primitivo Cadete<a target=\"_blank\" href=\"mailto:primitivo.cadete@gmail.com\" rel=\"noreferrer noopener\">primitivo.cadete@gmail.com<\/a><\/p>\n","protected":false},"excerpt":{"rendered":"<p>El dominicano Deivis Ferreras protagonizar\u00e1 el combate coestelar de la noche.&nbsp; Los atletas criollos ser\u00e1n protagonistas en una velada de karate profesional de \u00edndole mundial, incluyendo un combate femenino. La Romana, Rep\u00fablica Dominicana.- La promotora global Karate Combat anunci\u00f3 su cartelera mundial n\u00famero 41 de combates de artes marciales bajo la modalidad de karate full-contact, [&hellip;]<\/p>\n","protected":false},"author":28,"featured_media":470011,"comment_status":"closed","ping_status":"","sticky":true,"template":"","format":"standard","meta":{"footnotes":""},"categories":[17,27,32],"tags":[],"class_list":["post-470010","post","type-post","status-publish","format-standard","has-post-thumbnail","hentry","category-deportes","category-portada","category-turismo"],"_links":{"self":[{"href":"https:\/\/diariodominicano.com\/index.php?rest_route=\/wp\/v2\/posts\/470010","targetHints":{"allow":["GET"]}}],"collection":[{"href":"https:\/\/diariodominicano.com\/index.php?rest_route=\/wp\/v2\/posts"}],"about":[{"href":"https:\/\/diariodominicano.com\/index.php?rest_route=\/wp\/v2\/types\/post"}],"author":[{"embeddable":true,"href":"https:\/\/diariodominicano.com\/index.php?rest_route=\/wp\/v2\/users\/28"}],"replies":[{"embeddable":true,"href":"https:\/\/diariodominicano.com\/index.php?rest_route=%2Fwp%2Fv2%2Fcomments&post=470010"}],"version-history":[{"count":4,"href":"https:\/\/diariodominicano.com\/index.php?rest_route=\/wp\/v2\/posts\/470010\/revisions"}],"predecessor-version":[{"id":470019,"href":"https:\/\/diariodominicano.com\/index.php?rest_route=\/wp\/v2\/posts\/470010\/revisions\/470019"}],"wp:featuredmedia":[{"embeddable":true,"href":"https:\/\/diariodominicano.com\/index.php?rest_route=\/wp\/v2\/media\/470011"}],"wp:attachment":[{"href":"https:\/\/diariodominicano.com\/index.php?rest_route=%2Fwp%2Fv2%2Fmedia&parent=470010"}],"wp:term":[{"taxonomy":"category","embeddable":true,"href":"https:\/\/diariodominicano.com\/index.php?rest_route=%2Fwp%2Fv2%2Fcategories&post=470010"},{"taxonomy":"post_tag","embeddable":true,"href":"https:\/\/diariodominicano.com\/index.php?rest_route=%2Fwp%2Fv2%2Ftags&post=470010"}],"curies":[{"name":"wp","href":"https:\/\/api.w.org\/{rel}","templated":true}]}}