{"id":469972,"date":"2023-09-06T21:43:40","date_gmt":"2023-09-07T01:43:40","guid":{"rendered":"http:\/\/diariodominicano.com\/?p=469972"},"modified":"2023-09-06T21:47:08","modified_gmt":"2023-09-07T01:47:08","slug":"el-rally-playero-isuzu-reune-a-mas-de-600-pilotos-nacionales-e-internacionales-en-su-decimoquinta-edicion","status":"publish","type":"post","link":"https:\/\/diariodominicano.com\/?p=469972","title":{"rendered":"El Rally Playero Isuzu\u00a0re\u00fane a\u00a0m\u00e1s de 600 Pilotos Nacionales e Internacionales en su\u00a0decimoquinta edici\u00f3n"},"content":{"rendered":"\n<p><br><strong>Santo Domingo, Rep\u00fablica Dominicana\u00a0<\/strong>&#8211; El esperado Rally Playero Isuzu est\u00e1 de regreso, y este a\u00f1o promete superar todas las expectativas al celebrar su edici\u00f3n n\u00famero quince. Con la participaci\u00f3n de m\u00e1s de 600 pilotos nacionales e internacionales, este evento todoterreno se llevar\u00e1 a cabo los d\u00edas 22, 23 y 24 de septiembre con la impresionante playa de Uvero Alto como lugar de encuentro oficial del evento.<\/p>\n\n\n\n<figure class=\"wp-block-image size-large\"><img loading=\"lazy\" decoding=\"async\" width=\"683\" height=\"1024\" src=\"https:\/\/diariodominicano.com\/wp-content\/uploads\/2023\/09\/IMG-20230731-WA0094-683x1024.jpg\" alt=\"\" class=\"wp-image-469975\" srcset=\"https:\/\/diariodominicano.com\/wp-content\/uploads\/2023\/09\/IMG-20230731-WA0094-683x1024.jpg 683w, https:\/\/diariodominicano.com\/wp-content\/uploads\/2023\/09\/IMG-20230731-WA0094-200x300.jpg 200w, https:\/\/diariodominicano.com\/wp-content\/uploads\/2023\/09\/IMG-20230731-WA0094-768x1152.jpg 768w, https:\/\/diariodominicano.com\/wp-content\/uploads\/2023\/09\/IMG-20230731-WA0094-816x1224.jpg 816w, https:\/\/diariodominicano.com\/wp-content\/uploads\/2023\/09\/IMG-20230731-WA0094.jpg 1000w\" sizes=\"auto, (max-width: 683px) 100vw, 683px\" \/><\/figure>\n\n\n\n<p><br>El Rally Playero Isuzu se ha consolidado como el evento todoterreno por excelencia en el pa\u00eds, y en su edici\u00f3n quince, los organizadores han trabajado arduamente para garantizar una experiencia inolvidable. Los participantes podr\u00e1n disfrutar de un emocionante recorrido que les llevar\u00e1 a trav\u00e9s de paisajes naturales impresionantes, despertando la adrenalina de todos los presentes.<br>Este evento, que tiene como objetivo promover el turismo ecol\u00f3gico y el sano esparcimiento, convoca a entusiastas de todo el mundo en categor\u00edas que incluyen motocicletas, buggies, fourwheel y jeeps. <\/p>\n\n\n\n<figure class=\"wp-block-image size-large\"><img loading=\"lazy\" decoding=\"async\" width=\"682\" height=\"1024\" src=\"https:\/\/diariodominicano.com\/wp-content\/uploads\/2023\/09\/IMG-20230731-WA0062-682x1024.jpg\" alt=\"\" class=\"wp-image-469978\" srcset=\"https:\/\/diariodominicano.com\/wp-content\/uploads\/2023\/09\/IMG-20230731-WA0062-682x1024.jpg 682w, https:\/\/diariodominicano.com\/wp-content\/uploads\/2023\/09\/IMG-20230731-WA0062-200x300.jpg 200w, https:\/\/diariodominicano.com\/wp-content\/uploads\/2023\/09\/IMG-20230731-WA0062-768x1153.jpg 768w, https:\/\/diariodominicano.com\/wp-content\/uploads\/2023\/09\/IMG-20230731-WA0062-1023x1536.jpg 1023w, https:\/\/diariodominicano.com\/wp-content\/uploads\/2023\/09\/IMG-20230731-WA0062-816x1225.jpg 816w, https:\/\/diariodominicano.com\/wp-content\/uploads\/2023\/09\/IMG-20230731-WA0062.jpg 1066w\" sizes=\"auto, (max-width: 682px) 100vw, 682px\" \/><\/figure>\n\n\n\n<figure class=\"wp-block-image size-large\"><img loading=\"lazy\" decoding=\"async\" width=\"683\" height=\"1024\" src=\"https:\/\/diariodominicano.com\/wp-content\/uploads\/2023\/09\/IMG-20230731-WA0090-683x1024.jpg\" alt=\"\" class=\"wp-image-469979\" srcset=\"https:\/\/diariodominicano.com\/wp-content\/uploads\/2023\/09\/IMG-20230731-WA0090-683x1024.jpg 683w, https:\/\/diariodominicano.com\/wp-content\/uploads\/2023\/09\/IMG-20230731-WA0090-200x300.jpg 200w, https:\/\/diariodominicano.com\/wp-content\/uploads\/2023\/09\/IMG-20230731-WA0090-768x1152.jpg 768w, https:\/\/diariodominicano.com\/wp-content\/uploads\/2023\/09\/IMG-20230731-WA0090-816x1224.jpg 816w, https:\/\/diariodominicano.com\/wp-content\/uploads\/2023\/09\/IMG-20230731-WA0090.jpg 1000w\" sizes=\"auto, (max-width: 683px) 100vw, 683px\" \/><\/figure>\n\n\n\n<p>El Rally Playero Isuzu es un compromiso con la pasi\u00f3n por los veh\u00edculos todoterreno y la exploraci\u00f3n de la belleza natural de la Rep\u00fablica Dominicana.<br>La marca de lubricantes y aditivos reconocida a nivel mundial; Motul se enorgullecen de presentar este emocionante evento, que adem\u00e1s de las emocionantes competencias y rutas, ofrecer\u00e1 a los participantes y asistentes un concierto en la playa del Live Aqua Resort el s\u00e1bado 23 de septiembre. Los asistentes tendr\u00e1n la oportunidad de disfrutar de la m\u00fasica de Magic Juan y Chiquito Team Band en un ambiente espectacular junto al mar.<br>\u00abEl Rally Playero Isuzu es un hito en el calendario de eventos todoterreno y estamos emocionados de celebrar nuestra edici\u00f3n n\u00famero quince. Esperamos dar la bienvenida a pilotos nacionales e internacionales, as\u00ed como a todos los amantes de la aventura y la naturaleza. Este a\u00f1o promete ser inolvidable\u00bb, declar\u00f3 el equipo organizador.<br>El Rally Playero Isuzu es una oportunidad \u00fanica para vivir la emoci\u00f3n de la competencia todoterreno y experimentar la belleza natural de la Rep\u00fablica Dominicana. Los organizadores esperan recibir a miles de visitantes en Uvero Alto para celebrar este evento hist\u00f3rico.<br>Para obtener m\u00e1s informaci\u00f3n sobre el Rally Playero Isuzu y detalles sobre la inscripci\u00f3n y el programa de actividades, visite nuestro sitio web oficial <\/p>\n\n\n\n<p>en\u00a0<a rel=\"noreferrer noopener\" href=\"http:\/\/www.rallyplayero.com\/\" target=\"_blank\">www.rallyplayero.com<\/a><\/p>\n\n\n\n<p>Alfredo Garc\u00eda<a target=\"_blank\" href=\"mailto:alfredogarcia002@gmail.com\" rel=\"noreferrer noopener\">alfredogarcia002@gmail.com<\/a><\/p>\n","protected":false},"excerpt":{"rendered":"<p>Santo Domingo, Rep\u00fablica Dominicana\u00a0&#8211; El esperado Rally Playero Isuzu est\u00e1 de regreso, y este a\u00f1o promete superar todas las expectativas al celebrar su edici\u00f3n n\u00famero quince. Con la participaci\u00f3n de m\u00e1s de 600 pilotos nacionales e internacionales, este evento todoterreno se llevar\u00e1 a cabo los d\u00edas 22, 23 y 24 de septiembre con la impresionante [&hellip;]<\/p>\n","protected":false},"author":28,"featured_media":469973,"comment_status":"closed","ping_status":"","sticky":true,"template":"","format":"standard","meta":{"footnotes":""},"categories":[17,27,32],"tags":[],"class_list":["post-469972","post","type-post","status-publish","format-standard","has-post-thumbnail","hentry","category-deportes","category-portada","category-turismo"],"_links":{"self":[{"href":"https:\/\/diariodominicano.com\/index.php?rest_route=\/wp\/v2\/posts\/469972","targetHints":{"allow":["GET"]}}],"collection":[{"href":"https:\/\/diariodominicano.com\/index.php?rest_route=\/wp\/v2\/posts"}],"about":[{"href":"https:\/\/diariodominicano.com\/index.php?rest_route=\/wp\/v2\/types\/post"}],"author":[{"embeddable":true,"href":"https:\/\/diariodominicano.com\/index.php?rest_route=\/wp\/v2\/users\/28"}],"replies":[{"embeddable":true,"href":"https:\/\/diariodominicano.com\/index.php?rest_route=%2Fwp%2Fv2%2Fcomments&post=469972"}],"version-history":[{"count":5,"href":"https:\/\/diariodominicano.com\/index.php?rest_route=\/wp\/v2\/posts\/469972\/revisions"}],"predecessor-version":[{"id":469981,"href":"https:\/\/diariodominicano.com\/index.php?rest_route=\/wp\/v2\/posts\/469972\/revisions\/469981"}],"wp:featuredmedia":[{"embeddable":true,"href":"https:\/\/diariodominicano.com\/index.php?rest_route=\/wp\/v2\/media\/469973"}],"wp:attachment":[{"href":"https:\/\/diariodominicano.com\/index.php?rest_route=%2Fwp%2Fv2%2Fmedia&parent=469972"}],"wp:term":[{"taxonomy":"category","embeddable":true,"href":"https:\/\/diariodominicano.com\/index.php?rest_route=%2Fwp%2Fv2%2Fcategories&post=469972"},{"taxonomy":"post_tag","embeddable":true,"href":"https:\/\/diariodominicano.com\/index.php?rest_route=%2Fwp%2Fv2%2Ftags&post=469972"}],"curies":[{"name":"wp","href":"https:\/\/api.w.org\/{rel}","templated":true}]}}