{"id":469698,"date":"2023-09-05T22:18:50","date_gmt":"2023-09-06T02:18:50","guid":{"rendered":"http:\/\/diariodominicano.com\/?p=469698"},"modified":"2023-09-05T22:18:50","modified_gmt":"2023-09-06T02:18:50","slug":"heinz-morschel-necesitamos-ganar-y-esperamos-que-mucha-gente-venga","status":"publish","type":"post","link":"https:\/\/diariodominicano.com\/?p=469698","title":{"rendered":"Heinz Morschel: \u201cNecesitamos ganar y esperamos que mucha gente venga\u201d"},"content":{"rendered":"\n<p> El jugador Heinz Morschel.\u00a0 <\/p>\n\n\n\n<p>SANTO DOMINGO, RD.- La Sedof\u00fatbol entren\u00f3 este martes por la tarde en el Estadio Ol\u00edmpico F\u00e9lix S\u00e1nchez de Santo Domingo, lo que fue su primera sesi\u00f3n de trabajo con los 23 jugadores convocados por el profe Marcelo Neveleff para enfrentar a Nicaragua el viernes 8 y Montserrat el lunes 11 de septiembre en el comienzo de la Liga de Naciones de Concacaf 2023-2024.<\/p>\n\n\n\n<p>Ambos encuentros ser\u00e1n en el Estadio Ol\u00edmpico F\u00e9lix S\u00e1nchez de Santo Domingo a partir de las 7:00 de la noche.<\/p>\n\n\n\n<p>El elenco patrio se entren\u00f3 con mucho optimismo y en un entorno de mucha armon\u00eda pensando en su primer rival y en regalarle la primera alegr\u00eda a la gente que los acompa\u00f1ar\u00e1 el viernes.<\/p>\n\n\n\n<p>Heinz Morschel, mediocampista del Ujpest FC de Hungr\u00eda y quien est\u00e1 en su primera convocatoria con la selecci\u00f3n nacional expres\u00f3: \u201cEstoy muy contento de estar aqu\u00ed, el viaje estuvo bueno y la gente me ha recibido muy bien. Espero que tengamos mucho \u00e9xito y que podamos obtener los seis puntos\u201d.<\/p>\n\n\n\n<p>Se\u00f1al\u00f3 que \u201cpienso que Nicaragua tiene muy buenos jugadores, son un equipo fuerte y por eso pienso que va a ser un juego interesante, y al final espero que podamos sacar los tres puntos\u201d.<\/p>\n\n\n\n<p>a\u00f1adi\u00f3 que \u201clos esperamos el viernes porque necesitamos el apoyo de ustedes, necesitamos ganar y esperamos que mucha gente venga\u201d.&nbsp;<\/p>\n\n\n\n<p>El equipo nacional continuar\u00e1 sus entrenamientos este mi\u00e9rcoles y jueves.<\/p>\n\n\n\n<p>Las boletas para el partido tienen un costo de 200 pesos dominicanos y est\u00e1n a la venta en TodoticketsRD.com y en las taquillas del estadio los d\u00edas de juego.<\/p>\n\n\n\n<p>Fedofutbol Prensa<a target=\"_blank\" href=\"mailto:fedofutbolprensa2019@gmail.com\" rel=\"noreferrer noopener\">fedofutbolprensa2019@gmail.co<\/a><\/p>\n","protected":false},"excerpt":{"rendered":"<p>El jugador Heinz Morschel.\u00a0 SANTO DOMINGO, RD.- La Sedof\u00fatbol entren\u00f3 este martes por la tarde en el Estadio Ol\u00edmpico F\u00e9lix S\u00e1nchez de Santo Domingo, lo que fue su primera sesi\u00f3n de trabajo con los 23 jugadores convocados por el profe Marcelo Neveleff para enfrentar a Nicaragua el viernes 8 y Montserrat el lunes 11 de [&hellip;]<\/p>\n","protected":false},"author":28,"featured_media":469700,"comment_status":"closed","ping_status":"","sticky":true,"template":"","format":"standard","meta":{"footnotes":""},"categories":[17,27,32],"tags":[],"class_list":["post-469698","post","type-post","status-publish","format-standard","has-post-thumbnail","hentry","category-deportes","category-portada","category-turismo"],"_links":{"self":[{"href":"https:\/\/diariodominicano.com\/index.php?rest_route=\/wp\/v2\/posts\/469698","targetHints":{"allow":["GET"]}}],"collection":[{"href":"https:\/\/diariodominicano.com\/index.php?rest_route=\/wp\/v2\/posts"}],"about":[{"href":"https:\/\/diariodominicano.com\/index.php?rest_route=\/wp\/v2\/types\/post"}],"author":[{"embeddable":true,"href":"https:\/\/diariodominicano.com\/index.php?rest_route=\/wp\/v2\/users\/28"}],"replies":[{"embeddable":true,"href":"https:\/\/diariodominicano.com\/index.php?rest_route=%2Fwp%2Fv2%2Fcomments&post=469698"}],"version-history":[{"count":1,"href":"https:\/\/diariodominicano.com\/index.php?rest_route=\/wp\/v2\/posts\/469698\/revisions"}],"predecessor-version":[{"id":469702,"href":"https:\/\/diariodominicano.com\/index.php?rest_route=\/wp\/v2\/posts\/469698\/revisions\/469702"}],"wp:featuredmedia":[{"embeddable":true,"href":"https:\/\/diariodominicano.com\/index.php?rest_route=\/wp\/v2\/media\/469700"}],"wp:attachment":[{"href":"https:\/\/diariodominicano.com\/index.php?rest_route=%2Fwp%2Fv2%2Fmedia&parent=469698"}],"wp:term":[{"taxonomy":"category","embeddable":true,"href":"https:\/\/diariodominicano.com\/index.php?rest_route=%2Fwp%2Fv2%2Fcategories&post=469698"},{"taxonomy":"post_tag","embeddable":true,"href":"https:\/\/diariodominicano.com\/index.php?rest_route=%2Fwp%2Fv2%2Ftags&post=469698"}],"curies":[{"name":"wp","href":"https:\/\/api.w.org\/{rel}","templated":true}]}}