{"id":469674,"date":"2023-09-05T21:42:15","date_gmt":"2023-09-06T01:42:15","guid":{"rendered":"http:\/\/diariodominicano.com\/?p=469674"},"modified":"2023-09-05T21:47:25","modified_gmt":"2023-09-06T01:47:25","slug":"premios-a-la-moda-dominicana-2023-anuncia-los-nominados-de-esta-segunda-edicion","status":"publish","type":"post","link":"https:\/\/diariodominicano.com\/?p=469674","title":{"rendered":"Premios a la Moda Dominicana 2023 Anuncia los nominados de esta segunda edici\u00f3n"},"content":{"rendered":"\n<p> Reading Pantale\u00f3n<\/p>\n\n\n\n<figure class=\"wp-block-image size-large\"><img loading=\"lazy\" decoding=\"async\" width=\"1024\" height=\"1024\" src=\"https:\/\/diariodominicano.com\/wp-content\/uploads\/2023\/09\/Monica-Mendoza-1024x1024.jpeg\" alt=\"\" class=\"wp-image-469677\" srcset=\"https:\/\/diariodominicano.com\/wp-content\/uploads\/2023\/09\/Monica-Mendoza-1024x1024.jpeg 1024w, https:\/\/diariodominicano.com\/wp-content\/uploads\/2023\/09\/Monica-Mendoza-300x300.jpeg 300w, https:\/\/diariodominicano.com\/wp-content\/uploads\/2023\/09\/Monica-Mendoza-150x150.jpeg 150w, https:\/\/diariodominicano.com\/wp-content\/uploads\/2023\/09\/Monica-Mendoza-768x768.jpeg 768w, https:\/\/diariodominicano.com\/wp-content\/uploads\/2023\/09\/Monica-Mendoza-1536x1536.jpeg 1536w, https:\/\/diariodominicano.com\/wp-content\/uploads\/2023\/09\/Monica-Mendoza-2048x2048.jpeg 2048w, https:\/\/diariodominicano.com\/wp-content\/uploads\/2023\/09\/Monica-Mendoza-88x88.jpeg 88w, https:\/\/diariodominicano.com\/wp-content\/uploads\/2023\/09\/Monica-Mendoza-816x816.jpeg 816w\" sizes=\"auto, (max-width: 1024px) 100vw, 1024px\" \/><figcaption>  M\u00f3nica Mendoza<\/figcaption><\/figure>\n\n\n\n<figure class=\"wp-block-image size-large\"><img loading=\"lazy\" decoding=\"async\" width=\"1024\" height=\"1024\" src=\"https:\/\/diariodominicano.com\/wp-content\/uploads\/2023\/09\/Marisol-Henriquez-1024x1024.jpeg\" alt=\"\" class=\"wp-image-469680\" srcset=\"https:\/\/diariodominicano.com\/wp-content\/uploads\/2023\/09\/Marisol-Henriquez-1024x1024.jpeg 1024w, https:\/\/diariodominicano.com\/wp-content\/uploads\/2023\/09\/Marisol-Henriquez-300x300.jpeg 300w, https:\/\/diariodominicano.com\/wp-content\/uploads\/2023\/09\/Marisol-Henriquez-150x150.jpeg 150w, https:\/\/diariodominicano.com\/wp-content\/uploads\/2023\/09\/Marisol-Henriquez-768x768.jpeg 768w, https:\/\/diariodominicano.com\/wp-content\/uploads\/2023\/09\/Marisol-Henriquez-1536x1536.jpeg 1536w, https:\/\/diariodominicano.com\/wp-content\/uploads\/2023\/09\/Marisol-Henriquez-2048x2048.jpeg 2048w, https:\/\/diariodominicano.com\/wp-content\/uploads\/2023\/09\/Marisol-Henriquez-88x88.jpeg 88w, https:\/\/diariodominicano.com\/wp-content\/uploads\/2023\/09\/Marisol-Henriquez-816x816.jpeg 816w\" sizes=\"auto, (max-width: 1024px) 100vw, 1024px\" \/><figcaption> Marisol Henr\u00edquez  <\/figcaption><\/figure>\n\n\n\n<p>se realizar\u00e1 el 21 de septiembre en el Teatro la Fiesta Hotel Jaragua a las. 8:00 pm. Promete ser un evento memorable donde se reconocer\u00e1n a&nbsp;Reading Pantale\u00f3n, M\u00f3nica Mendoza, Marisol Henr\u00edquez, Helen Blandino, Tita Hasb\u00fan, Cherny Reyes, Nery D\u00edaz y Farah Cabrera<\/p>\n\n\n\n<p><strong>SANTO DOMINGO.-<\/strong>Para celebrar y promover lo mejor del talento de nuestro pa\u00eds en el maravilloso mundo de la moda y el dise\u00f1o, Premios a la Moda Dominicana (PMD), anuncia los nominados en su segunda edici\u00f3n, que se realizar\u00e1 el 21 de septiembre en el Teatro la Fiesta Hotel Jaragua a las. 8:00 pm.<\/p>\n\n\n\n<figure class=\"wp-block-image size-large\"><img loading=\"lazy\" decoding=\"async\" width=\"1024\" height=\"1024\" src=\"https:\/\/diariodominicano.com\/wp-content\/uploads\/2023\/09\/Tita-Hasbun-1024x1024.jpeg\" alt=\"\" class=\"wp-image-469681\" srcset=\"https:\/\/diariodominicano.com\/wp-content\/uploads\/2023\/09\/Tita-Hasbun-1024x1024.jpeg 1024w, https:\/\/diariodominicano.com\/wp-content\/uploads\/2023\/09\/Tita-Hasbun-300x300.jpeg 300w, https:\/\/diariodominicano.com\/wp-content\/uploads\/2023\/09\/Tita-Hasbun-150x150.jpeg 150w, https:\/\/diariodominicano.com\/wp-content\/uploads\/2023\/09\/Tita-Hasbun-768x768.jpeg 768w, https:\/\/diariodominicano.com\/wp-content\/uploads\/2023\/09\/Tita-Hasbun-1536x1536.jpeg 1536w, https:\/\/diariodominicano.com\/wp-content\/uploads\/2023\/09\/Tita-Hasbun-2048x2048.jpeg 2048w, https:\/\/diariodominicano.com\/wp-content\/uploads\/2023\/09\/Tita-Hasbun-88x88.jpeg 88w, https:\/\/diariodominicano.com\/wp-content\/uploads\/2023\/09\/Tita-Hasbun-816x816.jpeg 816w\" sizes=\"auto, (max-width: 1024px) 100vw, 1024px\" \/><figcaption>Tita Hasb\u00fan<\/figcaption><\/figure>\n\n\n\n<p>En esta segunda edici\u00f3n ser\u00e1n reconocidos Reading Pantale\u00f3n, asesor de imagen, celebrity y fashion stylist;&nbsp; M\u00f3nica Mendoza, maestra y artista del maquillaje; Marisol Henr\u00edquez, prestigiosa dise\u00f1adora dominicana; Helen Blandino, un referente de moda que ser\u00e1&nbsp; reconocida como \u201cIcono de la Moda;&nbsp;<a>Tita Hasb\u00fan<\/a>, comunicadora, publicista y entrepeneur;&nbsp; Cherny Reyes, periodista, publirrelacionista, docente, cr\u00edtico y analista de tendencias;&nbsp;<a>Nery D\u00edaz,&nbsp;<\/a>creadora de Gatsby Dominicana y asesora de reinas de belleza, y Farah Cabrera, una leyenda en el dise\u00f1o nacional.<\/p>\n\n\n\n<p>Con este premio se reconocer\u00e1 a los m\u00e1s destacados en las diferentes ramas que se involucran en la industria de la moda, adem\u00e1s es un galard\u00f3n que busca estimular el crecimiento de la industria en la Rep\u00fablica Dominicana.<\/p>\n\n\n\n<p>Stalin Victoria, Ceo de Premios a la Moda Dominicana, inform\u00f3 que esta segunda versi\u00f3n incluye cinco nuevos renglones como son: eventos, colectiva o desfile de moda, dise\u00f1ador de trajes de ba\u00f1o, colecci\u00f3n de moda masculina, dise\u00f1ador extranjero destacado en RD y espacio de moda en radio o televisi\u00f3n.<\/p>\n\n\n\n<p>\u201cSer\u00e1 una gran fiesta donde aplaudiremos a los mejores exponentes de la moda, la confecci\u00f3n y la pasarela dominicana\u201d, se\u00f1al\u00f3 Victoria.<\/p>\n\n\n\n<p>Premios a la Moda Dominicana reconoce a cada uno de los trabajadores en las diversas \u00e1reas que abarca esta industria, tales como dise\u00f1adores, modelos, estilistas, maquilladores y peluqueros.<\/p>\n\n\n\n<p>As\u00ed como fot\u00f3grafos, escuelas de modelos, agencias y cazatalentos, fot\u00f3grafos especializados, semanas de la moda, colecciones, y todos los que aportan a enaltecer la moda en todos sus aspectos.<\/p>\n\n\n\n<p>Esta segunda entrega cuenta con un jurado que se encarg\u00f3 de evaluar con alto criterio y sentido a cada uno de los nominados como Francisco Sanch\u00eds, Selin\u00e9e M\u00e9ndez, Anny Abatte, Juan Tom\u00e1s, Iv\u00e1n Balc\u00e1cer, Elis Mesa y Adolfo Lucero.<\/p>\n\n\n\n<p><strong>Renglones y nominados PMD 2023<\/strong><\/p>\n\n\n\n<p>En el rengl\u00f3n Fot\u00f3grafo de Moda est\u00e1n Yael Duval, Eury Ricardo, Fernando y V\u00edctor, Hairo Rojas, Eduardo Javier; mientras que en Revista de Moda las figuran A la moda, La Boca Mag, Pandora, Shine Magazine, Oh Magazine; en el rengl\u00f3n de Blog de moda\/ Influencer est\u00e1n Valery Celeste, Glency Feliz, Marielle Araujo, Daniela Von Barkhausen, Arlin Rodr\u00edguez y Deborah Karter.<\/p>\n\n\n\n<p>En ese mismo orden, las nominadas para Periodista de Moda est\u00e1n: Airam Toribio, Pandora; Marielle Araujo, El D\u00eda y Club de la Moda; Gina L\u00f3pez, Peri\u00f3dico hoy; Patricia Acosta, A la Moda, y Marcelle Cordero, Pandora.<\/p>\n\n\n\n<p>En el rengl\u00f3n Escuela de Modelos los nominados son: DBA, Prestige, Agnes Model, Portafolio, Titanext Models y Gatsby Dominicana.<\/p>\n\n\n\n<p>En Agencia de Modelos figuran: Ossygeno Model Management, Perkins Model Management, Nefer Model Management, Yves Models Management y Luis Menieur Management.<\/p>\n\n\n\n<p>Mientras que los candidatos a Modelo Masculino lo integran Karamba S\u00e1nchez, Rafael Mieses, Daniel Morel, Cristian Patricio y Franddy Burgos Santana; y como Modelo Femenino est\u00e1n Hiandra Mart\u00ednez, Lina Cruz, Laura reyes, Manuela S\u00e1nchez, Lineysi Montero y Valeria conde.<\/p>\n\n\n\n<p>En el \u00e1rea de Maquillador lo integran Eliotte Casimiro, Avis V\u00e1zquez, Andrews Salda\u00f1a y Bryan Su; mientras en el rengl\u00f3n Estilista est\u00e1n Joselo Franjul, Miguel Est\u00e9vez, Enyer D\u00edaz, Eddy G\u00f3mez, Jozuary J y Eddy Santiago.<\/p>\n\n\n\n<p>&nbsp;De igual manera, los seleccionados para Dise\u00f1ador de Trajes de Novia son Melkys D\u00edaz, Luis Dom\u00ednguez, Michel Reynoso, Laura Garc\u00eda Bridal y Carolina Khoury.<\/p>\n\n\n\n<p>En Dise\u00f1ador Moda de Fantas\u00eda est\u00e1n Luis Rivas, Alex Savi\u00f1\u00f3n, El\u00edas Guzm\u00e1n y Daniel de la Cruz; y en Dise\u00f1ador Destacado en el Extranjero los nominados son Gianina Azar, Ra\u00fal L\u00f3pez, V\u00edctor L\u00f3pez e Hip\u00f3lito Pollantis.<\/p>\n\n\n\n<p>En Colecci\u00f3n Femenina est\u00e1n Isla Di Capri por Gianina Azar; Peskisia Miguel Genao, Jusef S\u00e1nchez 2023\/2024, Solano por Leonel Lirio, Et\u00e9rea de Eddy Rambaldy y Magie Noire por Sixto Nolazco.<\/p>\n\n\n\n<p>En Moda Infantil lo integran Adolfina Lluberes, Dikahira Bautista, Angie Polanco y Rayuela Kids; en Joyas y Accesorios est\u00e1n Sissy Berm\u00fadez, Rosa de Cristal, M\u00f3nica Varela, Laura Tosato, Gissel Manceboy Nashira Arn\u00f3 Studio; y en Moda Sostenible Mabell Damir\u00f3n, Mildred Veras, Carolina Almonte, Karla Dipuglia Tiempo de zafra y Luis Rivas.<\/p>\n\n\n\n<p>En ese mismo orden, en Dise\u00f1ador Emergente los nominados son Alonso\u2019s, Abigail Silverio, Suzelle&nbsp;<strong>Ta<\/strong>veras, Anna Redman Pablo y Bernardino G\u00f3mez.<\/p>\n\n\n\n<p>Para Semana de la Moda est\u00e1n RDFW, PCMFW, SMFWy Pop FW; en Chacabanas Tony Boga, Fara\u00f3n,&nbsp;Hipp\u00f3lito Pe\u00f1a, Cristian Lagares, Arcadio D\u00edaz,&nbsp;David Atelier; para Dise\u00f1ador Masculino Robert Flores, Wilson Alcequiez, Jos\u00e9 Jhan Calpo, Manuel Febrillet Starlin de Holma y Noel Newman.<\/p>\n\n\n\n<p>En Dise\u00f1ador Femenino Cristian Lagares (hijo), Gianina Azar, Joel Reyes, Mayle V\u00e1zquez, Rafael Rivero, Miguel Genao, Jusef S\u00e1nchez y Carolina Sanz; para Colecci\u00f3n de Moda Masculina Gorgeous por Robert Flores; Colecci\u00f3n Sublime por Calpo; Star Suits por Starling de Holma, y Materia por Manuel Febrillet.<\/p>\n\n\n\n<p>Para Trajes de Ba\u00f1o los nominados son Summer Forever, Carolina Soc\u00edas, Ozeano Swingwere, Sol Dulce y Salitre.<\/p>\n\n\n\n<p>En Espacio de Radio \/ TV est\u00e1n Club de la Moda, Mujeres al Borde, Arte y Medio y Noche de Luz.<\/p>\n\n\n\n<p>Para Desfiles\/ Eventos de Moda lo integran Festival del Cerezo, Fashion Freak, Bendita Naturaleza Fashion, Experience, Titanetx, Benefit Event, Bodas de revista A la Moda, Retrospectiva 2022 Moda Jumbo.<\/p>\n\n\n\n<p>La categor\u00eda n\u00famero 29 es Marca de Moda Dominicana, teniendo como nominado a\u00a0Camila, Blue Contry, Jenny Polanco, Distrito 79, Isla Bendita, Arnaldos e Isla &amp; white.<\/p>\n\n\n\n<p>Henry Coradin<a target=\"_blank\" href=\"mailto:henrycoradinrelacionespublicas@gmail.com\" rel=\"noreferrer noopener\">henrycoradinrelacionespublicas@gmail.com<\/a><\/p>\n","protected":false},"excerpt":{"rendered":"<p>Reading Pantale\u00f3n se realizar\u00e1 el 21 de septiembre en el Teatro la Fiesta Hotel Jaragua a las. 8:00 pm. Promete ser un evento memorable donde se reconocer\u00e1n a&nbsp;Reading Pantale\u00f3n, M\u00f3nica Mendoza, Marisol Henr\u00edquez, Helen Blandino, Tita Hasb\u00fan, Cherny Reyes, Nery D\u00edaz y Farah Cabrera SANTO DOMINGO.-Para celebrar y promover lo mejor del talento de nuestro [&hellip;]<\/p>\n","protected":false},"author":28,"featured_media":469675,"comment_status":"closed","ping_status":"","sticky":true,"template":"","format":"standard","meta":{"footnotes":""},"categories":[36,25,27,32],"tags":[],"class_list":["post-469674","post","type-post","status-publish","format-standard","has-post-thumbnail","hentry","category-hombresmujeresycosas","category-gente","category-portada","category-turismo"],"_links":{"self":[{"href":"https:\/\/diariodominicano.com\/index.php?rest_route=\/wp\/v2\/posts\/469674","targetHints":{"allow":["GET"]}}],"collection":[{"href":"https:\/\/diariodominicano.com\/index.php?rest_route=\/wp\/v2\/posts"}],"about":[{"href":"https:\/\/diariodominicano.com\/index.php?rest_route=\/wp\/v2\/types\/post"}],"author":[{"embeddable":true,"href":"https:\/\/diariodominicano.com\/index.php?rest_route=\/wp\/v2\/users\/28"}],"replies":[{"embeddable":true,"href":"https:\/\/diariodominicano.com\/index.php?rest_route=%2Fwp%2Fv2%2Fcomments&post=469674"}],"version-history":[{"count":5,"href":"https:\/\/diariodominicano.com\/index.php?rest_route=\/wp\/v2\/posts\/469674\/revisions"}],"predecessor-version":[{"id":469683,"href":"https:\/\/diariodominicano.com\/index.php?rest_route=\/wp\/v2\/posts\/469674\/revisions\/469683"}],"wp:featuredmedia":[{"embeddable":true,"href":"https:\/\/diariodominicano.com\/index.php?rest_route=\/wp\/v2\/media\/469675"}],"wp:attachment":[{"href":"https:\/\/diariodominicano.com\/index.php?rest_route=%2Fwp%2Fv2%2Fmedia&parent=469674"}],"wp:term":[{"taxonomy":"category","embeddable":true,"href":"https:\/\/diariodominicano.com\/index.php?rest_route=%2Fwp%2Fv2%2Fcategories&post=469674"},{"taxonomy":"post_tag","embeddable":true,"href":"https:\/\/diariodominicano.com\/index.php?rest_route=%2Fwp%2Fv2%2Ftags&post=469674"}],"curies":[{"name":"wp","href":"https:\/\/api.w.org\/{rel}","templated":true}]}}