{"id":469670,"date":"2023-09-05T21:34:38","date_gmt":"2023-09-06T01:34:38","guid":{"rendered":"http:\/\/diariodominicano.com\/?p=469670"},"modified":"2023-09-05T21:34:38","modified_gmt":"2023-09-06T01:34:38","slug":"dgspc-informa-prepara-a-privados-de-libertad-adultos-mayores-y-a-sus-familiares-para-traslado-desde-centro-de-boca-chica-a-batey-bienvenido-en-manoguayabo","status":"publish","type":"post","link":"https:\/\/diariodominicano.com\/?p=469670","title":{"rendered":"DGSPC informa prepara a privados de libertad adultos mayores y a sus familiares para traslado desde centro de Boca Chica a Batey Bienvenido, en Manoguayabo"},"content":{"rendered":"\n<p>SANTO DOMINGO, Rep\u00fablica Dominicana.- Miembros de la Direcci\u00f3n General de Servicios Penitenciarios y Correccionales (DGSPC) y de diferentes iglesias realizaron una asamblea con la participaci\u00f3n de los\u00a0 internos del Centro de Adultos Mayores de Boca Chica y sus familiares para prepararlos con la orientaci\u00f3n necesaria sobre la importancia del traslado de recinto de los privados de libertad para ofrecerles mejores condiciones en el cumplimiento de la prisi\u00f3n, explic\u00f3 a trav\u00e9s de un comunicado de prensa la  DGSPC).<\/p>\n\n\n\n<figure class=\"wp-block-image size-large\"><img loading=\"lazy\" decoding=\"async\" width=\"1024\" height=\"768\" src=\"https:\/\/diariodominicano.com\/wp-content\/uploads\/2023\/09\/IMG-20230902-WA0078-1-1024x768.jpg\" alt=\"\" class=\"wp-image-469672\" srcset=\"https:\/\/diariodominicano.com\/wp-content\/uploads\/2023\/09\/IMG-20230902-WA0078-1-1024x768.jpg 1024w, https:\/\/diariodominicano.com\/wp-content\/uploads\/2023\/09\/IMG-20230902-WA0078-1-300x225.jpg 300w, https:\/\/diariodominicano.com\/wp-content\/uploads\/2023\/09\/IMG-20230902-WA0078-1-768x576.jpg 768w, https:\/\/diariodominicano.com\/wp-content\/uploads\/2023\/09\/IMG-20230902-WA0078-1-816x612.jpg 816w, https:\/\/diariodominicano.com\/wp-content\/uploads\/2023\/09\/IMG-20230902-WA0078-1.jpg 1280w\" sizes=\"auto, (max-width: 1024px) 100vw, 1024px\" \/><figcaption> El equipo estuvo integrado por Elizabeth Luciano, encargada del Departamento de Asistencia Social, y Juan Pablo Mesa Contreras, psic\u00f3logo cl\u00ednico, del Departamento de Salud Mental <\/figcaption><\/figure>\n\n\n\n<p>Especialistas de Asistencia Social de la conducta humana de la DGSPC junto a los religiosos participaron en el encuentro donde se abordaron diferentes aspectos relativos al traslado de los internos desde el citado recinto penitenciario de Boca Chica al Centro de Privaci\u00f3n de Libertad CAPLIP-IV, de Batey Bienvenido, sector Manoguayabo, en Santo Domingo Oeste.<\/p>\n\n\n\n<p>El equipo estuvo integrado por Elizabeth Luciano, encargada del Departamento de Asistencia Social, y Juan Pablo Mesa Contreras, psic\u00f3logo cl\u00ednico, del Departamento de Salud Mental de la Subdirecci\u00f3n de Asistencia y Tratamiento de la DGSPC;&nbsp; Amado Cabrera Garc\u00eda, supervisor regional, Fray Wagner Familia, y Pedro Berig\u00fcete, de la Pastoral Penitenciaria; el pastor Sandor Gabriel Estrella, y&nbsp; la pastora Wendy Polanco, del Ministerio \u00abUna Luz en el Camino\u201d.<\/p>\n\n\n\n<p>Estos descendieron hasta el centro que alberga a los privados de libertad adultos mayores y reunidos en asamblea con sus familiares y allegados, les explicaron las ventajas del traslado.<\/p>\n\n\n\n<p>En la charla de sensibilizaci\u00f3n que fue impartida por los especialistas se les inform\u00f3 a los adultos mayores que guardan prisi\u00f3n en Boca Chica, que en el Centro de Atenci\u00f3n para Privados de Libertad Provisional (CAPLIP) IV, de Batey Bienvenido, guardar\u00e1n prisi\u00f3n en un ambiente propicio para su condici\u00f3n de adultos mayores.<\/p>\n\n\n\n<p>Les explicaron que dentro de los beneficios que tendr\u00e1n est\u00e1n mejores instalaciones f\u00edsicas, salones para educaci\u00f3n, biblioteca, servicios jur\u00eddicos, visitas conyugales, los servicios de un equipo multidisciplinario y de salud 24 horas, economato y cafeter\u00eda.<\/p>\n\n\n\n<p>Tambi\u00e9n, los adultos mayores privados de libertad tendr\u00e1n facilidades para visitas familiares, espacios para el desarrollo de terapias ocupacionales, como el programa de huertos, as\u00ed como espacios para la recreaci\u00f3n y la realizaci\u00f3n de actividades deportivas.<\/p>\n\n\n\n<p>La asamblea familiar es una actividad que forma parte del cronograma previo al traslado de los internos que guardan prisi\u00f3n en el centro de Boca Chica hacia el CAPLILP-IV de Batey Bienvenido.<\/p>\n\n\n\n<p>En la misma participaron cuarenta y tres (43) privados de libertad que aloja ese centro, y treinta y tres (33) familiares de estos, a quienes los funcionarios de la Direcci\u00f3n General de Servicios Penitenciarios y Correccionales escuch\u00f3 atentamente y dio respuesta a sus inquietudes.<\/p>\n\n\n\n<p>Los adultos mayores que ser\u00e1n trasladados fueron llevados de manera provisional hasta la base naval de Boca Chica en tiempos de la pandemia de la Covid-19 para evitar que se contagiaran de la enfermedad.<\/p>\n\n\n\n<p>El Centro de Atenci\u00f3n y Privaci\u00f3n de Libertad Provisional (CAPILP-IV) de Batey Bienvenido fue inaugurado recientemente por la Direcci\u00f3n General de Servicios Penitenciarios y Correccionales luego de su readecuaci\u00f3n, que incluy\u00f3 espacios adecuados para el traslado de los adultos mayores que guardan prisi\u00f3n en la base naval del municipio Boca Chica.<\/p>\n\n\n\n<p>El movimiento de los internos hasta Batey Bienvenido se debe a la solicitud por parte de las autoridades de la entrega de los alojamientos que albergan actualmente a esta poblaci\u00f3n, lo que representa una oportunidad para mejorar las condiciones de reclusi\u00f3n de estos privados de libertad que, por ser adultos mayores, son vulnerables.\u00a0<\/p>\n\n\n\n<p>Comunicaciones Prensa PGR<a target=\"_blank\" href=\"mailto:comunicaciones@pgr.gob.do\" rel=\"noreferrer noopener\">comunicaciones@pgr.gob.do<\/a><\/p>\n\n\n\n<p><strong>Direcci\u00f3n General de Comunicaci\u00f3n, Prensa, y RRPP<\/strong><strong><\/strong><\/p>\n\n\n\n<p>Ministerio P\u00fablico.&nbsp;R.D.<\/p>\n\n\n\n<p>Martes, 5 de septiembre de 2023.<\/p>\n","protected":false},"excerpt":{"rendered":"<p>SANTO DOMINGO, Rep\u00fablica Dominicana.- Miembros de la Direcci\u00f3n General de Servicios Penitenciarios y Correccionales (DGSPC) y de diferentes iglesias realizaron una asamblea con la participaci\u00f3n de los\u00a0 internos del Centro de Adultos Mayores de Boca Chica y sus familiares para prepararlos con la orientaci\u00f3n necesaria sobre la importancia del traslado de recinto de los privados [&hellip;]<\/p>\n","protected":false},"author":28,"featured_media":469671,"comment_status":"closed","ping_status":"","sticky":true,"template":"","format":"standard","meta":{"footnotes":""},"categories":[24,29,27],"tags":[],"class_list":["post-469670","post","type-post","status-publish","format-standard","has-post-thumbnail","hentry","category-justicia-y-derecho","category-policiasucesos","category-portada"],"_links":{"self":[{"href":"https:\/\/diariodominicano.com\/index.php?rest_route=\/wp\/v2\/posts\/469670","targetHints":{"allow":["GET"]}}],"collection":[{"href":"https:\/\/diariodominicano.com\/index.php?rest_route=\/wp\/v2\/posts"}],"about":[{"href":"https:\/\/diariodominicano.com\/index.php?rest_route=\/wp\/v2\/types\/post"}],"author":[{"embeddable":true,"href":"https:\/\/diariodominicano.com\/index.php?rest_route=\/wp\/v2\/users\/28"}],"replies":[{"embeddable":true,"href":"https:\/\/diariodominicano.com\/index.php?rest_route=%2Fwp%2Fv2%2Fcomments&post=469670"}],"version-history":[{"count":1,"href":"https:\/\/diariodominicano.com\/index.php?rest_route=\/wp\/v2\/posts\/469670\/revisions"}],"predecessor-version":[{"id":469673,"href":"https:\/\/diariodominicano.com\/index.php?rest_route=\/wp\/v2\/posts\/469670\/revisions\/469673"}],"wp:featuredmedia":[{"embeddable":true,"href":"https:\/\/diariodominicano.com\/index.php?rest_route=\/wp\/v2\/media\/469671"}],"wp:attachment":[{"href":"https:\/\/diariodominicano.com\/index.php?rest_route=%2Fwp%2Fv2%2Fmedia&parent=469670"}],"wp:term":[{"taxonomy":"category","embeddable":true,"href":"https:\/\/diariodominicano.com\/index.php?rest_route=%2Fwp%2Fv2%2Fcategories&post=469670"},{"taxonomy":"post_tag","embeddable":true,"href":"https:\/\/diariodominicano.com\/index.php?rest_route=%2Fwp%2Fv2%2Ftags&post=469670"}],"curies":[{"name":"wp","href":"https:\/\/api.w.org\/{rel}","templated":true}]}}