{"id":469631,"date":"2023-09-05T17:13:26","date_gmt":"2023-09-05T21:13:26","guid":{"rendered":"http:\/\/diariodominicano.com\/?p=469631"},"modified":"2023-09-05T17:38:38","modified_gmt":"2023-09-05T21:38:38","slug":"fedoci-prepara-selecciones-pre-juveniles-y-juveniles-para-campeonatos-ciclismo-junior-santo-domingo-2023","status":"publish","type":"post","link":"https:\/\/diariodominicano.com\/?p=469631","title":{"rendered":"FEDOCI prepara selecciones pre-juveniles y juveniles para Campeonatos Ciclismo Junior Santo Domingo 2023"},"content":{"rendered":"\n<p><strong>Parte de los ciclistas pre-juveniles y juveniles que se preparan para participar en los Campeonatos Junior que se realizar\u00e1 del 15 al 17 de este mes. (Foto: Julio Santana)<\/strong><\/p>\n\n\n\n<figure class=\"wp-block-image size-full is-resized\"><img loading=\"lazy\" decoding=\"async\" src=\"https:\/\/diariodominicano.com\/wp-content\/uploads\/2023\/09\/Pre-seleccion-juvenil-3.jpg\" alt=\"\" class=\"wp-image-469635\" width=\"616\" height=\"588\" srcset=\"https:\/\/diariodominicano.com\/wp-content\/uploads\/2023\/09\/Pre-seleccion-juvenil-3.jpg 955w, https:\/\/diariodominicano.com\/wp-content\/uploads\/2023\/09\/Pre-seleccion-juvenil-3-300x287.jpg 300w, https:\/\/diariodominicano.com\/wp-content\/uploads\/2023\/09\/Pre-seleccion-juvenil-3-768x734.jpg 768w, https:\/\/diariodominicano.com\/wp-content\/uploads\/2023\/09\/Pre-seleccion-juvenil-3-816x780.jpg 816w\" sizes=\"auto, (max-width: 616px) 100vw, 616px\" \/><figcaption>  <strong>Parte de los ciclistas pre-juveniles y juveniles que se preparan para participar en los Campeonatos Junior que se realizar\u00e1 del 15 al 17 de este mes. (Foto: Julio Santana)<\/strong> <\/figcaption><\/figure>\n\n\n\n<p>SANTO DOMINGO, Rep\u00fablica Dominicana.- La Federaci\u00f3n Dominicana de Ciclismo (FEDOCI), apoyado por tres reconocidos t\u00e9cnicos criollos, prepara arduamente a un grupo de ciclistas pre-juveniles y juveniles, del cual se escoger\u00e1 la selecci\u00f3n nacional de ambas categor\u00edas que participar\u00e1 en los Campeonatos del Caribe Junior, a disputarse del 15 al 17 de este mes en el Mirador Sur.<\/p>\n\n\n\n<p>As\u00ed lo inform\u00f3 el entrenador francomacorisano Julio Santana al periodista Mart\u00edn Olivo, tras finalizar una de las sesiones de entrenamientos realizadas en la Circunvalaci\u00f3n (s\u00e1bado) y en la Avenida de la Salud (domingo).<\/p>\n\n\n\n<p>Santana dijo que el equipo t\u00e9cnico est\u00e1 integrado por \u00e9l y los hermanos Adderlyn y Wendy Ram\u00f3n Cruz, destacados ciclistas m\u00e1sters y preparadores de Santiago de los Caballeros.<\/p>\n\n\n\n<figure class=\"wp-block-image size-full\"><img loading=\"lazy\" decoding=\"async\" width=\"959\" height=\"945\" src=\"https:\/\/diariodominicano.com\/wp-content\/uploads\/2023\/09\/Pre-seleccion-juvenil-2.jpg\" alt=\"\" class=\"wp-image-469637\" srcset=\"https:\/\/diariodominicano.com\/wp-content\/uploads\/2023\/09\/Pre-seleccion-juvenil-2.jpg 959w, https:\/\/diariodominicano.com\/wp-content\/uploads\/2023\/09\/Pre-seleccion-juvenil-2-300x296.jpg 300w, https:\/\/diariodominicano.com\/wp-content\/uploads\/2023\/09\/Pre-seleccion-juvenil-2-768x757.jpg 768w, https:\/\/diariodominicano.com\/wp-content\/uploads\/2023\/09\/Pre-seleccion-juvenil-2-88x88.jpg 88w, https:\/\/diariodominicano.com\/wp-content\/uploads\/2023\/09\/Pre-seleccion-juvenil-2-816x804.jpg 816w\" sizes=\"auto, (max-width: 959px) 100vw, 959px\" \/><figcaption> <strong>Los aspirantes a formar parte de las selecciones juveniles est\u00e1n muy entusiasmados para participar en los Campeonatos del Caribe Santo Domingo 2023. (Foto: Julio Santana)<\/strong> <\/figcaption><\/figure>\n\n\n\n<p>El presidente del Club Ciclistas del Nordeste JS destac\u00f3 que existe un gran entusiasmo entre los m\u00e1s de 20 noveles pedalistas que integran clubes, equipos y asociaciones nacionales.<\/p>\n\n\n\n<p>\u00abLos hermanos Cruz y un servidor agradecemos la colaboraci\u00f3n que ha suministrado la Federaci\u00f3n Dominicana de Ciclismo para que podamos preparar con todo lo debido a la pre selecci\u00f3n nacional de la cual sacaremos a los mejores representantes del pa\u00eds en las categor\u00edas pre-juvenil y juvenil, hembras y varones\u00bb, sostuvo Santana.<\/p>\n\n\n\n<figure class=\"wp-block-image size-large\"><img loading=\"lazy\" decoding=\"async\" width=\"768\" height=\"1024\" src=\"https:\/\/diariodominicano.com\/wp-content\/uploads\/2023\/09\/Pre-seleccion-4-de-espalda-768x1024.jpg\" alt=\"\" class=\"wp-image-469638\" srcset=\"https:\/\/diariodominicano.com\/wp-content\/uploads\/2023\/09\/Pre-seleccion-4-de-espalda-768x1024.jpg 768w, https:\/\/diariodominicano.com\/wp-content\/uploads\/2023\/09\/Pre-seleccion-4-de-espalda-225x300.jpg 225w, https:\/\/diariodominicano.com\/wp-content\/uploads\/2023\/09\/Pre-seleccion-4-de-espalda-816x1088.jpg 816w, https:\/\/diariodominicano.com\/wp-content\/uploads\/2023\/09\/Pre-seleccion-4-de-espalda.jpg 960w\" sizes=\"auto, (max-width: 768px) 100vw, 768px\" \/><figcaption><strong>Los noveles pedalistas cuando fueron captados de espaldas por la c\u00e1mara de Julio Santana, como queriendo decir que ellos son los pr\u00f3ximos exponentes del ciclismo de ma\u00f1ana.<\/strong><br><\/figcaption><\/figure>\n\n\n\n<p>El t\u00e9cnico francomacorisano hizo un llamado a todos los ciclistas menores de 18 a\u00f1os a que se comuniquen y se acerquen a \u00e9l o a los hermanos Cruz para que formen parte del preseleccionado.<\/p>\n\n\n\n<p>\u00abTodo joven, chica o chico, que tengan menos de 18 a\u00f1os pueden integrarse al grupo, por ello hemos invitado a todos los clubes y equipos nacionales, as\u00ed como a las diversas asociaciones para que nos env\u00eden a sus muchachos\u00bb, resalt\u00f3. (Molivo Press).<\/p>\n\n\n\n<p>Ramonmart\u00edn Olivo<a target=\"_blank\" href=\"mailto:ramonmartinolivo@yahoo.es\" rel=\"noreferrer noopener\">ramonmartinolivo@yahoo.es<\/a><\/p>\n\n\n\n<p><strong><br><\/strong><\/p>\n","protected":false},"excerpt":{"rendered":"<p>Parte de los ciclistas pre-juveniles y juveniles que se preparan para participar en los Campeonatos Junior que se realizar\u00e1 del 15 al 17 de este mes. (Foto: Julio Santana) SANTO DOMINGO, Rep\u00fablica Dominicana.- La Federaci\u00f3n Dominicana de Ciclismo (FEDOCI), apoyado por tres reconocidos t\u00e9cnicos criollos, prepara arduamente a un grupo de ciclistas pre-juveniles y juveniles, [&hellip;]<\/p>\n","protected":false},"author":28,"featured_media":469632,"comment_status":"closed","ping_status":"","sticky":true,"template":"","format":"standard","meta":{"footnotes":""},"categories":[17,27,32],"tags":[],"class_list":["post-469631","post","type-post","status-publish","format-standard","has-post-thumbnail","hentry","category-deportes","category-portada","category-turismo"],"_links":{"self":[{"href":"https:\/\/diariodominicano.com\/index.php?rest_route=\/wp\/v2\/posts\/469631","targetHints":{"allow":["GET"]}}],"collection":[{"href":"https:\/\/diariodominicano.com\/index.php?rest_route=\/wp\/v2\/posts"}],"about":[{"href":"https:\/\/diariodominicano.com\/index.php?rest_route=\/wp\/v2\/types\/post"}],"author":[{"embeddable":true,"href":"https:\/\/diariodominicano.com\/index.php?rest_route=\/wp\/v2\/users\/28"}],"replies":[{"embeddable":true,"href":"https:\/\/diariodominicano.com\/index.php?rest_route=%2Fwp%2Fv2%2Fcomments&post=469631"}],"version-history":[{"count":4,"href":"https:\/\/diariodominicano.com\/index.php?rest_route=\/wp\/v2\/posts\/469631\/revisions"}],"predecessor-version":[{"id":469640,"href":"https:\/\/diariodominicano.com\/index.php?rest_route=\/wp\/v2\/posts\/469631\/revisions\/469640"}],"wp:featuredmedia":[{"embeddable":true,"href":"https:\/\/diariodominicano.com\/index.php?rest_route=\/wp\/v2\/media\/469632"}],"wp:attachment":[{"href":"https:\/\/diariodominicano.com\/index.php?rest_route=%2Fwp%2Fv2%2Fmedia&parent=469631"}],"wp:term":[{"taxonomy":"category","embeddable":true,"href":"https:\/\/diariodominicano.com\/index.php?rest_route=%2Fwp%2Fv2%2Fcategories&post=469631"},{"taxonomy":"post_tag","embeddable":true,"href":"https:\/\/diariodominicano.com\/index.php?rest_route=%2Fwp%2Fv2%2Ftags&post=469631"}],"curies":[{"name":"wp","href":"https:\/\/api.w.org\/{rel}","templated":true}]}}