{"id":469621,"date":"2023-09-05T17:04:11","date_gmt":"2023-09-05T21:04:11","guid":{"rendered":"http:\/\/diariodominicano.com\/?p=469621"},"modified":"2023-09-05T17:39:11","modified_gmt":"2023-09-05T21:39:11","slug":"faltando-dos-fechas-del-campeonato-nacional-de-motocross2023-no-hay-categorias-definidas","status":"publish","type":"post","link":"https:\/\/diariodominicano.com\/?p=469621","title":{"rendered":"Faltando dos fechas del campeonato nacional\u00a0de motocross\u20192023 no hay categor\u00edas definidas"},"content":{"rendered":"\n<p> <strong>Darnell Lantigua (15) al frente en un evento anterior<\/strong> <\/p>\n\n\n\n<p><strong>Por primera vez desde hace varios a\u00f1os, restando dos eventos puntuables, no hay categor\u00edas definidas, ning\u00fan piloto<\/strong> <strong>tiene ventaja suficiente<\/strong><\/p>\n\n\n\n<figure class=\"wp-block-image size-large\"><img loading=\"lazy\" decoding=\"async\" width=\"1024\" height=\"869\" src=\"https:\/\/diariodominicano.com\/wp-content\/uploads\/2023\/09\/2-La-Chiquillada--1024x869.jpg\" alt=\"\" class=\"wp-image-469624\" srcset=\"https:\/\/diariodominicano.com\/wp-content\/uploads\/2023\/09\/2-La-Chiquillada--1024x869.jpg 1024w, https:\/\/diariodominicano.com\/wp-content\/uploads\/2023\/09\/2-La-Chiquillada--300x255.jpg 300w, https:\/\/diariodominicano.com\/wp-content\/uploads\/2023\/09\/2-La-Chiquillada--768x652.jpg 768w, https:\/\/diariodominicano.com\/wp-content\/uploads\/2023\/09\/2-La-Chiquillada--1536x1304.jpg 1536w, https:\/\/diariodominicano.com\/wp-content\/uploads\/2023\/09\/2-La-Chiquillada--2048x1739.jpg 2048w, https:\/\/diariodominicano.com\/wp-content\/uploads\/2023\/09\/2-La-Chiquillada--816x693.jpg 816w\" sizes=\"auto, (max-width: 1024px) 100vw, 1024px\" \/><figcaption> <strong>La valiente chiquillada del motocross en plena batalla<\/strong> <\/figcaption><\/figure>\n\n\n\n<p><strong>MONTE PLATA, Rep\u00fablica Dominicana (05-09-2023).-<\/strong>&nbsp;Luego de 7 competencias puntuables, faltando dos eventos para el final del campeonato nacional de motocross\u20192023, a diferencia de los a\u00f1os m\u00e1s recientes, a\u00fan no hay una categor\u00eda definida que asegure el liderato a ning\u00fan piloto.<\/p>\n\n\n\n<p><strong>R<\/strong>estando dos competencias para el final, hoy, un piloto para asegurar el liderato de su categor\u00eda debe sumar 101 puntos m\u00e1s que sus rivales y hasta el s\u00e9ptimo evento nadie lo ha conseguido, por lo que, el 22 de octubre venidero, en Monte Plata podr\u00edan definirse varias, o ninguna.<\/p>\n\n\n\n<p><strong>As\u00ed est\u00e1n hoy las categor\u00edas del campeonato nacional de motocross\u20192023 y sus diferencias, los pilotos punteros<\/strong> <strong>y los que tienen posibilidades de ser campeones:<\/strong><\/p>\n\n\n\n<figure class=\"wp-block-image size-large\"><img loading=\"lazy\" decoding=\"async\" width=\"1024\" height=\"939\" src=\"https:\/\/diariodominicano.com\/wp-content\/uploads\/2023\/09\/4-Darnell-Lantigua-1024x939.jpg\" alt=\"\" class=\"wp-image-469629\" srcset=\"https:\/\/diariodominicano.com\/wp-content\/uploads\/2023\/09\/4-Darnell-Lantigua-1024x939.jpg 1024w, https:\/\/diariodominicano.com\/wp-content\/uploads\/2023\/09\/4-Darnell-Lantigua-300x275.jpg 300w, https:\/\/diariodominicano.com\/wp-content\/uploads\/2023\/09\/4-Darnell-Lantigua-768x704.jpg 768w, https:\/\/diariodominicano.com\/wp-content\/uploads\/2023\/09\/4-Darnell-Lantigua-1536x1408.jpg 1536w, https:\/\/diariodominicano.com\/wp-content\/uploads\/2023\/09\/4-Darnell-Lantigua-2048x1878.jpg 2048w, https:\/\/diariodominicano.com\/wp-content\/uploads\/2023\/09\/4-Darnell-Lantigua-816x748.jpg 816w\" sizes=\"auto, (max-width: 1024px) 100vw, 1024px\" \/><figcaption> <strong>&nbsp;Darnell Lantigua (15) al frente en un evento anterior<\/strong> <\/figcaption><\/figure>\n\n\n\n<p><strong>MX-1 para Expertos: <\/strong><\/p>\n\n\n\n<p><strong>Darnell Lantigua,&nbsp;<\/strong>es primerocon 277 puntos, el segundo es, Lu\u00eds Martines, con 251, a 26 del l\u00edder y sorprendiendo, Franklin Nogueras, con 219, va a 58 de la punta a pesar de perderse varias competencias y a 32 del segundo, todos tratar\u00e1n de terminar \u201cmontados\u201d, es peligroso perder puntos.<\/p>\n\n\n\n<p><strong>MX-2 para expertos: <\/strong><\/p>\n\n\n\n<p><strong>Lantigua<\/strong>&nbsp;es l\u00edder con, 256, seguido de Mart\u00ednez, con 232, a 44 de la punta y Nogueras, con 214, a 62 del primero, pero a 18 del segundo, as\u00ed como Alejandro Fern\u00e1ndez, con 211, a 65 del l\u00edder, a 21 del segundo y a 3 del tercero.<\/p>\n\n\n\n<p><strong>Pre-Expertos: <\/strong><\/p>\n\n\n\n<p><strong>Primero Walfry de la Rosa<\/strong>, con 325; segundo, Arturo Rodr\u00edguez, con 279, alejado 46 puntos del puntero y tercero, Jowen Castillo, con 244, lejos a 81 del l\u00edder, pero a 25 del segundo.<\/p>\n\n\n\n<p><strong>Master A: <\/strong><\/p>\n\n\n\n<p><strong>Jobel Coronado<\/strong>, es puntero con 332, la m\u00e1s alta puntuaci\u00f3n del muy cerrado evento, ya que El Dengue Ariel Lora, con 321, va a 11 tantos del liderato, el tercero, Ad\u00f3n F\u00e9lix, con 260, aunque va a 70 del primero y a 71 del segundo, con posibilidades num\u00e9ricas, pero, no es peligroso para ellos.<\/p>\n\n\n\n<p><strong>Master B:<\/strong><\/p>\n\n\n\n<p><strong> Primero, Anthony Jim\u00e9nez<\/strong>, con 294, tiene ventaja de 49 puntos sobre el segundo, C\u00e9sar D\u00edaz, con 249 y de 73 ante el tercero, Tirso Mart\u00ed, que suma 221, en desventaja de 28 ante D\u00edaz.<\/p>\n\n\n\n<p><strong>85cc, el primero es el Cubanito de La Vega, Gabriel Alonso II,<\/strong>&nbsp;con 290, (Est\u00e1 lesionado peligrosamente de una pierna, pero se comenta que correr\u00e1 en Monte Plata para sumar tantos, ya averiguaremos y les informaremos, el infantil piloto es muy valiente, otras veces ha sorprendido y corrido con lesiones parecidas), tiene ventaja de 34 sobre el segundo, Mathew Knoblich, quien suma 256 y despega con 58 del tercero, Hermes Rojas, que suma 198.<\/p>\n\n\n\n<p><strong>65cc, Randy Liriano<\/strong>, encabeza con 297, con ventaja de 45 puntos sobre el segundo, \u00c1ngel Lu\u00eds Pe\u00f1a, que tiene 252, en tercero va, Jaydeen D\u00edaz, con 228, quien est\u00e1 a 69 del puntero y a 24 del segundo.<\/p>\n\n\n\n<p><strong>S\u00faper pee wee: <\/strong><\/p>\n\n\n\n<p><strong>El cubanito de La Vega, Gabriel Alonso III<\/strong>, es primero con, 276, aventaja con 29 al segundo, Tyron Reinoso, que suma 247 y con apenas 4 tantos arriba del tercero, Franklin Morillo, que tiene 243, adem\u00e1s va a 33 del puntero, pero, el cuarto, Albert Betances, con 228, est\u00e1 a 15 del tercero, a 19 del segundo y a 48 del l\u00edder.<\/p>\n\n\n\n<p><strong>Pee wee: <\/strong><\/p>\n\n\n\n<p><strong>Encabeza Albert Betances<\/strong>, con 266, apenas a 13 sobre Hamlet Veras, que es segundo con, 253, que aventaja con 30 al tercero, Franklin Morillo, que suma, 223, que va a 43 de la punta.<\/p>\n\n\n\n<figure class=\"wp-block-image size-large\"><img loading=\"lazy\" decoding=\"async\" width=\"1024\" height=\"654\" src=\"https:\/\/diariodominicano.com\/wp-content\/uploads\/2023\/09\/3-Los-Novatos--1024x654.jpg\" alt=\"\" class=\"wp-image-469627\" srcset=\"https:\/\/diariodominicano.com\/wp-content\/uploads\/2023\/09\/3-Los-Novatos--1024x654.jpg 1024w, https:\/\/diariodominicano.com\/wp-content\/uploads\/2023\/09\/3-Los-Novatos--300x191.jpg 300w, https:\/\/diariodominicano.com\/wp-content\/uploads\/2023\/09\/3-Los-Novatos--768x490.jpg 768w, https:\/\/diariodominicano.com\/wp-content\/uploads\/2023\/09\/3-Los-Novatos--1536x980.jpg 1536w, https:\/\/diariodominicano.com\/wp-content\/uploads\/2023\/09\/3-Los-Novatos--2048x1307.jpg 2048w, https:\/\/diariodominicano.com\/wp-content\/uploads\/2023\/09\/3-Los-Novatos--816x521.jpg 816w\" sizes=\"auto, (max-width: 1024px) 100vw, 1024px\" \/><figcaption>Los Novatos<\/figcaption><\/figure>\n\n\n\n<p><strong>Novatos: <\/strong><\/p>\n\n\n\n<p><strong>Bryan Corona<\/strong>, con 294 puntos, es el primero, aventaja con 47 al segundo Seigel Ayala, que tiene 237, quien despega con 21 ante el tercero, Boriel Encarnaci\u00f3n, que suma 216 y va a 74 del puntero.<\/p>\n\n\n\n<p>Oscar Polanco<a target=\"_blank\" href=\"mailto:oscarpolanco.santiagord@gmail.com\" rel=\"noreferrer noopener\">oscarpolanco.santiagord@gmail.com<\/a><\/p>\n\n\n\n<p><\/p>\n","protected":false},"excerpt":{"rendered":"<p>Darnell Lantigua (15) al frente en un evento anterior Por primera vez desde hace varios a\u00f1os, restando dos eventos puntuables, no hay categor\u00edas definidas, ning\u00fan piloto tiene ventaja suficiente MONTE PLATA, Rep\u00fablica Dominicana (05-09-2023).-&nbsp;Luego de 7 competencias puntuables, faltando dos eventos para el final del campeonato nacional de motocross\u20192023, a diferencia de los a\u00f1os m\u00e1s [&hellip;]<\/p>\n","protected":false},"author":28,"featured_media":469622,"comment_status":"closed","ping_status":"","sticky":true,"template":"","format":"standard","meta":{"footnotes":""},"categories":[17,27,32],"tags":[],"class_list":["post-469621","post","type-post","status-publish","format-standard","has-post-thumbnail","hentry","category-deportes","category-portada","category-turismo"],"_links":{"self":[{"href":"https:\/\/diariodominicano.com\/index.php?rest_route=\/wp\/v2\/posts\/469621","targetHints":{"allow":["GET"]}}],"collection":[{"href":"https:\/\/diariodominicano.com\/index.php?rest_route=\/wp\/v2\/posts"}],"about":[{"href":"https:\/\/diariodominicano.com\/index.php?rest_route=\/wp\/v2\/types\/post"}],"author":[{"embeddable":true,"href":"https:\/\/diariodominicano.com\/index.php?rest_route=\/wp\/v2\/users\/28"}],"replies":[{"embeddable":true,"href":"https:\/\/diariodominicano.com\/index.php?rest_route=%2Fwp%2Fv2%2Fcomments&post=469621"}],"version-history":[{"count":5,"href":"https:\/\/diariodominicano.com\/index.php?rest_route=\/wp\/v2\/posts\/469621\/revisions"}],"predecessor-version":[{"id":469644,"href":"https:\/\/diariodominicano.com\/index.php?rest_route=\/wp\/v2\/posts\/469621\/revisions\/469644"}],"wp:featuredmedia":[{"embeddable":true,"href":"https:\/\/diariodominicano.com\/index.php?rest_route=\/wp\/v2\/media\/469622"}],"wp:attachment":[{"href":"https:\/\/diariodominicano.com\/index.php?rest_route=%2Fwp%2Fv2%2Fmedia&parent=469621"}],"wp:term":[{"taxonomy":"category","embeddable":true,"href":"https:\/\/diariodominicano.com\/index.php?rest_route=%2Fwp%2Fv2%2Fcategories&post=469621"},{"taxonomy":"post_tag","embeddable":true,"href":"https:\/\/diariodominicano.com\/index.php?rest_route=%2Fwp%2Fv2%2Ftags&post=469621"}],"curies":[{"name":"wp","href":"https:\/\/api.w.org\/{rel}","templated":true}]}}