{"id":469612,"date":"2023-09-05T16:56:35","date_gmt":"2023-09-05T20:56:35","guid":{"rendered":"http:\/\/diariodominicano.com\/?p=469612"},"modified":"2023-09-05T17:39:54","modified_gmt":"2023-09-05T21:39:54","slug":"celebran-en-la-unphu-el-primer-congreso-internacional-adru-2023-desafios-emergentes-de-la-educacion-superior-en-el-contexto-latinoamericano","status":"publish","type":"post","link":"https:\/\/diariodominicano.com\/?p=469612","title":{"rendered":"Celebran en la UNPHU el Primer Congreso Internacional ADRU 2023. Desaf\u00edos emergentes de la Educaci\u00f3n Superior en el contexto latinoamericano"},"content":{"rendered":"\n<p>  Pbro. Dr. Sergio de la Cruz de los Santos, Dr. Jaime Alberto Leal Afanador, Arq. Miguel Fiallo Calder\u00f3n, Dr. Franklin Garc\u00eda Ferm\u00edn, Lcdo. Jos\u00e9 Alt. Hazim Torres, Dr. Jos\u00e9 Eusebio Consuegra Bol\u00edvar, Dr. Roberto Escalante, e Invitados <\/p>\n\n\n\n<p>La Universidad Nacional Pedro Henr\u00edquez Ure\u00f1a, es sede del Primer Congreso Internacional ADRU 2023. Desaf\u00edos emergentes de la Educaci\u00f3n Superior en el contexto latinoamericano, que tiene como pa\u00eds invitado a Colombia. El evento, de relevancia para la comunidad acad\u00e9mica y las instituciones de Educaci\u00f3n Superior en Latinoam\u00e9rica, se estar\u00e1 realizando del 5 al 7 de septiembre de 2023.<\/p>\n\n\n\n<p>La Asociaci\u00f3n Dominicana de Rectores de Universidades (ADRU), re\u00fane a expertos acad\u00e9micos y profesionales comprometidos con la transformaci\u00f3n y evoluci\u00f3n de la educaci\u00f3n superior en Am\u00e9rica Latina. El Congreso Internacional ADRU 2023, es un espacio fundamental para explorar y discutir los desaf\u00edos que enfrenta la educaci\u00f3n superior en la regi\u00f3n, que se mantiene en constante cambio y desarrollo.<\/p>\n\n\n\n<p>Durante los dos d\u00edas de jornada se estar\u00e1n presentando c\u00e1tedras magistrales, paneles, talleres y conversatorios de renombrados expertos, as\u00ed como mesas redondas interactivas y sesiones de trabajo colaborativo. El congreso tiene como objetivo analizar y discutir los desaf\u00edos emergentes que enfrenta la Educaci\u00f3n Superior en la regi\u00f3n, y busca propiciar un cambio de paradigmas en la sociedad a trav\u00e9s de ideas transformadoras.<\/p>\n\n\n\n<figure class=\"wp-block-image size-large is-resized\"><img loading=\"lazy\" decoding=\"async\" src=\"https:\/\/diariodominicano.com\/wp-content\/uploads\/2023\/09\/Pbro.-Dr.-Sergio-de-la-Cruz-de-los-Santos-1024x576.jpg\" alt=\"\" class=\"wp-image-469616\" width=\"616\" height=\"346\" srcset=\"https:\/\/diariodominicano.com\/wp-content\/uploads\/2023\/09\/Pbro.-Dr.-Sergio-de-la-Cruz-de-los-Santos-1024x576.jpg 1024w, https:\/\/diariodominicano.com\/wp-content\/uploads\/2023\/09\/Pbro.-Dr.-Sergio-de-la-Cruz-de-los-Santos-300x169.jpg 300w, https:\/\/diariodominicano.com\/wp-content\/uploads\/2023\/09\/Pbro.-Dr.-Sergio-de-la-Cruz-de-los-Santos-768x432.jpg 768w, https:\/\/diariodominicano.com\/wp-content\/uploads\/2023\/09\/Pbro.-Dr.-Sergio-de-la-Cruz-de-los-Santos-1536x864.jpg 1536w, https:\/\/diariodominicano.com\/wp-content\/uploads\/2023\/09\/Pbro.-Dr.-Sergio-de-la-Cruz-de-los-Santos-2048x1152.jpg 2048w, https:\/\/diariodominicano.com\/wp-content\/uploads\/2023\/09\/Pbro.-Dr.-Sergio-de-la-Cruz-de-los-Santos-816x459.jpg 816w\" sizes=\"auto, (max-width: 616px) 100vw, 616px\" \/><figcaption>Pbro. Dr. Sergio de la Cruz de los Santos, Dr. Jaime Alberto Leal Afanador, Arq. Miguel Fiallo Calder\u00f3n, Dr. Franklin Garc\u00eda Ferm\u00edn, Lcdo. Jos\u00e9 Alt. Hazim Torres, Dr. Jos\u00e9 Eusebio Consuegra Bol\u00edvar, Dr. Roberto Escalante, e Invitados <\/figcaption><\/figure>\n\n\n\n<p>En el acto de ceremonia estuvieron presentes: como anfitri\u00f3n el Arq. Miguel Fiallo Calder\u00f3n, rector de la UNPHU, quien tuvo a su cargo las palabras de bienvenida; el Dr. Franklin Garc\u00eda Ferm\u00edn, ministro de Educaci\u00f3n Superior, Ciencia y Tecnolog\u00eda, (MESCyT), quien dio las palabras de apertura; y el Maestro Jos\u00e9 Alt. Hazim Torres, rector de la UCE y presidente de la Asociaci\u00f3n Dominicana de Rectores de Universidades, (ADRU), estuvo a cargo de las salutaciones a los invitados. Tambi\u00e9n estuvieron como invitados internacionales, el Dr. Jos\u00e9 Eusebio Consuegra Bol\u00edvar, presidente de la Asociaci\u00f3n Colombiana de Universidades (ASCUN); el Dr. Roberto Escalante, secretario de la Uni\u00f3n de Universidades de Am\u00e9rica Latina y el Caribe (UDUALC), y el Dr. Jaime Alberto Leal Afanador, Presidente de la Asociaci\u00f3n Iberoamericana de Educaci\u00f3n Superior a Distancia, AIESAD. rector UNAD.<\/p>\n\n\n\n<p><strong>Sobre la ADRU<\/strong><\/p>\n\n\n\n<p>La ADRU es una organizaci\u00f3n con 41 a\u00f1os de historia, que aglutina 24 universidades de las m\u00e1s importantes y prestigiosas del pa\u00eds, representando m\u00e1s del 85% de la poblaci\u00f3n estudiantil y alrededor de un 72% de los profesores de las Instituciones de Educaci\u00f3n Superior de la Rep\u00fablica Dominicana. Fue fundada el 18 de agosto de 1980 como asociaci\u00f3n sin fines de lucro, integrada por universidades dominicanas estatales y privadas reconocidas por las leyes vigentes, y su personer\u00eda jur\u00eddica le fue otorgada mediante el Decreto No. 2548 de fecha 3 de julio de 1981.<\/p>\n\n\n\n<p>La ADRU tiene como misi\u00f3n promover la calidad del sistema de Educaci\u00f3n Superior y el fortalecimiento de sus instituciones, para potenciar, mediante la generaci\u00f3n y aplicaci\u00f3n del conocimiento, el desarrollo sostenible de la sociedad dominicana. Su visi\u00f3n es ser la principal organizaci\u00f3n de acci\u00f3n conjunta y cooperaci\u00f3n interuniversitaria de la Rep\u00fablica Dominicana.<\/p>\n\n\n\n<p><\/p>\n\n\n\n<p>Yajaira Soriano Victoriano<a target=\"_blank\" href=\"mailto:ysoriano@unphu.edu.do\" rel=\"noreferrer noopener\">ysoriano@unphu.edu.do<\/a><\/p>\n\n\n\n<p>Yajaira Soriano \/ Gerente de Relaciones P\u00fablicas y Marketing<\/p>\n","protected":false},"excerpt":{"rendered":"<p>Pbro. Dr. Sergio de la Cruz de los Santos, Dr. Jaime Alberto Leal Afanador, Arq. Miguel Fiallo Calder\u00f3n, Dr. Franklin Garc\u00eda Ferm\u00edn, Lcdo. Jos\u00e9 Alt. Hazim Torres, Dr. Jos\u00e9 Eusebio Consuegra Bol\u00edvar, Dr. Roberto Escalante, e Invitados La Universidad Nacional Pedro Henr\u00edquez Ure\u00f1a, es sede del Primer Congreso Internacional ADRU 2023. Desaf\u00edos emergentes de la [&hellip;]<\/p>\n","protected":false},"author":28,"featured_media":469613,"comment_status":"closed","ping_status":"","sticky":true,"template":"","format":"standard","meta":{"footnotes":""},"categories":[36,20,27,32],"tags":[],"class_list":["post-469612","post","type-post","status-publish","format-standard","has-post-thumbnail","hentry","category-hombresmujeresycosas","category-dominicana-hoy","category-portada","category-turismo"],"_links":{"self":[{"href":"https:\/\/diariodominicano.com\/index.php?rest_route=\/wp\/v2\/posts\/469612","targetHints":{"allow":["GET"]}}],"collection":[{"href":"https:\/\/diariodominicano.com\/index.php?rest_route=\/wp\/v2\/posts"}],"about":[{"href":"https:\/\/diariodominicano.com\/index.php?rest_route=\/wp\/v2\/types\/post"}],"author":[{"embeddable":true,"href":"https:\/\/diariodominicano.com\/index.php?rest_route=\/wp\/v2\/users\/28"}],"replies":[{"embeddable":true,"href":"https:\/\/diariodominicano.com\/index.php?rest_route=%2Fwp%2Fv2%2Fcomments&post=469612"}],"version-history":[{"count":5,"href":"https:\/\/diariodominicano.com\/index.php?rest_route=\/wp\/v2\/posts\/469612\/revisions"}],"predecessor-version":[{"id":469620,"href":"https:\/\/diariodominicano.com\/index.php?rest_route=\/wp\/v2\/posts\/469612\/revisions\/469620"}],"wp:featuredmedia":[{"embeddable":true,"href":"https:\/\/diariodominicano.com\/index.php?rest_route=\/wp\/v2\/media\/469613"}],"wp:attachment":[{"href":"https:\/\/diariodominicano.com\/index.php?rest_route=%2Fwp%2Fv2%2Fmedia&parent=469612"}],"wp:term":[{"taxonomy":"category","embeddable":true,"href":"https:\/\/diariodominicano.com\/index.php?rest_route=%2Fwp%2Fv2%2Fcategories&post=469612"},{"taxonomy":"post_tag","embeddable":true,"href":"https:\/\/diariodominicano.com\/index.php?rest_route=%2Fwp%2Fv2%2Ftags&post=469612"}],"curies":[{"name":"wp","href":"https:\/\/api.w.org\/{rel}","templated":true}]}}