{"id":469549,"date":"2023-09-05T13:16:08","date_gmt":"2023-09-05T17:16:08","guid":{"rendered":"http:\/\/diariodominicano.com\/?p=469549"},"modified":"2023-09-05T16:37:38","modified_gmt":"2023-09-05T20:37:38","slug":"buscan-convertir-escuela-serrania-en-instituto-especializado-de-estudios-superiores-de-gastronomia-y-hoteleria","status":"publish","type":"post","link":"https:\/\/diariodominicano.com\/?p=469549","title":{"rendered":"Buscan convertir Escuela Serran\u00eda en Instituto Especializado de Estudios Superiores de Gastronom\u00eda y Hoteler\u00eda"},"content":{"rendered":"\n<p>Isabel Pichardo directora de la escuela junto a las graduadas.<\/p>\n\n\n\n<figure class=\"wp-block-image size-full\"><img loading=\"lazy\" decoding=\"async\" width=\"720\" height=\"480\" src=\"https:\/\/diariodominicano.com\/wp-content\/uploads\/2023\/09\/Gaduacion-Serrania.jpg\" alt=\"\" class=\"wp-image-469554\" srcset=\"https:\/\/diariodominicano.com\/wp-content\/uploads\/2023\/09\/Gaduacion-Serrania.jpg 720w, https:\/\/diariodominicano.com\/wp-content\/uploads\/2023\/09\/Gaduacion-Serrania-300x200.jpg 300w\" sizes=\"auto, (max-width: 720px) 100vw, 720px\" \/><figcaption>El acto de graduaci\u00f3n<\/figcaption><\/figure>\n\n\n\n<p><strong>BANI, Peravia.-<\/strong>La directora de la Escuela&nbsp; Serran\u00eda anunci\u00f3 que gestiona ante el Ministerio de Educaci\u00f3n Superior, Ciencia y Tecnolog\u00eda (MESCyT) su conversi\u00f3n en Instituto Especializado de Estudios Superiores de Gastronom\u00eda y Hoteler\u00eda.<\/p>\n\n\n\n<p>El anuncio lo hizo Maribel Pichardo durante la 13va. Graduaci\u00f3n de ese centro de formaci\u00f3n, donde inform\u00f3 que se permitir\u00e1 estudiar a personas de ambos sexos, de cualquier edad y condici\u00f3n social y econ\u00f3mica.<\/p>\n\n\n\n<p>Pichardo manifest\u00f3 que est\u00e1n a la espera de la aprobaci\u00f3n por el MESCyT de la solicitud para convertirse en Instituto Especializado de Estudios Superiores de Gastronom\u00eda y Hoteler\u00eda, \u201cllevamos muchos a\u00f1os so\u00f1ando con esa posibilidad\u201d.<\/p>\n\n\n\n<p>La directora de Serran\u00eda encabez\u00f3 la 13va. Graduaci\u00f3n del centro de formaci\u00f3n, en la que 11 estudiantes concluyeron sus estudios y pr\u00e1cticas de gastronom\u00eda y hoteler\u00eda, al obtener cuatro t\u00edtulos t\u00e9cnicos, a trav\u00e9s del Instituto de Formaci\u00f3n T\u00e9cnico Profesional (Infotep).<\/p>\n\n\n\n<figure class=\"wp-block-image size-full\"><img loading=\"lazy\" decoding=\"async\" width=\"493\" height=\"458\" src=\"https:\/\/diariodominicano.com\/wp-content\/uploads\/2023\/09\/Licenciada-Milka-Hernandez-oradora-del-evento.png\" alt=\"\" class=\"wp-image-469552\" srcset=\"https:\/\/diariodominicano.com\/wp-content\/uploads\/2023\/09\/Licenciada-Milka-Hernandez-oradora-del-evento.png 493w, https:\/\/diariodominicano.com\/wp-content\/uploads\/2023\/09\/Licenciada-Milka-Hernandez-oradora-del-evento-300x279.png 300w\" sizes=\"auto, (max-width: 493px) 100vw, 493px\" \/><figcaption>Licenciada Milka Hern\u00e1ndez oradora del evento<\/figcaption><\/figure>\n\n\n\n<p>Las estudiantes, de diferentes lugares del pa\u00eds, obtuvieron los t\u00edtulos de T\u00e9cnico en Gastronom\u00eda, en Panader\u00eda y Reposter\u00eda; en Recepci\u00f3n Hotelera y Servicios de Restaurantes, y en Ama de Llaves y Servicios, inform\u00f3 Maribel Pichardo.<\/p>\n\n\n\n<p>Indic\u00f3 que las graduadas iniciar\u00e1n una pasant\u00eda de ocho semanas en hoteles y restaurantes de diferentes partes de la Rep\u00fablica Dominicana, para posteriormente ser contratadas e insertarse en el mercado laboral.<\/p>\n\n\n\n<p>Las nuevas t\u00e9cnicas en gastronom\u00eda y hoteler\u00eda&nbsp; son originarias de las ciudades de Ban\u00ed, Santo Domingo, Yamas\u00e1, San Crist\u00f3bal, Constanza, Jarabacoa y La Romana.<\/p>\n\n\n\n<p>La directora de Serran\u00eda, Maribel Pichardo, al hablar en el acto mostr\u00f3 su alegr\u00eda por \u201cculminar un periodo de formaci\u00f3n de un nuevo grupo de estudiantes y lanzar al mercado laboral nuevos profesionales\u201d.<\/p>\n\n\n\n<p>Dijo que la graduaci\u00f3n se enmarca dentro de la celebraci\u00f3n del 15 aniversario de Serran\u00eda, proyecto que inici\u00f3 en a\u00f1o 2008, con el objetivo de dar oportunidad para capacitarse en hoteler\u00eda y gastronom\u00eda a&nbsp; dominicanas de todos los rincones del pa\u00eds.<\/p>\n\n\n\n<p>Durante 15 a\u00f1os, inform\u00f3 Pichardo, Serran\u00eda ha graduado alumnas de Bonao, Cotu\u00ed, Constanza, Cevicos, La Vega, La Romana, Mao, Santiago, San Jos\u00e9 de las Matas, Saman\u00e1, San Juan de la Maguana, Maim\u00f3n, Santo Domingo, San Crist\u00f3bal y Yamas\u00e1, entre otros. Infotep ha otorgado m\u00e1s de 800 t\u00edtulos t\u00e9cnicos a alumnas de Serran\u00eda.<\/p>\n\n\n\n<p>\u201cTodas las egresadas de Serran\u00eda salen con propuestas de trabajo, algunas de ellas, por su val\u00eda y su esfuerzo personal, ya est\u00e1n ocupando puestos relevantes en prestigiosos hoteles y restaurantes del pa\u00eds\u201d, inform\u00f3.<\/p>\n\n\n\n<p>\u201cAprovecho este momento para expresar mi m\u00e1s profundo agradecimiento a todas las empresas, instituciones y personas particulares que nos ayudan a sacar&nbsp; adelante Serran\u00eda. Por la colaboraci\u00f3n de todos se mantiene este proyecto\u201d, puntualiz\u00f3.<\/p>\n\n\n\n<p><strong>Sobre Serran\u00eda<\/strong><\/p>\n\n\n\n<p>La Escuela T\u00e9cnica Hotelera Serran\u00eda es una entidad sin fines de lucro dedicada, desde el a\u00f1o 2008, a la formaci\u00f3n integral de j\u00f3venes y adultos en el \u00e1mbito de la gastronom\u00eda y la hoteler\u00eda, con el objetivo de contribuir al fortalecimiento del sector tur\u00edstico y al desarrollo socioecon\u00f3mico del pa\u00eds. La escuela ofrece programas t\u00e9cnicos, cursos cortos y talleres especializados en diferentes \u00e1reas relacionadas con la cocina, la pasteler\u00eda, el servicio al cliente, la administraci\u00f3n hotelera y el idioma ingl\u00e9s.<\/p>\n\n\n\n<p>Ubicada en Jarabacoa, Serran\u00eda fue creada y gestionada por la Iniciativa de Educaci\u00f3n Superior y Complementaria (INDESCO), impactando a m\u00e1s 3869 beneficiarias directas. Este a\u00f1o 2023 la escuela pas\u00f3 a ser gestionada por la Asociaci\u00f3n Dominicana para Estudios de Gastronom\u00eda y Hoteler\u00eda (ADEGH), para facilitar el crecimiento y desarrollo del proyecto.<\/p>\n\n\n\n<p>&#8212;<\/p>\n\n\n\n<p><strong>Lisandra Bello<\/strong><\/p>\n\n\n\n<p><a href=\"mailto:annay@cicom.do\" target=\"_blank\" rel=\"noreferrer noopener\">lisandra@cicom.do<\/a><\/p>\n\n\n\n<figure class=\"wp-block-image\"><img decoding=\"async\" src=\"https:\/\/ci3.googleusercontent.com\/mail-sig\/AIorK4zWACcv-Ybi62wCUn9SJNkpFnehfifYTDV4c8ZNJpIoOJDwH-_BEJviejgqxMEl9c3_Gvf6sak\" alt=\"\"\/><\/figure>\n","protected":false},"excerpt":{"rendered":"<p>Isabel Pichardo directora de la escuela junto a las graduadas. BANI, Peravia.-La directora de la Escuela&nbsp; Serran\u00eda anunci\u00f3 que gestiona ante el Ministerio de Educaci\u00f3n Superior, Ciencia y Tecnolog\u00eda (MESCyT) su conversi\u00f3n en Instituto Especializado de Estudios Superiores de Gastronom\u00eda y Hoteler\u00eda. El anuncio lo hizo Maribel Pichardo durante la 13va. Graduaci\u00f3n de ese centro [&hellip;]<\/p>\n","protected":false},"author":28,"featured_media":469550,"comment_status":"closed","ping_status":"","sticky":true,"template":"","format":"standard","meta":{"footnotes":""},"categories":[36,18,27,32],"tags":[],"class_list":["post-469549","post","type-post","status-publish","format-standard","has-post-thumbnail","hentry","category-hombresmujeresycosas","category-economia","category-portada","category-turismo"],"_links":{"self":[{"href":"https:\/\/diariodominicano.com\/index.php?rest_route=\/wp\/v2\/posts\/469549","targetHints":{"allow":["GET"]}}],"collection":[{"href":"https:\/\/diariodominicano.com\/index.php?rest_route=\/wp\/v2\/posts"}],"about":[{"href":"https:\/\/diariodominicano.com\/index.php?rest_route=\/wp\/v2\/types\/post"}],"author":[{"embeddable":true,"href":"https:\/\/diariodominicano.com\/index.php?rest_route=\/wp\/v2\/users\/28"}],"replies":[{"embeddable":true,"href":"https:\/\/diariodominicano.com\/index.php?rest_route=%2Fwp%2Fv2%2Fcomments&post=469549"}],"version-history":[{"count":4,"href":"https:\/\/diariodominicano.com\/index.php?rest_route=\/wp\/v2\/posts\/469549\/revisions"}],"predecessor-version":[{"id":469557,"href":"https:\/\/diariodominicano.com\/index.php?rest_route=\/wp\/v2\/posts\/469549\/revisions\/469557"}],"wp:featuredmedia":[{"embeddable":true,"href":"https:\/\/diariodominicano.com\/index.php?rest_route=\/wp\/v2\/media\/469550"}],"wp:attachment":[{"href":"https:\/\/diariodominicano.com\/index.php?rest_route=%2Fwp%2Fv2%2Fmedia&parent=469549"}],"wp:term":[{"taxonomy":"category","embeddable":true,"href":"https:\/\/diariodominicano.com\/index.php?rest_route=%2Fwp%2Fv2%2Fcategories&post=469549"},{"taxonomy":"post_tag","embeddable":true,"href":"https:\/\/diariodominicano.com\/index.php?rest_route=%2Fwp%2Fv2%2Ftags&post=469549"}],"curies":[{"name":"wp","href":"https:\/\/api.w.org\/{rel}","templated":true}]}}