{"id":469534,"date":"2023-09-05T11:09:24","date_gmt":"2023-09-05T15:09:24","guid":{"rendered":"http:\/\/diariodominicano.com\/?p=469534"},"modified":"2023-09-05T11:09:24","modified_gmt":"2023-09-05T15:09:24","slug":"bid-convoca-a-una-mayor-colaboracion-con-bancos-publicos-de-desarrollo-para-movilizar-recursos-hacia-los-ods-y-el-cambio-climatico","status":"publish","type":"post","link":"https:\/\/diariodominicano.com\/?p=469534","title":{"rendered":"BID convoca a una mayor colaboraci\u00f3n con bancos p\u00fablicos de desarrollo para movilizar recursos hacia los ODS y el cambio clim\u00e1tico"},"content":{"rendered":"\n<p> La edici\u00f3n de este a\u00f1o es organizada por el Banco de Desarrollo Empresarial de Colombia (Banc\u00f3ldex), el BID, la Asociaci\u00f3n Latinoamericana de Instituciones Financieras de Desarrollo (ALIDE) y CAF &#8211; Banco de Desarrollo de Am\u00e9rica Latina y el Caribe. Tambi\u00e9n cuenta con el apoyo de la Secretar\u00eda General de la FiCS, la Agencia Francesa de Desarrollo (AFD), el Banco Europeo de Inversiones (BEI) y la Federaci\u00f3n Mundial de Instituciones Financieras de Desarrollo (FMDI). <\/p>\n\n\n\n<p>CARTAGENA, Colombia \u2013 El presidente del Banco Interamericano de Desarrollo, Ilan Goldfajn, convoc\u00f3 durante la Cumbre de Finanzas en Com\u00fan (FiCS) a una mayor colaboraci\u00f3n entre los bancos multilaterales de desarrollo y los bancos p\u00fablicos de desarrollo para movilizar m\u00e1s recursos hacia el logro de los Objetivos de Desarrollo Sostenible y hacer frente al cambio clim\u00e1tico.<\/p>\n\n\n\n<p>Goldfajn destac\u00f3 que las alianzas entre estas instituciones son clave para mejorar la arquitectura mundial de financiamiento para el desarrollo, porque tienen un inmenso poder financiero. Los Bancos Multilaterales de Desarrollo (BMD) pueden ayudar a los Bancos P\u00fablicos de Desarrollo (BPD) a alinear sus actividades con los objetivos de desarrollo sostenible y promover la innovaci\u00f3n financiera, lo que podr\u00eda impulsar un cambio positivo a una escala sin precedentes. Una de las principales ventajas de los BPDs es su capilaridad: la capacidad de llegar hasta el \u00faltimo rinc\u00f3n y contar con la experiencia local necesaria para obtener resultados a medida.<\/p>\n\n\n\n<p>\u201cLas grandes fortalezas de los bancos p\u00fablicos de desarrollo incluyen llenar los vac\u00edos del mercado financiando proyectos que pueden tener un gran impacto econ\u00f3mico y social, pero no cumplen con los criterios de los inversores privados. Tambi\u00e9n tienen el poder de atraer a esos inversores con instrumentos para mitigar los riesgos. Ahora debemos desarrollar a\u00fan m\u00e1s nuestras fortalezas institucionales y unirnos m\u00e1s que nunca para movilizar y canalizar recursos hacia las \u00e1reas que m\u00e1s los necesitan\u201d, dijo Goldfajn.<\/p>\n\n\n\n<p>Por cuarto a\u00f1o consecutivo, m\u00e1s de 500 Bancos P\u00fablicos de Desarrollo (BPD) se re\u00fanen en la cumbre para fortalecer la coordinaci\u00f3n y la cooperaci\u00f3n entre ellos y con los gobiernos, las organizaciones internacionales, el sector privado y la sociedad civil para promover el desarrollo sostenible y alinear los flujos financieros con la Agenda 2030 y el Acuerdo de Par\u00eds.<\/p>\n\n\n\n<p>Durante la cumbre de tres d\u00edas que comenz\u00f3 hoy, los l\u00edderes de los bancos p\u00fablicos de desarrollo y de los bancos multilaterales de desarrollo abordar\u00e1n el papel de estas instituciones en el sistema financiero internacional y c\u00f3mo avanzar en la construcci\u00f3n de una agenda y una estrategia comunes de financiamiento para el desarrollo en una coyuntura de desaf\u00edos que exigen acciones urgentes.<\/p>\n\n\n\n<p>Goldfajn afirm\u00f3 que los mecanismos financieros innovadores ser\u00e1n esenciales para abordar desaf\u00edos complejos como el cambio clim\u00e1tico, la pobreza y la desigualdad, y subray\u00f3 que gran parte de esa innovaci\u00f3n proceder\u00e1 de la combinaci\u00f3n de los instrumentos ofrecidos por los bancos multilaterales y otras instituciones financieras de desarrollo y de nuevas alianzas para ganar en escala y efectividad, a trav\u00e9s de un mejor uso de las sinergias y el conocimiento.<\/p>\n\n\n\n<p>Seg\u00fan Goldfajn, esta cumbre se ha convertido en una plataforma \u00fanica para que la comunidad de financiamiento para el desarrollo establezca nuevas alianzas y encuentre nuevas formas de alinearse en torno a los grandes desaf\u00edos y coordinar su trabajo conjunto para aumentar la escalabilidad y efectividad de sus intervenciones.<\/p>\n\n\n\n<p>La cumbre se celebra por primera vez en Am\u00e9rica Latina y el Caribe, llamando la atenci\u00f3n sobre las importantes brechas de financiamiento que enfrenta la regi\u00f3n en \u00e1reas como la inclusi\u00f3n financiera de las PYME y las poblaciones vulnerables, el clima y la biodiversidad, y la infraestructura sostenible. Tambi\u00e9n llama la atenci\u00f3n sobre c\u00f3mo los desaf\u00edos \u00fanicos de Am\u00e9rica Latina han impulsado a la regi\u00f3n a buscar instrumentos y soluciones financieras innovadoras de la mano de los bancos multilaterales de desarrollo que puedan ser escalables y replicadas en otras partes del mundo.<\/p>\n\n\n\n<p>La edici\u00f3n de este a\u00f1o es organizada por el Banco de Desarrollo Empresarial de Colombia (Banc\u00f3ldex), el BID, la Asociaci\u00f3n Latinoamericana de Instituciones Financieras de Desarrollo (ALIDE) y CAF &#8211; Banco de Desarrollo de Am\u00e9rica Latina y el Caribe. Tambi\u00e9n cuenta con el apoyo de la Secretar\u00eda General de la FiCS, la Agencia Francesa de Desarrollo (AFD), el Banco Europeo de Inversiones (BEI) y la Federaci\u00f3n Mundial de Instituciones Financieras de Desarrollo (FMDI).<\/p>\n\n\n\n<p>Acerca del Grupo BID&nbsp;<\/p>\n\n\n\n<p>El Grupo BID es la principal fuente de financiamiento para el desarrollo de Am\u00e9rica Latina y el Caribe. El Grupo ayuda a mejorar vidas al brindar soluciones financieras y conocimientos sobre el desarrollo a clientes, tanto del sector p\u00fablico, como del privado. El Grupo est\u00e1 compuesto por el BID, que ha trabajado con gobiernos por m\u00e1s de 60 a\u00f1os; BID Invest, que colabora con el sector privado; y BID Lab, que experimenta formas innovadoras de impulsar un crecimiento m\u00e1s inclusivo. Accede a nuestro tour virtual.<\/p>\n\n\n\n<p>Reinoso Nunez, Patricia<a target=\"_blank\" href=\"mailto:PATRICIAREI@iadb.org\" rel=\"noreferrer noopener\">PATRICIAREI@iadb.org<\/a><\/p>\n","protected":false},"excerpt":{"rendered":"<p>La edici\u00f3n de este a\u00f1o es organizada por el Banco de Desarrollo Empresarial de Colombia (Banc\u00f3ldex), el BID, la Asociaci\u00f3n Latinoamericana de Instituciones Financieras de Desarrollo (ALIDE) y CAF &#8211; Banco de Desarrollo de Am\u00e9rica Latina y el Caribe. Tambi\u00e9n cuenta con el apoyo de la Secretar\u00eda General de la FiCS, la Agencia Francesa de [&hellip;]<\/p>\n","protected":false},"author":28,"featured_media":469535,"comment_status":"closed","ping_status":"","sticky":true,"template":"","format":"standard","meta":{"footnotes":""},"categories":[36,18,23,27,32],"tags":[],"class_list":["post-469534","post","type-post","status-publish","format-standard","has-post-thumbnail","hentry","category-hombresmujeresycosas","category-economia","category-internacional","category-portada","category-turismo"],"_links":{"self":[{"href":"https:\/\/diariodominicano.com\/index.php?rest_route=\/wp\/v2\/posts\/469534","targetHints":{"allow":["GET"]}}],"collection":[{"href":"https:\/\/diariodominicano.com\/index.php?rest_route=\/wp\/v2\/posts"}],"about":[{"href":"https:\/\/diariodominicano.com\/index.php?rest_route=\/wp\/v2\/types\/post"}],"author":[{"embeddable":true,"href":"https:\/\/diariodominicano.com\/index.php?rest_route=\/wp\/v2\/users\/28"}],"replies":[{"embeddable":true,"href":"https:\/\/diariodominicano.com\/index.php?rest_route=%2Fwp%2Fv2%2Fcomments&post=469534"}],"version-history":[{"count":1,"href":"https:\/\/diariodominicano.com\/index.php?rest_route=\/wp\/v2\/posts\/469534\/revisions"}],"predecessor-version":[{"id":469536,"href":"https:\/\/diariodominicano.com\/index.php?rest_route=\/wp\/v2\/posts\/469534\/revisions\/469536"}],"wp:featuredmedia":[{"embeddable":true,"href":"https:\/\/diariodominicano.com\/index.php?rest_route=\/wp\/v2\/media\/469535"}],"wp:attachment":[{"href":"https:\/\/diariodominicano.com\/index.php?rest_route=%2Fwp%2Fv2%2Fmedia&parent=469534"}],"wp:term":[{"taxonomy":"category","embeddable":true,"href":"https:\/\/diariodominicano.com\/index.php?rest_route=%2Fwp%2Fv2%2Fcategories&post=469534"},{"taxonomy":"post_tag","embeddable":true,"href":"https:\/\/diariodominicano.com\/index.php?rest_route=%2Fwp%2Fv2%2Ftags&post=469534"}],"curies":[{"name":"wp","href":"https:\/\/api.w.org\/{rel}","templated":true}]}}