{"id":469531,"date":"2023-09-05T11:01:09","date_gmt":"2023-09-05T15:01:09","guid":{"rendered":"http:\/\/diariodominicano.com\/?p=469531"},"modified":"2023-09-05T11:01:09","modified_gmt":"2023-09-05T15:01:09","slug":"young-miko-llega-a-republica-dominicana-por-primera-vez-en-su-trap-kitty-world-tour","status":"publish","type":"post","link":"https:\/\/diariodominicano.com\/?p=469531","title":{"rendered":"Young Miko llega a Rep\u00fablica Dominicana por primera vez en su \u00abTrap Kitty World Tour\u00bb"},"content":{"rendered":"\n<p> Young Miko <\/p>\n\n\n\n<p>La estrella en ascenso del mundo de la m\u00fasica urbana, Young Miko, se presentar\u00e1 por primera vez en el pa\u00eds el pr\u00f3ximo 7 de octubre.&nbsp;<\/p>\n\n\n\n<p>Este evento forma parte de su aclamada gira \u00abTrap Kitty World Tour\u00bb y tendr\u00e1 lugar en el Pabell\u00f3n de Voleibol del Centro Ol\u00edmpico. El espect\u00e1culo est\u00e1 producido por Gamal Hach\u00e9.<\/p>\n\n\n\n<p>Con temas populares como \u00abLisa\u00bb, \u00abID\u00bb, \u00ab8 AM\u00bb, \u00abBrinca\u00bb y \u00abRiri\u00bb, la artista puertorrique\u00f1a est\u00e1 lista para conquistar al p\u00fablico dominicano con su talento y carisma.<\/p>\n\n\n\n<p>\u00abEstoy muy contenta de poder venir a un pa\u00eds que he admirado desde muy peque\u00f1a\u00bb, expres\u00f3 Young Miko. La artista cuenta con una base de fans s\u00f3lida y entusiasta en el pa\u00eds y est\u00e1 emocionada de, por fin, poder compartir su m\u00fasica en vivo con ellos.<\/p>\n\n\n\n<p>Gamal Hach\u00e9, el productor del evento, anunci\u00f3 que la preventa de boletos comenzar\u00e1 este mi\u00e9rcoles 6 de septiembre para los clientes de Banreservas, a partir de las 10:00 a.m. en Uepa Tickets y durar\u00e1 48 horas o hasta agotar existencias. La venta al p\u00fablico en general estar\u00e1 disponible a partir del viernes 8 de septiembre.<\/p>\n\n\n\n<p>Actualmente, Young Miko acompa\u00f1a a Karol G en una serie de espect\u00e1culos en Estados Unidos. La gira las llevar\u00e1 a escenarios emblem\u00e1ticos como el Rose Bowl en Los \u00c1ngeles, el NRG Stadium en Houston y el MetLife Stadium en East Rutherford, entre otros.<\/p>\n\n\n\n<p>En marzo pasado, Young Miko fue la artista invitada en el concierto de Karol G en el Estadio Hiram Bithorn de San Juan, Puerto Rico. Durante esta actuaci\u00f3n, ambas artistas unieron sus voces para interpretar el exitoso tema \u00abRiri\u00bb.<\/p>\n\n\n\n<p>Young Miko se prepara para expandir su alcance musical a otros pa\u00edses de Latinoam\u00e9rica, incluyendo actuaciones en M\u00e9xico, Colombia y Argentina, despu\u00e9s de haber completado 15 fechas en Espa\u00f1a.<\/p>\n\n\n\n<p>Este evento es patrocinado por Banreservas, Cerveza The One y Chivas Regal.<\/p>\n\n\n\n<p>Hector Romero<a target=\"_blank\" href=\"mailto:hferom@dparranda.net\" rel=\"noreferrer noopener\">hferom@dparranda.net<\/a><\/p>\n","protected":false},"excerpt":{"rendered":"<p>Young Miko La estrella en ascenso del mundo de la m\u00fasica urbana, Young Miko, se presentar\u00e1 por primera vez en el pa\u00eds el pr\u00f3ximo 7 de octubre.&nbsp; Este evento forma parte de su aclamada gira \u00abTrap Kitty World Tour\u00bb y tendr\u00e1 lugar en el Pabell\u00f3n de Voleibol del Centro Ol\u00edmpico. El espect\u00e1culo est\u00e1 producido por [&hellip;]<\/p>\n","protected":false},"author":28,"featured_media":469532,"comment_status":"closed","ping_status":"","sticky":true,"template":"","format":"standard","meta":{"footnotes":""},"categories":[36,25,27,32],"tags":[],"class_list":["post-469531","post","type-post","status-publish","format-standard","has-post-thumbnail","hentry","category-hombresmujeresycosas","category-gente","category-portada","category-turismo"],"_links":{"self":[{"href":"https:\/\/diariodominicano.com\/index.php?rest_route=\/wp\/v2\/posts\/469531","targetHints":{"allow":["GET"]}}],"collection":[{"href":"https:\/\/diariodominicano.com\/index.php?rest_route=\/wp\/v2\/posts"}],"about":[{"href":"https:\/\/diariodominicano.com\/index.php?rest_route=\/wp\/v2\/types\/post"}],"author":[{"embeddable":true,"href":"https:\/\/diariodominicano.com\/index.php?rest_route=\/wp\/v2\/users\/28"}],"replies":[{"embeddable":true,"href":"https:\/\/diariodominicano.com\/index.php?rest_route=%2Fwp%2Fv2%2Fcomments&post=469531"}],"version-history":[{"count":1,"href":"https:\/\/diariodominicano.com\/index.php?rest_route=\/wp\/v2\/posts\/469531\/revisions"}],"predecessor-version":[{"id":469533,"href":"https:\/\/diariodominicano.com\/index.php?rest_route=\/wp\/v2\/posts\/469531\/revisions\/469533"}],"wp:featuredmedia":[{"embeddable":true,"href":"https:\/\/diariodominicano.com\/index.php?rest_route=\/wp\/v2\/media\/469532"}],"wp:attachment":[{"href":"https:\/\/diariodominicano.com\/index.php?rest_route=%2Fwp%2Fv2%2Fmedia&parent=469531"}],"wp:term":[{"taxonomy":"category","embeddable":true,"href":"https:\/\/diariodominicano.com\/index.php?rest_route=%2Fwp%2Fv2%2Fcategories&post=469531"},{"taxonomy":"post_tag","embeddable":true,"href":"https:\/\/diariodominicano.com\/index.php?rest_route=%2Fwp%2Fv2%2Ftags&post=469531"}],"curies":[{"name":"wp","href":"https:\/\/api.w.org\/{rel}","templated":true}]}}